{"id":363893,"date":"2020-03-29T11:23:09","date_gmt":"2020-03-29T09:23:09","guid":{"rendered":"https:\/\/hashtag.al\/?p=363893"},"modified":"2020-03-29T11:23:09","modified_gmt":"2020-03-29T09:23:09","slug":"shkon-ne-84-numri-i-te-infektuarve-ne-malin-e-zi","status":"publish","type":"post","link":"https:\/\/www.hashtag.al\/index.php\/2020\/03\/29\/shkon-ne-84-numri-i-te-infektuarve-ne-malin-e-zi\/","title":{"rendered":"Shkon n\u00eb 84 numri i t\u00eb infektuarve n\u00eb Malin e Zi","gt_translate_keys":[{"key":"rendered","format":"text"}]},"content":{"rendered":"<p><img loading=\"lazy\" decoding=\"async\" class=\"aligncenter size-full wp-image-361480\" src=\"https:\/\/hashtag.al\/wp-content\/uploads\/2020\/03\/coronavirusjaponifrance.jpg\" alt=\"\" width=\"864\" height=\"486\" srcset=\"https:\/\/www.hashtag.al\/wp-content\/uploads\/2020\/03\/coronavirusjaponifrance.jpg 864w, https:\/\/www.hashtag.al\/wp-content\/uploads\/2020\/03\/coronavirusjaponifrance-300x169.jpg 300w, https:\/\/www.hashtag.al\/wp-content\/uploads\/2020\/03\/coronavirusjaponifrance-768x432.jpg 768w\" sizes=\"auto, (max-width: 864px) 100vw, 864px\" \/><\/p>\n<p><span style=\"color: #000000;\">N\u00eb Mal t\u00eb Zi dje jan\u00eb konfirmuar edhe dy raste me Kovid-19, duke \u00e7uar numrin e t\u00eb infektuarve n\u00eb 84, kumtoi Instituti malazez p\u00ebr sh\u00ebndet publik.<\/span><\/p>\n<p><span style=\"color: #000000;\">N\u00ebn kontroll sanitar sh\u00ebndet\u00ebsor n\u00eb Mal t\u00eb Zi jan\u00eb 6.278 njer\u00ebz.<\/span><\/p>\n<p><span style=\"color: #000000;\">Num\u00ebrin m\u00eb t\u00eb madh t\u00eb t\u00eb infektuarve \u00ebsht\u00eb n\u00eb Tuz 31, nd\u00ebrsa n\u00eb Podgoric\u00eb jan\u00eb infektuar 28 persona.<\/span><\/p>\n","protected":false,"gt_translate_keys":[{"key":"rendered","format":"html"}]},"excerpt":{"rendered":"<p>N\u00eb Mal t\u00eb Zi dje jan\u00eb konfirmuar edhe dy raste me Kovid-19, duke \u00e7uar numrin e t\u00eb infektuarve n\u00eb 84, kumtoi Instituti malazez p\u00ebr sh\u00ebndet publik. N\u00ebn kontroll sanitar sh\u00ebndet\u00ebsor n\u00eb Mal t\u00eb Zi jan\u00eb 6.278 njer\u00ebz. Num\u00ebrin m\u00eb t\u00eb madh t\u00eb t\u00eb infektuarve \u00ebsht\u00eb n\u00eb Tuz 31, nd\u00ebrsa n\u00eb Podgoric\u00eb jan\u00eb infektuar 28 persona.<\/p>\n","protected":false,"gt_translate_keys":[{"key":"rendered","format":"html"}]},"author":32,"featured_media":361480,"comment_status":"open","ping_status":"open","sticky":false,"template":"","format":"standard","meta":{"footnotes":""},"categories":[149,13],"tags":[],"class_list":["post-363893","post","type-post","status-publish","format-standard","has-post-thumbnail","hentry","category-kosoverajon","category-te-fundit"],"gt_translate_keys":[{"key":"link","format":"url"}],"_links":{"self":[{"href":"https:\/\/www.hashtag.al\/index.php\/wp-json\/wp\/v2\/posts\/363893","targetHints":{"allow":["GET"]}}],"collection":[{"href":"https:\/\/www.hashtag.al\/index.php\/wp-json\/wp\/v2\/posts"}],"about":[{"href":"https:\/\/www.hashtag.al\/index.php\/wp-json\/wp\/v2\/types\/post"}],"author":[{"embeddable":true,"href":"https:\/\/www.hashtag.al\/index.php\/wp-json\/wp\/v2\/users\/32"}],"replies":[{"embeddable":true,"href":"https:\/\/www.hashtag.al\/index.php\/wp-json\/wp\/v2\/comments?post=363893"}],"version-history":[{"count":0,"href":"https:\/\/www.hashtag.al\/index.php\/wp-json\/wp\/v2\/posts\/363893\/revisions"}],"wp:featuredmedia":[{"embeddable":true,"href":"https:\/\/www.hashtag.al\/index.php\/wp-json\/wp\/v2\/media\/361480"}],"wp:attachment":[{"href":"https:\/\/www.hashtag.al\/index.php\/wp-json\/wp\/v2\/media?parent=363893"}],"wp:term":[{"taxonomy":"category","embeddable":true,"href":"https:\/\/www.hashtag.al\/index.php\/wp-json\/wp\/v2\/categories?post=363893"},{"taxonomy":"post_tag","embeddable":true,"href":"https:\/\/www.hashtag.al\/index.php\/wp-json\/wp\/v2\/tags?post=363893"}],"curies":[{"name":"wp","href":"https:\/\/api.w.org\/{rel}","templated":true}]}}