{"id":363550,"date":"2020-03-27T14:33:44","date_gmt":"2020-03-27T13:33:44","guid":{"rendered":"https:\/\/hashtag.al\/?p=363550"},"modified":"2020-03-27T14:35:24","modified_gmt":"2020-03-27T13:35:24","slug":"shkon-ne-219-numri-i-personave-me-covid-19-ne-maqedonine-e-veriut","status":"publish","type":"post","link":"https:\/\/www.hashtag.al\/index.php\/2020\/03\/27\/shkon-ne-219-numri-i-personave-me-covid-19-ne-maqedonine-e-veriut\/","title":{"rendered":"Shkon n\u00eb 219 numri i personave me Covid-19 n\u00eb Maqedonin\u00eb e Veriut","gt_translate_keys":[{"key":"rendered","format":"text"}]},"content":{"rendered":"<p><span style=\"color: #000000;\"><a href=\"https:\/\/hashtag.al\/wp-content\/uploads\/2020\/03\/Covid-MAqedoni.jpg\"><img loading=\"lazy\" decoding=\"async\" class=\"aligncenter size-full wp-image-363551\" src=\"https:\/\/hashtag.al\/wp-content\/uploads\/2020\/03\/Covid-MAqedoni.jpg\" alt=\"\" width=\"1536\" height=\"864\" srcset=\"https:\/\/www.hashtag.al\/wp-content\/uploads\/2020\/03\/Covid-MAqedoni.jpg 1536w, https:\/\/www.hashtag.al\/wp-content\/uploads\/2020\/03\/Covid-MAqedoni-300x169.jpg 300w, https:\/\/www.hashtag.al\/wp-content\/uploads\/2020\/03\/Covid-MAqedoni-768x432.jpg 768w, https:\/\/www.hashtag.al\/wp-content\/uploads\/2020\/03\/Covid-MAqedoni-1024x576.jpg 1024w\" sizes=\"auto, (max-width: 1536px) 100vw, 1536px\" \/><\/a><\/span><\/p>\n<p><span style=\"color: #000000;\">Ministria e Sh\u00ebndet\u00ebsis\u00eb n\u00eb Maqedonin\u00eb e Veriut, ka njoftuar se gjat\u00eb 24 or\u00ebve t\u00eb fundit jan\u00eb regjistruar 18 raste t\u00eb reja me korona virus., duke e \u00e7uar numrin e p\u00ebrgjithsh\u00ebm t\u00eb t\u00eb infektuarve n\u00eb 219.<\/span><\/p>\n<p><span style=\"color: #000000;\">Si\u00e7 shkruan <span style=\"color: #0000ff;\"><a style=\"color: #0000ff;\" href=\"https:\/\/www.alsat-m.tv\/18-raste-te-reja-me-koronavirus-ne-maqedonine-e-veriut-ne-total-219\/\">Alsat<\/a><\/span>, numri m\u00eb i madh i t\u00eb infektuarve \u00ebsht\u00eb n\u00eb Shkup.<\/span><\/p>\n<p><span style=\"color: #000000;\">Rastet e reja sipas qyteteve: Shkupi (11), Prilep (4), Kumanova (2), Tetov\u00eb (1).<\/span><\/p>\n<p><span style=\"color: #000000;\">3 prej personave t\u00eb konfirmuar me Covid-19 tashm\u00eb jan\u00eb sh\u00ebruar, nd\u00ebrsa 3 kan\u00eb nd\u00ebrruar jet\u00eb.<\/span><\/p>\n<p><strong><span style=\"color: #000000;\">Rastet sipas vendbanimit:<\/span><\/strong><br \/>\n<span style=\"color: #000000;\">\u2013 Shkup (134)<\/span><br \/>\n<span style=\"color: #000000;\">\u2013 Dib\u00ebr (43)<\/span><br \/>\n<span style=\"color: #000000;\">\u2013 Kumanovo (17)<\/span><br \/>\n<span style=\"color: #000000;\">\u2013 Shtip (8)<\/span><br \/>\n<span style=\"color: #000000;\">\u2013 Prilep (6)<\/span><br \/>\n<span style=\"color: #000000;\">\u2013 Oh\u00ebr (3)<\/span><br \/>\n<span style=\"color: #000000;\">\u2013 Velesi (3)<\/span><br \/>\n<span style=\"color: #000000;\">\u2013 Kavadarci (2)<\/span><br \/>\n<span style=\"color: #000000;\">\u2013 Tetov\u00eb (2)<\/span><br \/>\n<span style=\"color: #000000;\">\u2013 Gostivar (1)<\/span><\/p>\n","protected":false,"gt_translate_keys":[{"key":"rendered","format":"html"}]},"excerpt":{"rendered":"<p>Ministria e Sh\u00ebndet\u00ebsis\u00eb n\u00eb Maqedonin\u00eb e Veriut, ka njoftuar se gjat\u00eb 24 or\u00ebve t\u00eb fundit jan\u00eb regjistruar 18 raste t\u00eb reja me korona virus., duke e \u00e7uar numrin e p\u00ebrgjithsh\u00ebm t\u00eb t\u00eb infektuarve n\u00eb 219. Si\u00e7 shkruan Alsat, numri m\u00eb i madh i t\u00eb infektuarve \u00ebsht\u00eb n\u00eb Shkup. Rastet e reja sipas qyteteve: Shkupi (11), [&hellip;]<\/p>\n","protected":false,"gt_translate_keys":[{"key":"rendered","format":"html"}]},"author":30,"featured_media":363551,"comment_status":"open","ping_status":"open","sticky":false,"template":"","format":"standard","meta":{"footnotes":""},"categories":[149,13],"tags":[],"class_list":["post-363550","post","type-post","status-publish","format-standard","has-post-thumbnail","hentry","category-kosoverajon","category-te-fundit"],"gt_translate_keys":[{"key":"link","format":"url"}],"_links":{"self":[{"href":"https:\/\/www.hashtag.al\/index.php\/wp-json\/wp\/v2\/posts\/363550","targetHints":{"allow":["GET"]}}],"collection":[{"href":"https:\/\/www.hashtag.al\/index.php\/wp-json\/wp\/v2\/posts"}],"about":[{"href":"https:\/\/www.hashtag.al\/index.php\/wp-json\/wp\/v2\/types\/post"}],"author":[{"embeddable":true,"href":"https:\/\/www.hashtag.al\/index.php\/wp-json\/wp\/v2\/users\/30"}],"replies":[{"embeddable":true,"href":"https:\/\/www.hashtag.al\/index.php\/wp-json\/wp\/v2\/comments?post=363550"}],"version-history":[{"count":0,"href":"https:\/\/www.hashtag.al\/index.php\/wp-json\/wp\/v2\/posts\/363550\/revisions"}],"wp:featuredmedia":[{"embeddable":true,"href":"https:\/\/www.hashtag.al\/index.php\/wp-json\/wp\/v2\/media\/363551"}],"wp:attachment":[{"href":"https:\/\/www.hashtag.al\/index.php\/wp-json\/wp\/v2\/media?parent=363550"}],"wp:term":[{"taxonomy":"category","embeddable":true,"href":"https:\/\/www.hashtag.al\/index.php\/wp-json\/wp\/v2\/categories?post=363550"},{"taxonomy":"post_tag","embeddable":true,"href":"https:\/\/www.hashtag.al\/index.php\/wp-json\/wp\/v2\/tags?post=363550"}],"curies":[{"name":"wp","href":"https:\/\/api.w.org\/{rel}","templated":true}]}}