{"id":363438,"date":"2020-03-27T08:53:07","date_gmt":"2020-03-27T07:53:07","guid":{"rendered":"https:\/\/hashtag.al\/?p=363438"},"modified":"2020-03-27T08:55:07","modified_gmt":"2020-03-27T07:55:07","slug":"media-ne-kosove-qytetari-kercenon-me-jete-thacin-ne-facebook","status":"publish","type":"post","link":"https:\/\/www.hashtag.al\/index.php\/2020\/03\/27\/media-ne-kosove-qytetari-kercenon-me-jete-thacin-ne-facebook\/","title":{"rendered":"Media n\u00eb Kosov\u00eb: Qytetari k\u00ebrc\u00ebnon me jet\u00eb Tha\u00e7in n\u00eb &#8216;Facebook&#8217;","gt_translate_keys":[{"key":"rendered","format":"text"}]},"content":{"rendered":"<p><span style=\"color: #000000;\"><a style=\"color: #000000;\" href=\"https:\/\/hashtag.al\/wp-content\/uploads\/2020\/02\/thaci4shkurt.jpg\"><img loading=\"lazy\" decoding=\"async\" class=\"aligncenter size-full wp-image-351285\" src=\"https:\/\/hashtag.al\/wp-content\/uploads\/2020\/02\/thaci4shkurt.jpg\" alt=\"\" width=\"1023\" height=\"575\" srcset=\"https:\/\/www.hashtag.al\/wp-content\/uploads\/2020\/02\/thaci4shkurt.jpg 1023w, https:\/\/www.hashtag.al\/wp-content\/uploads\/2020\/02\/thaci4shkurt-300x169.jpg 300w, https:\/\/www.hashtag.al\/wp-content\/uploads\/2020\/02\/thaci4shkurt-768x432.jpg 768w\" sizes=\"auto, (max-width: 1023px) 100vw, 1023px\" \/><\/a><\/span><\/p>\n<p><span style=\"color: #000000;\">Nj\u00eb qytetar nga pjesa Veriore e Kosov\u00ebs, ka k\u00ebrc\u00ebnuar, presidentin Hashim Tha\u00e7i. Gazeta <span style=\"color: #0000ff;\"><a style=\"color: #0000ff;\" href=\"https:\/\/insajderi.com\/kercenohet-me-vrasje-presidenti-thaci\/\">Insajderi<\/a> <\/span>shkruan se qytetari \u00ebsht\u00eb arrestuar sot nga Krimet e R\u00ebnda t\u00eb Policis\u00eb s\u00eb Kosov\u00ebs, p\u00ebr shkak t\u00eb nj\u00eb postimi q\u00eb kishte b\u00ebr\u00eb n\u00eb profilin e tij n\u00eb Facebook,<\/span><\/p>\n<p><span style=\"color: #000000;\">Ai kishte postuar nj\u00eb fotografi ku shihen dy arm\u00eb dhe kishte shkruar p\u00ebr presidentin Tha\u00e7i se s\u2019do ta linte t\u00eb b\u00ebnte gjum\u00eb.<\/span><\/p>\n<p><span style=\"color: #000000;\"><em>\u00a0\u201cSot i zhdrypa preh tavani se n\u00eb kuvend po flitet p\u00ebr ndarjen e Kosov\u00ebs nga Hashim Broja le te din\u00eb Hashim Broja a kushdo qoft ai se ende jemi gjall\u00eb pjesa e Veriut. Nuk e lejojm\u00eb ndarjen o Hashim Broja, dije se gjumin, gjum\u00eb stala me bo\u201d,<\/em> ka shkruar personi n\u00eb fjal\u00eb.<\/span><\/p>\n<p><span style=\"color: #000000;\">K\u00ebt\u00eb postim, i dyshuari m\u00eb pas e ka fshir\u00eb.<\/span><\/p>\n<p><a href=\"https:\/\/hashtag.al\/wp-content\/uploads\/2020\/03\/postimi-2.jpg\"><img loading=\"lazy\" decoding=\"async\" class=\"aligncenter size-full wp-image-363441\" src=\"https:\/\/hashtag.al\/wp-content\/uploads\/2020\/03\/postimi-2.jpg\" alt=\"\" width=\"961\" height=\"946\" srcset=\"https:\/\/www.hashtag.al\/wp-content\/uploads\/2020\/03\/postimi-2.jpg 961w, https:\/\/www.hashtag.al\/wp-content\/uploads\/2020\/03\/postimi-2-300x295.jpg 300w, https:\/\/www.hashtag.al\/wp-content\/uploads\/2020\/03\/postimi-2-768x756.jpg 768w\" sizes=\"auto, (max-width: 961px) 100vw, 961px\" \/><\/a><\/p>\n<p><span style=\"color: #000000;\">Kjo vjen pas mocionit n\u00eb Kuvend q\u00eb rr\u00ebzoi qeverin\u00eb e Albin Kurtit. Ky i fundit tha n\u00eb seanc\u00eb, se presidenti, Tha\u00e7i ka b\u00ebr\u00eb nj\u00eb marr\u00ebveshje sekrete me Shtetet e Bashkuara t\u00eb Amerik\u00ebs, p\u00ebr ndarjen e Kosov\u00ebs.<\/span><\/p>\n","protected":false,"gt_translate_keys":[{"key":"rendered","format":"html"}]},"excerpt":{"rendered":"<p>Nj\u00eb qytetar nga pjesa Veriore e Kosov\u00ebs, ka k\u00ebrc\u00ebnuar, presidentin Hashim Tha\u00e7i. Gazeta Insajderi shkruan se qytetari \u00ebsht\u00eb arrestuar sot nga Krimet e R\u00ebnda t\u00eb Policis\u00eb s\u00eb Kosov\u00ebs, p\u00ebr shkak t\u00eb nj\u00eb postimi q\u00eb kishte b\u00ebr\u00eb n\u00eb profilin e tij n\u00eb Facebook, Ai kishte postuar nj\u00eb fotografi ku shihen dy arm\u00eb dhe kishte shkruar p\u00ebr [&hellip;]<\/p>\n","protected":false,"gt_translate_keys":[{"key":"rendered","format":"html"}]},"author":30,"featured_media":351285,"comment_status":"open","ping_status":"open","sticky":false,"template":"","format":"standard","meta":{"footnotes":""},"categories":[149,13],"tags":[],"class_list":["post-363438","post","type-post","status-publish","format-standard","has-post-thumbnail","hentry","category-kosoverajon","category-te-fundit"],"gt_translate_keys":[{"key":"link","format":"url"}],"_links":{"self":[{"href":"https:\/\/www.hashtag.al\/index.php\/wp-json\/wp\/v2\/posts\/363438","targetHints":{"allow":["GET"]}}],"collection":[{"href":"https:\/\/www.hashtag.al\/index.php\/wp-json\/wp\/v2\/posts"}],"about":[{"href":"https:\/\/www.hashtag.al\/index.php\/wp-json\/wp\/v2\/types\/post"}],"author":[{"embeddable":true,"href":"https:\/\/www.hashtag.al\/index.php\/wp-json\/wp\/v2\/users\/30"}],"replies":[{"embeddable":true,"href":"https:\/\/www.hashtag.al\/index.php\/wp-json\/wp\/v2\/comments?post=363438"}],"version-history":[{"count":0,"href":"https:\/\/www.hashtag.al\/index.php\/wp-json\/wp\/v2\/posts\/363438\/revisions"}],"wp:featuredmedia":[{"embeddable":true,"href":"https:\/\/www.hashtag.al\/index.php\/wp-json\/wp\/v2\/media\/351285"}],"wp:attachment":[{"href":"https:\/\/www.hashtag.al\/index.php\/wp-json\/wp\/v2\/media?parent=363438"}],"wp:term":[{"taxonomy":"category","embeddable":true,"href":"https:\/\/www.hashtag.al\/index.php\/wp-json\/wp\/v2\/categories?post=363438"},{"taxonomy":"post_tag","embeddable":true,"href":"https:\/\/www.hashtag.al\/index.php\/wp-json\/wp\/v2\/tags?post=363438"}],"curies":[{"name":"wp","href":"https:\/\/api.w.org\/{rel}","templated":true}]}}