{"id":363417,"date":"2020-03-26T23:12:47","date_gmt":"2020-03-26T22:12:47","guid":{"rendered":"https:\/\/hashtag.al\/?p=363417"},"modified":"2020-03-26T22:54:26","modified_gmt":"2020-03-26T21:54:26","slug":"moto-gp-shtyhet-serish-nuk-zhvillohet-as-gara-e-spanjes","status":"publish","type":"post","link":"https:\/\/www.hashtag.al\/index.php\/2020\/03\/26\/moto-gp-shtyhet-serish-nuk-zhvillohet-as-gara-e-spanjes\/","title":{"rendered":"Moto GP shtyhet s\u00ebrish, nuk zhvillohet as gara e Spanj\u00ebs","gt_translate_keys":[{"key":"rendered","format":"text"}]},"content":{"rendered":"<p><img loading=\"lazy\" decoding=\"async\" class=\"aligncenter size-full wp-image-363418\" src=\"https:\/\/hashtag.al\/wp-content\/uploads\/2020\/03\/MOTO-GP.jpg\" alt=\"\" width=\"1200\" height=\"675\" srcset=\"https:\/\/www.hashtag.al\/wp-content\/uploads\/2020\/03\/MOTO-GP.jpg 1200w, https:\/\/www.hashtag.al\/wp-content\/uploads\/2020\/03\/MOTO-GP-300x169.jpg 300w, https:\/\/www.hashtag.al\/wp-content\/uploads\/2020\/03\/MOTO-GP-768x432.jpg 768w, https:\/\/www.hashtag.al\/wp-content\/uploads\/2020\/03\/MOTO-GP-1024x576.jpg 1024w\" sizes=\"auto, (max-width: 1200px) 100vw, 1200px\" \/><\/p>\n<p><span style=\"color: #000000;\">Fillimi i sezonit 2020 p\u00ebr MotoGP shtyhet p\u00ebrs\u00ebri p\u00ebr shkak t\u00eb emergjenc\u00ebs koronavirus. Pas anullimit t\u00eb GP t\u00eb Katar e shtyrjes s\u00eb Cmimeve t\u00eb M\u00ebdha t\u00eb Tailand\u00ebs, Shteteve t\u00eb Bashkuara e Argjentin\u00ebs, edhe GP i Jerez de la Frontera, q\u00eb ishte n\u00eb program p\u00ebr tu zhvilluar nga 1 n\u00eb 3 maj, \u00ebsht\u00eb shtyr\u00eb n\u00eb kalendar.<\/span><\/p>\n<p><span style=\"color: #000000;\">Lajmi ishte n\u00eb aj\u00ebr gjat\u00eb dit\u00ebve t\u00eb fundit, por tani ka ardhur zyrtarizimi, i komunikuar n\u00eb nj\u00eb dokument t\u00eb bashkangjitur t\u00eb FIM, Dorna e IRTA, q\u00eb theksojn\u00eb se emergjenca sh\u00ebndet\u00ebsore q\u00eb po godet Spanj\u00ebn ka b\u00ebr\u00eb t\u00eb nevojsh\u00ebm marrjen e k\u00ebtij vendimi.<\/span><\/p>\n<p><span style=\"color: #000000;\">Data e re p\u00ebr t\u00eb rikuperuar gar\u00ebn nuk \u00ebsht\u00eb b\u00ebr\u00eb ende e ditur, por nj\u00eb kalendar i ri do t\u00eb publikohet sapo t\u00eb jet\u00eb e mundur: p\u00ebr momentin takimi i par\u00eb zyrtar n\u00eb program, i sezonit, \u00ebsht\u00eb GP i Le Mans n\u00eb 17 maj, por me shum\u00eb mund\u00ebsi edhe etapa franceze do t\u00eb prfundoj\u00eb e shtyr\u00eb.<\/span><\/p>\n","protected":false,"gt_translate_keys":[{"key":"rendered","format":"html"}]},"excerpt":{"rendered":"<p>Fillimi i sezonit 2020 p\u00ebr MotoGP shtyhet p\u00ebrs\u00ebri p\u00ebr shkak t\u00eb emergjenc\u00ebs koronavirus. Pas anullimit t\u00eb GP t\u00eb Katar e shtyrjes s\u00eb Cmimeve t\u00eb M\u00ebdha t\u00eb Tailand\u00ebs, Shteteve t\u00eb Bashkuara e Argjentin\u00ebs, edhe GP i Jerez de la Frontera, q\u00eb ishte n\u00eb program p\u00ebr tu zhvilluar nga 1 n\u00eb 3 maj, \u00ebsht\u00eb shtyr\u00eb n\u00eb kalendar. [&hellip;]<\/p>\n","protected":false,"gt_translate_keys":[{"key":"rendered","format":"html"}]},"author":32,"featured_media":363418,"comment_status":"open","ping_status":"open","sticky":false,"template":"","format":"standard","meta":{"footnotes":""},"categories":[134,13],"tags":[],"class_list":["post-363417","post","type-post","status-publish","format-standard","has-post-thumbnail","hentry","category-sport","category-te-fundit"],"gt_translate_keys":[{"key":"link","format":"url"}],"_links":{"self":[{"href":"https:\/\/www.hashtag.al\/index.php\/wp-json\/wp\/v2\/posts\/363417","targetHints":{"allow":["GET"]}}],"collection":[{"href":"https:\/\/www.hashtag.al\/index.php\/wp-json\/wp\/v2\/posts"}],"about":[{"href":"https:\/\/www.hashtag.al\/index.php\/wp-json\/wp\/v2\/types\/post"}],"author":[{"embeddable":true,"href":"https:\/\/www.hashtag.al\/index.php\/wp-json\/wp\/v2\/users\/32"}],"replies":[{"embeddable":true,"href":"https:\/\/www.hashtag.al\/index.php\/wp-json\/wp\/v2\/comments?post=363417"}],"version-history":[{"count":0,"href":"https:\/\/www.hashtag.al\/index.php\/wp-json\/wp\/v2\/posts\/363417\/revisions"}],"wp:featuredmedia":[{"embeddable":true,"href":"https:\/\/www.hashtag.al\/index.php\/wp-json\/wp\/v2\/media\/363418"}],"wp:attachment":[{"href":"https:\/\/www.hashtag.al\/index.php\/wp-json\/wp\/v2\/media?parent=363417"}],"wp:term":[{"taxonomy":"category","embeddable":true,"href":"https:\/\/www.hashtag.al\/index.php\/wp-json\/wp\/v2\/categories?post=363417"},{"taxonomy":"post_tag","embeddable":true,"href":"https:\/\/www.hashtag.al\/index.php\/wp-json\/wp\/v2\/tags?post=363417"}],"curies":[{"name":"wp","href":"https:\/\/api.w.org\/{rel}","templated":true}]}}