{"id":363173,"date":"2020-03-25T23:40:17","date_gmt":"2020-03-25T22:40:17","guid":{"rendered":"https:\/\/hashtag.al\/?p=363173"},"modified":"2020-03-26T12:36:28","modified_gmt":"2020-03-26T11:36:28","slug":"bashke-me-vjosa-osmanin-edhe-2-deputete-te-tjere-nga-ldk-ja-votuan-kunder-qeverise-kurti","status":"publish","type":"post","link":"https:\/\/www.hashtag.al\/index.php\/2020\/03\/25\/bashke-me-vjosa-osmanin-edhe-2-deputete-te-tjere-nga-ldk-ja-votuan-kunder-qeverise-kurti\/","title":{"rendered":"Vjosa Osmani e 2 deputet\u00eb t\u00eb tjer\u00eb nga LDK-ja votuan kund\u00ebr mocionit ndaj qeveris\u00eb Kurti","gt_translate_keys":[{"key":"rendered","format":"text"}]},"content":{"rendered":"<p><img loading=\"lazy\" decoding=\"async\" class=\"aligncenter size-full wp-image-363174\" src=\"https:\/\/hashtag.al\/wp-content\/uploads\/2020\/03\/kuvendi-kosove.jpg\" alt=\"\" width=\"600\" height=\"360\" srcset=\"https:\/\/www.hashtag.al\/wp-content\/uploads\/2020\/03\/kuvendi-kosove.jpg 600w, https:\/\/www.hashtag.al\/wp-content\/uploads\/2020\/03\/kuvendi-kosove-300x180.jpg 300w\" sizes=\"auto, (max-width: 600px) 100vw, 600px\" \/><\/p>\n<p><span style=\"color: #000000;\">Me mocionin e iniciuar nga Lidhja Demokratike e Kosov\u00ebs dhe mb\u00ebshtetjen e partive opozitare sonte \u00ebsht\u00eb rr\u00ebzuar Qeveria Kurti, mir\u00ebpo mocionin e LDK-s\u00eb nuk e mb\u00ebshteten\u00a0 t\u00eb gjith\u00eb deputet\u00ebt e saj.<\/span><\/p>\n<p><span style=\"color: #000000;\">Vjosa Osmani, Haxhi Avdyli dhe Ardian Shala nga LDK kan\u00eb votuar kund\u00ebr mocionit, raporton Gazeta Express.<\/span><\/p>\n<p><span style=\"color: #000000;\">P\u00ebr rr\u00ebzimin e qeveris\u00eb kan\u00eb votuar\u00a082 deputet\u00eb, nga 117 sa ishin n\u00eb prezent n\u00eb sall\u00eb, nd\u00ebrsa kund\u00ebr votuan 36 deputet\u00eb dhe nj\u00eb prej tyre abstenoi.<\/span><\/p>\n<p>&nbsp;<\/p>\n","protected":false,"gt_translate_keys":[{"key":"rendered","format":"html"}]},"excerpt":{"rendered":"<p>Me mocionin e iniciuar nga Lidhja Demokratike e Kosov\u00ebs dhe mb\u00ebshtetjen e partive opozitare sonte \u00ebsht\u00eb rr\u00ebzuar Qeveria Kurti, mir\u00ebpo mocionin e LDK-s\u00eb nuk e mb\u00ebshteten\u00a0 t\u00eb gjith\u00eb deputet\u00ebt e saj. Vjosa Osmani, Haxhi Avdyli dhe Ardian Shala nga LDK kan\u00eb votuar kund\u00ebr mocionit, raporton Gazeta Express. P\u00ebr rr\u00ebzimin e qeveris\u00eb kan\u00eb votuar\u00a082 deputet\u00eb, nga [&hellip;]<\/p>\n","protected":false,"gt_translate_keys":[{"key":"rendered","format":"html"}]},"author":32,"featured_media":363174,"comment_status":"open","ping_status":"open","sticky":false,"template":"","format":"standard","meta":{"footnotes":""},"categories":[149,13],"tags":[],"class_list":["post-363173","post","type-post","status-publish","format-standard","has-post-thumbnail","hentry","category-kosoverajon","category-te-fundit"],"gt_translate_keys":[{"key":"link","format":"url"}],"_links":{"self":[{"href":"https:\/\/www.hashtag.al\/index.php\/wp-json\/wp\/v2\/posts\/363173","targetHints":{"allow":["GET"]}}],"collection":[{"href":"https:\/\/www.hashtag.al\/index.php\/wp-json\/wp\/v2\/posts"}],"about":[{"href":"https:\/\/www.hashtag.al\/index.php\/wp-json\/wp\/v2\/types\/post"}],"author":[{"embeddable":true,"href":"https:\/\/www.hashtag.al\/index.php\/wp-json\/wp\/v2\/users\/32"}],"replies":[{"embeddable":true,"href":"https:\/\/www.hashtag.al\/index.php\/wp-json\/wp\/v2\/comments?post=363173"}],"version-history":[{"count":0,"href":"https:\/\/www.hashtag.al\/index.php\/wp-json\/wp\/v2\/posts\/363173\/revisions"}],"wp:featuredmedia":[{"embeddable":true,"href":"https:\/\/www.hashtag.al\/index.php\/wp-json\/wp\/v2\/media\/363174"}],"wp:attachment":[{"href":"https:\/\/www.hashtag.al\/index.php\/wp-json\/wp\/v2\/media?parent=363173"}],"wp:term":[{"taxonomy":"category","embeddable":true,"href":"https:\/\/www.hashtag.al\/index.php\/wp-json\/wp\/v2\/categories?post=363173"},{"taxonomy":"post_tag","embeddable":true,"href":"https:\/\/www.hashtag.al\/index.php\/wp-json\/wp\/v2\/tags?post=363173"}],"curies":[{"name":"wp","href":"https:\/\/api.w.org\/{rel}","templated":true}]}}