{"id":363165,"date":"2020-03-25T22:59:57","date_gmt":"2020-03-25T21:59:57","guid":{"rendered":"https:\/\/hashtag.al\/?p=363165"},"modified":"2020-03-25T23:14:09","modified_gmt":"2020-03-25T22:14:09","slug":"bie-qeveria-kurti","status":"publish","type":"post","link":"https:\/\/www.hashtag.al\/index.php\/2020\/03\/25\/bie-qeveria-kurti\/","title":{"rendered":"Bie qeveria Kurti","gt_translate_keys":[{"key":"rendered","format":"text"}]},"content":{"rendered":"<p><span style=\"color: #000000;\"><img loading=\"lazy\" decoding=\"async\" class=\"aligncenter size-full wp-image-354816\" src=\"https:\/\/hashtag.al\/wp-content\/uploads\/2020\/02\/qeveria-kurti.jpg\" alt=\"\" width=\"600\" height=\"360\" srcset=\"https:\/\/www.hashtag.al\/wp-content\/uploads\/2020\/02\/qeveria-kurti.jpg 600w, https:\/\/www.hashtag.al\/wp-content\/uploads\/2020\/02\/qeveria-kurti-300x180.jpg 300w\" sizes=\"auto, (max-width: 600px) 100vw, 600px\" \/><\/span><\/p>\n<p><span style=\"color: #000000;\">Qeveria Kurti nuk i ka mbijtuar mocionit t\u00eb iniciauar nga partneri i koalicionit.<\/span><\/p>\n<p><span style=\"color: #000000;\">Nga 117 deputet\u00eb n\u00eb sall\u00eb, 82 vota kan\u00eb qen\u00eb pro mocionin, 32 kund\u00ebr dhe nj\u00eb abstenim.<\/span><\/p>\n<p><span style=\"color: #000000;\">Mocioni ishte iniciuar nga Lidhja Demokratike e Kosov\u00ebs q\u00eb p\u00ebr rreth dy muaj bashk\u00ebqeverisi me L\u00ebvizjen Vet\u00ebvendosje.<\/span><\/p>\n<p><span style=\"color: #000000;\">LDK-ja e prishi koalicionin pasi Kurti shkarkoi pa paralajm\u00ebrim ministrin e Pun\u00ebve t\u00eb Brendshme, Agim Veliu.<\/span><\/p>\n<p><span style=\"color: #000000;\">Rrezikimi i raporteve me Shtetet e Bashkuara t\u00eb Amerik\u00ebs, q\u00eb sipas LDK-s\u00eb, e shkaktoi Kryeministri Kurti, ishte nj\u00eb nga arsyet p\u00ebr mocionin.<\/span><\/p>\n<p><span style=\"color: #000000;\">VV\u2019ja e Kurtit i fitoi zgjedhjet e 6 tetorit 2019 me 26.2 p\u00ebr qind t\u00eb votave, nd\u00ebrsa pas saj doli LDK\u2019ja me 24.5 p\u00ebr qind.<\/span><\/p>\n<p><span style=\"color: #000000;\">Dy subjektet nuk arrit\u00ebn marr\u00ebveshje p\u00ebr koalicion parazgjedhor, e m\u00eb pas zhvilluan 4 muaj negociata, p\u00ebr ta formuar Qeverin\u00eb m\u00eb 3 shkurt 2020.\u00a0<\/span><\/p>\n","protected":false,"gt_translate_keys":[{"key":"rendered","format":"html"}]},"excerpt":{"rendered":"<p>Qeveria Kurti nuk i ka mbijtuar mocionit t\u00eb iniciauar nga partneri i koalicionit. Nga 117 deputet\u00eb n\u00eb sall\u00eb, 82 vota kan\u00eb qen\u00eb pro mocionin, 32 kund\u00ebr dhe nj\u00eb abstenim. Mocioni ishte iniciuar nga Lidhja Demokratike e Kosov\u00ebs q\u00eb p\u00ebr rreth dy muaj bashk\u00ebqeverisi me L\u00ebvizjen Vet\u00ebvendosje. LDK-ja e prishi koalicionin pasi Kurti shkarkoi pa paralajm\u00ebrim [&hellip;]<\/p>\n","protected":false,"gt_translate_keys":[{"key":"rendered","format":"html"}]},"author":32,"featured_media":354816,"comment_status":"open","ping_status":"open","sticky":false,"template":"","format":"standard","meta":{"footnotes":""},"categories":[149,13,1],"tags":[],"class_list":["post-363165","post","type-post","status-publish","format-standard","has-post-thumbnail","hentry","category-kosoverajon","category-te-fundit","category-uncategorized"],"gt_translate_keys":[{"key":"link","format":"url"}],"_links":{"self":[{"href":"https:\/\/www.hashtag.al\/index.php\/wp-json\/wp\/v2\/posts\/363165","targetHints":{"allow":["GET"]}}],"collection":[{"href":"https:\/\/www.hashtag.al\/index.php\/wp-json\/wp\/v2\/posts"}],"about":[{"href":"https:\/\/www.hashtag.al\/index.php\/wp-json\/wp\/v2\/types\/post"}],"author":[{"embeddable":true,"href":"https:\/\/www.hashtag.al\/index.php\/wp-json\/wp\/v2\/users\/32"}],"replies":[{"embeddable":true,"href":"https:\/\/www.hashtag.al\/index.php\/wp-json\/wp\/v2\/comments?post=363165"}],"version-history":[{"count":0,"href":"https:\/\/www.hashtag.al\/index.php\/wp-json\/wp\/v2\/posts\/363165\/revisions"}],"wp:featuredmedia":[{"embeddable":true,"href":"https:\/\/www.hashtag.al\/index.php\/wp-json\/wp\/v2\/media\/354816"}],"wp:attachment":[{"href":"https:\/\/www.hashtag.al\/index.php\/wp-json\/wp\/v2\/media?parent=363165"}],"wp:term":[{"taxonomy":"category","embeddable":true,"href":"https:\/\/www.hashtag.al\/index.php\/wp-json\/wp\/v2\/categories?post=363165"},{"taxonomy":"post_tag","embeddable":true,"href":"https:\/\/www.hashtag.al\/index.php\/wp-json\/wp\/v2\/tags?post=363165"}],"curies":[{"name":"wp","href":"https:\/\/api.w.org\/{rel}","templated":true}]}}