{"id":363012,"date":"2020-03-25T11:05:34","date_gmt":"2020-03-25T10:05:34","guid":{"rendered":"https:\/\/hashtag.al\/?p=363012"},"modified":"2020-03-25T11:06:18","modified_gmt":"2020-03-25T10:06:18","slug":"qytetari-proteston-para-kuvendit-te-kosoves-rrezikon-te-gjobitet-me-2-mije-euro","status":"publish","type":"post","link":"https:\/\/www.hashtag.al\/index.php\/2020\/03\/25\/qytetari-proteston-para-kuvendit-te-kosoves-rrezikon-te-gjobitet-me-2-mije-euro\/","title":{"rendered":"Qytetari proteston para Kuvendit t\u00eb Kosov\u00ebs, rrezikon t\u00eb gjobitet me 2 mij\u00eb euro","gt_translate_keys":[{"key":"rendered","format":"text"}]},"content":{"rendered":"<p><a href=\"https:\/\/hashtag.al\/wp-content\/uploads\/2020\/03\/protesta-696x489-1-600x360.png\"><img loading=\"lazy\" decoding=\"async\" class=\"aligncenter size-full wp-image-363013\" src=\"https:\/\/hashtag.al\/wp-content\/uploads\/2020\/03\/protesta-696x489-1-600x360.png\" alt=\"\" width=\"600\" height=\"360\" srcset=\"https:\/\/www.hashtag.al\/wp-content\/uploads\/2020\/03\/protesta-696x489-1-600x360.png 600w, https:\/\/www.hashtag.al\/wp-content\/uploads\/2020\/03\/protesta-696x489-1-600x360-300x180.png 300w\" sizes=\"auto, (max-width: 600px) 100vw, 600px\" \/><\/a><\/p>\n<p><span style=\"color: #000000;\">Nj\u00eb qytetar ka dal\u00eb para hyrjes s\u00eb Kuvendit t\u00eb Kosov\u00ebs p\u00ebr t\u00eb protestuar kund\u00ebr zhvillimeve t\u00eb fundit politike, n\u00eb nj\u00eb koh\u00eb kur vendi e bota po p\u00ebrballen me nj\u00eb kriz\u00eb sh\u00ebndet\u00ebsore.<\/span><\/p>\n<p><span style=\"color: #000000;\"><span style=\"color: #0000ff;\"><a style=\"color: #0000ff;\" href=\"https:\/\/www.gazetaexpress.com\/qytetari-proteston-i-vetem-para-kuvendit-rrezikon-te-denohet-me-2-mije-euro\/\">Mediat<\/a> <\/span>n\u00eb Kosov\u00eb shkruajn\u00eb se Reshit Gazhi ka shprehur pak\u00ebnaq\u00ebsin\u00eb q\u00eb politikan\u00ebt po merrem me t\u00eb ardhmen e qeveris\u00eb, m\u00eb shum\u00eb se me adresimin e pasojave t\u00eb koronavirusit.<\/span><\/p>\n<p><span style=\"color: #000000;\">\u201c<em>Un\u00eb, sapo e kryeva nj\u00eb obligim qytetar! Shpreha paknaq\u00ebsin time p\u00ebrmes k\u00ebsaj parulle t\u00eb cil\u00ebn e vendosa pran\u00eb Kuvendit. PANDEMIA m\u00eb e rrezikshme n\u00eb Kosov\u00eb \u00ebsht\u00eb POLITIKA. TURP<\/em>\u201d, ka shkruar ai.<\/span><\/p>\n<p><span style=\"color: #000000;\">Mir\u00ebpo, protestuesi rrezikon t\u00eb marr\u00eb nj\u00eb gjob\u00eb nga 1 mij\u00eb deri n\u00eb 2 mij\u00eb euro, p\u00ebr shkak se ka shp\u00ebrfillur vendimin p\u00ebr bllokimin e l\u00ebvizjeve.<\/span><\/p>\n","protected":false,"gt_translate_keys":[{"key":"rendered","format":"html"}]},"excerpt":{"rendered":"<p>Nj\u00eb qytetar ka dal\u00eb para hyrjes s\u00eb Kuvendit t\u00eb Kosov\u00ebs p\u00ebr t\u00eb protestuar kund\u00ebr zhvillimeve t\u00eb fundit politike, n\u00eb nj\u00eb koh\u00eb kur vendi e bota po p\u00ebrballen me nj\u00eb kriz\u00eb sh\u00ebndet\u00ebsore. Mediat n\u00eb Kosov\u00eb shkruajn\u00eb se Reshit Gazhi ka shprehur pak\u00ebnaq\u00ebsin\u00eb q\u00eb politikan\u00ebt po merrem me t\u00eb ardhmen e qeveris\u00eb, m\u00eb shum\u00eb se me adresimin [&hellip;]<\/p>\n","protected":false,"gt_translate_keys":[{"key":"rendered","format":"html"}]},"author":30,"featured_media":363013,"comment_status":"open","ping_status":"open","sticky":false,"template":"","format":"standard","meta":{"footnotes":""},"categories":[149,13],"tags":[],"class_list":["post-363012","post","type-post","status-publish","format-standard","has-post-thumbnail","hentry","category-kosoverajon","category-te-fundit"],"gt_translate_keys":[{"key":"link","format":"url"}],"_links":{"self":[{"href":"https:\/\/www.hashtag.al\/index.php\/wp-json\/wp\/v2\/posts\/363012","targetHints":{"allow":["GET"]}}],"collection":[{"href":"https:\/\/www.hashtag.al\/index.php\/wp-json\/wp\/v2\/posts"}],"about":[{"href":"https:\/\/www.hashtag.al\/index.php\/wp-json\/wp\/v2\/types\/post"}],"author":[{"embeddable":true,"href":"https:\/\/www.hashtag.al\/index.php\/wp-json\/wp\/v2\/users\/30"}],"replies":[{"embeddable":true,"href":"https:\/\/www.hashtag.al\/index.php\/wp-json\/wp\/v2\/comments?post=363012"}],"version-history":[{"count":0,"href":"https:\/\/www.hashtag.al\/index.php\/wp-json\/wp\/v2\/posts\/363012\/revisions"}],"wp:featuredmedia":[{"embeddable":true,"href":"https:\/\/www.hashtag.al\/index.php\/wp-json\/wp\/v2\/media\/363013"}],"wp:attachment":[{"href":"https:\/\/www.hashtag.al\/index.php\/wp-json\/wp\/v2\/media?parent=363012"}],"wp:term":[{"taxonomy":"category","embeddable":true,"href":"https:\/\/www.hashtag.al\/index.php\/wp-json\/wp\/v2\/categories?post=363012"},{"taxonomy":"post_tag","embeddable":true,"href":"https:\/\/www.hashtag.al\/index.php\/wp-json\/wp\/v2\/tags?post=363012"}],"curies":[{"name":"wp","href":"https:\/\/api.w.org\/{rel}","templated":true}]}}