{"id":362955,"date":"2020-03-25T07:18:09","date_gmt":"2020-03-25T06:18:09","guid":{"rendered":"https:\/\/hashtag.al\/?p=362955"},"modified":"2020-03-25T07:34:34","modified_gmt":"2020-03-25T06:34:34","slug":"duhej-te-kishte-firmosur-dhe-ai-por-ministri-ahmetaj-e-merr-vesh-shpalljen-e-gjendjes-se-fatkeqesise-natyrore-ne-studio-televizive-video","status":"publish","type":"post","link":"https:\/\/www.hashtag.al\/index.php\/2020\/03\/25\/duhej-te-kishte-firmosur-dhe-ai-por-ministri-ahmetaj-e-merr-vesh-shpalljen-e-gjendjes-se-fatkeqesise-natyrore-ne-studio-televizive-video\/","title":{"rendered":"Duhej t\u00eb kishte firmosur dhe ai, por ministri Ahmetaj e merr vesh shpalljen e gjendjes s\u00eb fatkeq\u00ebsis\u00eb natyrore n\u00eb studio televizive (VIDEO)","gt_translate_keys":[{"key":"rendered","format":"text"}]},"content":{"rendered":"<p><span style=\"color: #000000;\"><a style=\"color: #000000;\" href=\"https:\/\/hashtag.al\/wp-content\/uploads\/2020\/03\/arben-ahmetaj.jpeg\"><img loading=\"lazy\" decoding=\"async\" class=\"aligncenter size-full wp-image-362956\" src=\"https:\/\/hashtag.al\/wp-content\/uploads\/2020\/03\/arben-ahmetaj.jpeg\" alt=\"\" width=\"696\" height=\"491\" srcset=\"https:\/\/www.hashtag.al\/wp-content\/uploads\/2020\/03\/arben-ahmetaj.jpeg 696w, https:\/\/www.hashtag.al\/wp-content\/uploads\/2020\/03\/arben-ahmetaj-300x212.jpeg 300w\" sizes=\"auto, (max-width: 696px) 100vw, 696px\" \/><\/a><\/span><\/p>\n<p><span style=\"color: #000000;\">Mbr\u00ebmjen e kaluar \u00ebsht\u00eb shpallur gjendja e fatkeq\u00ebsis\u00eb natyrore t\u00eb shkaktuar nga koronavirusi Covid-19, por ministri p\u00ebr Rind\u00ebrtimin, Arben Ahmetaj, e ka marr\u00eb vesh k\u00ebt\u00eb lajm n\u00eb nj\u00eb studio televizive.<\/span><\/p>\n<p><span style=\"color: #000000;\">Si nj\u00eb nga ministrat, e mbi t\u00eb gjitha duke qen\u00eb ai q\u00eb e propozoi, Ahmetaj do t\u00eb duhej t\u00eb kishte qen\u00eb n\u00eb dijeni t\u00eb k\u00ebsaj dhe jo ta merrte vesh n\u00eb studion e emisionit \u201cOpinion\u201d t\u00eb gazetarit Blendi Fevziu.<\/span><\/p>\n<p><span style=\"color: #000000;\"><a style=\"color: #000000;\" href=\"https:\/\/hashtag.al\/wp-content\/uploads\/2020\/03\/fatkeqesi-1.jpg\"><img loading=\"lazy\" decoding=\"async\" class=\"aligncenter size-full wp-image-362960\" src=\"https:\/\/hashtag.al\/wp-content\/uploads\/2020\/03\/fatkeqesi-1.jpg\" alt=\"\" width=\"680\" height=\"200\" srcset=\"https:\/\/www.hashtag.al\/wp-content\/uploads\/2020\/03\/fatkeqesi-1.jpg 680w, https:\/\/www.hashtag.al\/wp-content\/uploads\/2020\/03\/fatkeqesi-1-300x88.jpg 300w\" sizes=\"auto, (max-width: 680px) 100vw, 680px\" \/><\/a><\/span><\/p>\n<p><span style=\"color: #000000;\">Si\u00e7 tregohet edhe n\u00eb nenin 174 n\u00eb Kushtetut\u00eb, shpallja e gjendjes s\u00eb fatkeq\u00ebsis\u00eb natyrore b\u00ebhet me vendim t\u00eb K\u00ebshillit t\u00eb Ministrave e jo t\u00eb kryeministrit vet\u00ebm, k\u00ebshtu Ahmetaj i bie q\u00eb t\u00eb kishte firmosur bashk\u00eb me ministrat e tjer\u00eb, por duket se kjo gj\u00eb nuk ka ndodhur.<\/span><\/p>\n<p><span style=\"color: #000000;\">Vendimi \u00ebsht\u00eb botuar edhe n\u00eb Fletoren Zyrtare, ku thuhet se shpallja e gjendjes s\u00eb fatkeq\u00ebsis\u00eb natyrore \u00ebsht\u00eb propozuar nga ministri p\u00ebr Rind\u00ebrtimin q\u00eb \u00ebsht\u00eb Ahmetaj dhe vendimi \u00ebsht\u00eb marr\u00eb nga K\u00ebshilli i Ministrave.<\/span><\/p>\n<p><span style=\"color: #000000;\"><strong><a href=\"https:\/\/hashtag.al\/wp-content\/uploads\/2020\/03\/vendos.jpg\"><img loading=\"lazy\" decoding=\"async\" class=\"aligncenter size-full wp-image-362963\" src=\"https:\/\/hashtag.al\/wp-content\/uploads\/2020\/03\/vendos.jpg\" alt=\"\" width=\"241\" height=\"264\" \/><\/a><\/strong>Por shikoni Ahmetajn n\u00eb studion e Fevziut, i cili vihet n\u00eb siklet kur gazetari i lexon vendimin e publikuar n\u00eb fletoren zyrtare.<strong>\/Hashtag.al<\/strong><\/span><\/p>\n<div style=\"width: 640px;\" class=\"wp-video\"><video class=\"wp-video-shortcode\" id=\"video-362955-1\" width=\"640\" height=\"352\" preload=\"metadata\" controls=\"controls\"><source type=\"video\/mp4\" src=\"https:\/\/hashtag.al\/wp-content\/uploads\/2020\/03\/Ministri-Arben-Ahmetaj-e-merr-vesh-n\u00eb-studio-q\u00eb-qeveria-ka-shpallur-gjendjen-e-fatkeq\u00ebsis\u00eb-natyrore-Gazeta-Telegraf.mp4?_=1\" \/><a href=\"https:\/\/hashtag.al\/wp-content\/uploads\/2020\/03\/Ministri-Arben-Ahmetaj-e-merr-vesh-n\u00eb-studio-q\u00eb-qeveria-ka-shpallur-gjendjen-e-fatkeq\u00ebsis\u00eb-natyrore-Gazeta-Telegraf.mp4\">https:\/\/hashtag.al\/wp-content\/uploads\/2020\/03\/Ministri-Arben-Ahmetaj-e-merr-vesh-n\u00eb-studio-q\u00eb-qeveria-ka-shpallur-gjendjen-e-fatkeq\u00ebsis\u00eb-natyrore-Gazeta-Telegraf.mp4<\/a><\/video><\/div>\n<p>&nbsp;<\/p>\n","protected":false,"gt_translate_keys":[{"key":"rendered","format":"html"}]},"excerpt":{"rendered":"<p>Mbr\u00ebmjen e kaluar \u00ebsht\u00eb shpallur gjendja e fatkeq\u00ebsis\u00eb natyrore t\u00eb shkaktuar nga koronavirusi Covid-19, por ministri p\u00ebr Rind\u00ebrtimin, Arben Ahmetaj, e ka marr\u00eb vesh k\u00ebt\u00eb lajm n\u00eb nj\u00eb studio televizive. Si nj\u00eb nga ministrat, e mbi t\u00eb gjitha duke qen\u00eb ai q\u00eb e propozoi, Ahmetaj do t\u00eb duhej t\u00eb kishte qen\u00eb n\u00eb dijeni t\u00eb k\u00ebsaj [&hellip;]<\/p>\n","protected":false,"gt_translate_keys":[{"key":"rendered","format":"html"}]},"author":30,"featured_media":362956,"comment_status":"open","ping_status":"open","sticky":false,"template":"","format":"standard","meta":{"footnotes":""},"categories":[22,65,13],"tags":[],"class_list":["post-362955","post","type-post","status-publish","format-standard","has-post-thumbnail","hentry","category-ballina","category-lajme","category-te-fundit"],"gt_translate_keys":[{"key":"link","format":"url"}],"_links":{"self":[{"href":"https:\/\/www.hashtag.al\/index.php\/wp-json\/wp\/v2\/posts\/362955","targetHints":{"allow":["GET"]}}],"collection":[{"href":"https:\/\/www.hashtag.al\/index.php\/wp-json\/wp\/v2\/posts"}],"about":[{"href":"https:\/\/www.hashtag.al\/index.php\/wp-json\/wp\/v2\/types\/post"}],"author":[{"embeddable":true,"href":"https:\/\/www.hashtag.al\/index.php\/wp-json\/wp\/v2\/users\/30"}],"replies":[{"embeddable":true,"href":"https:\/\/www.hashtag.al\/index.php\/wp-json\/wp\/v2\/comments?post=362955"}],"version-history":[{"count":0,"href":"https:\/\/www.hashtag.al\/index.php\/wp-json\/wp\/v2\/posts\/362955\/revisions"}],"wp:featuredmedia":[{"embeddable":true,"href":"https:\/\/www.hashtag.al\/index.php\/wp-json\/wp\/v2\/media\/362956"}],"wp:attachment":[{"href":"https:\/\/www.hashtag.al\/index.php\/wp-json\/wp\/v2\/media?parent=362955"}],"wp:term":[{"taxonomy":"category","embeddable":true,"href":"https:\/\/www.hashtag.al\/index.php\/wp-json\/wp\/v2\/categories?post=362955"},{"taxonomy":"post_tag","embeddable":true,"href":"https:\/\/www.hashtag.al\/index.php\/wp-json\/wp\/v2\/tags?post=362955"}],"curies":[{"name":"wp","href":"https:\/\/api.w.org\/{rel}","templated":true}]}}