{"id":362942,"date":"2020-03-24T22:31:26","date_gmt":"2020-03-24T21:31:26","guid":{"rendered":"https:\/\/hashtag.al\/?p=362942"},"modified":"2020-03-24T22:31:26","modified_gmt":"2020-03-24T21:31:26","slug":"shpallet-gjendja-e-fatkeqesise-natyrore-ne-shqiperi","status":"publish","type":"post","link":"https:\/\/www.hashtag.al\/index.php\/2020\/03\/24\/shpallet-gjendja-e-fatkeqesise-natyrore-ne-shqiperi\/","title":{"rendered":"Shpallet gjendja e fatkeq\u00ebsis\u00eb natyrore n\u00eb Shqip\u00ebri","gt_translate_keys":[{"key":"rendered","format":"text"}]},"content":{"rendered":"<p><span style=\"color: #000000;\"><img loading=\"lazy\" decoding=\"async\" class=\"aligncenter size-full wp-image-361335\" src=\"https:\/\/hashtag.al\/wp-content\/uploads\/2020\/03\/infektivi-koronavirusi.jpg\" alt=\"\" width=\"1280\" height=\"801\" srcset=\"https:\/\/www.hashtag.al\/wp-content\/uploads\/2020\/03\/infektivi-koronavirusi.jpg 1280w, https:\/\/www.hashtag.al\/wp-content\/uploads\/2020\/03\/infektivi-koronavirusi-300x188.jpg 300w, https:\/\/www.hashtag.al\/wp-content\/uploads\/2020\/03\/infektivi-koronavirusi-768x481.jpg 768w, https:\/\/www.hashtag.al\/wp-content\/uploads\/2020\/03\/infektivi-koronavirusi-1024x641.jpg 1024w\" sizes=\"auto, (max-width: 1280px) 100vw, 1280px\" \/><\/span><\/p>\n<p><span style=\"color: #000000;\">\u00cbsht\u00eb shpallur gjendja e fatkeq\u00ebsis\u00eb natyrore t\u00eb shkaktuar nga koronavirusi.<\/span><\/p>\n<p><span style=\"color: #000000;\">Vendimi \u00ebsht\u00eb marr\u00eb n\u00eb mbledhjen e qeveris\u00eb i cili \u00ebsht\u00eb botuar edhe n\u00eb Fletoren Zyrtare.<\/span><\/p>\n<p><span style=\"color: #000000;\">N\u00eb vendimin e publikuar n\u00eb Fletoren Zyrtare, thuhet se gjendja e fatkeq\u00ebsis\u00eb natyrore shpallet n\u00eb t\u00eb gjith\u00eb vendin p\u00ebr shkak t\u00eb epidemis\u00eb s\u00eb shkaktuar nga COVID-19.<\/span><\/p>\n<p><span style=\"color: #000000;\">P\u00ebr p\u00ebrballimin dhe leht\u00ebsimin e pasojave t\u00eb fatkeq\u00ebsis\u00eb natyrore merren masat e jasht\u00ebzakonshme, si m\u00eb posht\u00eb vijon: 6.1. Institucionet publike:<\/span><\/p>\n<p><span style=\"color: #000000;\">a) t\u00eb realizojn\u00eb plane masash organizative dhe administrative p\u00ebr p\u00ebrballimin e gjendjes s\u00eb fatkeq\u00ebsis\u00eb natyrore;<\/span><\/p>\n<p><span style=\"color: #000000;\">b) t\u00eb p\u00ebrdorin burimet financiare t\u00eb parashikuara n\u00eb buxhetin vjetor, si dhe t\u00eb rivler\u00ebsojn\u00eb buxhetin e tyre vjetor, n\u00eb p\u00ebrputhje me kryerjen e shpenzimeve shtes\u00eb t\u00eb paparashikuara;<\/span><\/p>\n<p><span style=\"color: #000000;\">c) t\u00eb v\u00ebn\u00eb n\u00eb dispozicion burimet njer\u00ebzore e logjistike;<\/span><\/p>\n<p><span style=\"color: #000000;\">\u00e7) t\u00eb caktojn\u00eb objektet shtet\u00ebrore n\u00eb p\u00ebrgjegj\u00ebsin\u00eb e tyre t\u00eb administrimit, q\u00eb mund t\u00eb vihen n\u00eb dispozicion p\u00ebr strehimin e popullsis\u00eb s\u00eb evakuuar;<\/span><\/p>\n<p><span style=\"color: #000000;\">d) t\u00eb kufizojn\u00eb aksesin n\u00eb ambiente publike, t\u00eb cilat kan\u00eb nj\u00eb frekuentim t\u00eb gjer\u00eb;<\/span><\/p>\n<p><span style=\"color: #000000;\">dh) t\u00eb ndalojn\u00eb tubimet, manifestimet dhe grevat;<\/span><\/p>\n<p><span style=\"color: #000000;\">e) t\u00eb kufizojn\u00eb aktivitetet n\u00eb minimumin e domosdosh\u00ebm p\u00ebr t\u00eb gjitha organet publike;<\/span><\/p>\n<p><span style=\"color: #000000;\">\u00eb) t\u00eb vendosin n\u00eb karantin\u00eb t\u00eb gjith\u00eb personat e konfirmuar ose t\u00eb dyshuar se jan\u00eb t\u00eb prekur nga COVID-19;<\/span><\/p>\n<p><span style=\"color: #000000;\">f) t\u00eb krijojn\u00eb dhe t\u00eb sigurojn\u00eb zonat e karantin\u00ebs me personel, t\u00eb cilit t\u2019i sigurohen t\u00eb gjith\u00eb masat parandaluese p\u00ebr t\u00eb evituar infektimin;<\/span><\/p>\n<p><span style=\"color: #000000;\">g) t\u00eb garantojn\u00eb kushtet dhe stafin e kualifikuar p\u00ebr kurim t\u00eb specializuar n\u00eb qendrat e karantin\u00ebs;<\/span><\/p>\n<p><span style=\"color: #000000;\">gj) t\u00eb pajisin t\u00eb gjith\u00eb punonj\u00ebsit e qendrave spitalore dhe sh\u00ebndet\u00ebsore me baz\u00ebn e nevojshme materiale p\u00ebr shmangien e infektimit.<\/span><\/p>\n<p><span style=\"color: #000000;\"><img loading=\"lazy\" decoding=\"async\" class=\"aligncenter size-full wp-image-362943\" src=\"https:\/\/hashtag.al\/wp-content\/uploads\/2020\/03\/143.jpg\" alt=\"\" width=\"438\" height=\"596\" srcset=\"https:\/\/www.hashtag.al\/wp-content\/uploads\/2020\/03\/143.jpg 438w, https:\/\/www.hashtag.al\/wp-content\/uploads\/2020\/03\/143-220x300.jpg 220w\" sizes=\"auto, (max-width: 438px) 100vw, 438px\" \/> <img loading=\"lazy\" decoding=\"async\" class=\"aligncenter size-full wp-image-362944\" src=\"https:\/\/hashtag.al\/wp-content\/uploads\/2020\/03\/224.jpg\" alt=\"\" width=\"426\" height=\"474\" srcset=\"https:\/\/www.hashtag.al\/wp-content\/uploads\/2020\/03\/224.jpg 426w, https:\/\/www.hashtag.al\/wp-content\/uploads\/2020\/03\/224-270x300.jpg 270w\" sizes=\"auto, (max-width: 426px) 100vw, 426px\" \/><\/span><\/p>\n","protected":false,"gt_translate_keys":[{"key":"rendered","format":"html"}]},"excerpt":{"rendered":"<p>\u00cbsht\u00eb shpallur gjendja e fatkeq\u00ebsis\u00eb natyrore t\u00eb shkaktuar nga koronavirusi. Vendimi \u00ebsht\u00eb marr\u00eb n\u00eb mbledhjen e qeveris\u00eb i cili \u00ebsht\u00eb botuar edhe n\u00eb Fletoren Zyrtare. N\u00eb vendimin e publikuar n\u00eb Fletoren Zyrtare, thuhet se gjendja e fatkeq\u00ebsis\u00eb natyrore shpallet n\u00eb t\u00eb gjith\u00eb vendin p\u00ebr shkak t\u00eb epidemis\u00eb s\u00eb shkaktuar nga COVID-19. P\u00ebr p\u00ebrballimin dhe leht\u00ebsimin [&hellip;]<\/p>\n","protected":false,"gt_translate_keys":[{"key":"rendered","format":"html"}]},"author":32,"featured_media":361335,"comment_status":"open","ping_status":"open","sticky":false,"template":"","format":"standard","meta":{"footnotes":""},"categories":[65,13],"tags":[],"class_list":["post-362942","post","type-post","status-publish","format-standard","has-post-thumbnail","hentry","category-lajme","category-te-fundit"],"gt_translate_keys":[{"key":"link","format":"url"}],"_links":{"self":[{"href":"https:\/\/www.hashtag.al\/index.php\/wp-json\/wp\/v2\/posts\/362942","targetHints":{"allow":["GET"]}}],"collection":[{"href":"https:\/\/www.hashtag.al\/index.php\/wp-json\/wp\/v2\/posts"}],"about":[{"href":"https:\/\/www.hashtag.al\/index.php\/wp-json\/wp\/v2\/types\/post"}],"author":[{"embeddable":true,"href":"https:\/\/www.hashtag.al\/index.php\/wp-json\/wp\/v2\/users\/32"}],"replies":[{"embeddable":true,"href":"https:\/\/www.hashtag.al\/index.php\/wp-json\/wp\/v2\/comments?post=362942"}],"version-history":[{"count":0,"href":"https:\/\/www.hashtag.al\/index.php\/wp-json\/wp\/v2\/posts\/362942\/revisions"}],"wp:featuredmedia":[{"embeddable":true,"href":"https:\/\/www.hashtag.al\/index.php\/wp-json\/wp\/v2\/media\/361335"}],"wp:attachment":[{"href":"https:\/\/www.hashtag.al\/index.php\/wp-json\/wp\/v2\/media?parent=362942"}],"wp:term":[{"taxonomy":"category","embeddable":true,"href":"https:\/\/www.hashtag.al\/index.php\/wp-json\/wp\/v2\/categories?post=362942"},{"taxonomy":"post_tag","embeddable":true,"href":"https:\/\/www.hashtag.al\/index.php\/wp-json\/wp\/v2\/tags?post=362942"}],"curies":[{"name":"wp","href":"https:\/\/api.w.org\/{rel}","templated":true}]}}