{"id":362933,"date":"2020-03-24T21:40:38","date_gmt":"2020-03-24T20:40:38","guid":{"rendered":"https:\/\/hashtag.al\/?p=362933"},"modified":"2020-03-24T21:27:43","modified_gmt":"2020-03-24T20:27:43","slug":"klgj-ja-shtyn-me-dy-jave-pezullimin-e-veprimtarise-se-gjykatave","status":"publish","type":"post","link":"https:\/\/www.hashtag.al\/index.php\/2020\/03\/24\/klgj-ja-shtyn-me-dy-jave-pezullimin-e-veprimtarise-se-gjykatave\/","title":{"rendered":"KLGJ-ja shtyn me dy jav\u00eb pezullimin e veprimtaris\u00eb s\u00eb gjykatave","gt_translate_keys":[{"key":"rendered","format":"text"}]},"content":{"rendered":"<p><img loading=\"lazy\" decoding=\"async\" class=\"aligncenter size-full wp-image-312077\" src=\"https:\/\/hashtag.al\/wp-content\/uploads\/2019\/07\/KLGJ26korrik.jpg\" alt=\"\" width=\"1280\" height=\"823\" \/><\/p>\n<p><span style=\"color: #000000;\">K\u00ebshilli i Lart\u00eb Gjyq\u00ebsor ka njoftuar se ka shtyr\u00eb pezullimin e veprimtaris\u00eb s\u00eb gjykatave p\u00ebrve\u00e7 rasteve urgjente sipas gjykimit t\u00eb gjyqtarve p\u00ebr shkak t\u00eb situat\u00ebs lidhur me infeksionin e shkaktuar nga COVID-2019.<\/span><\/p>\n<p><span style=\"color: #000000;\">P\u00ebrjashtohen nga efektet e k\u00ebtij pezullimi veprimtaria dhe sh\u00ebrbimet gjyq\u00ebsore q\u00eb lidhen me \u00e7\u00ebshtje me natyr\u00eb t\u00eb ngutshme, t\u00eb vler\u00ebsuara si t\u00eb tilla rast pas rasti nga gjyqtari, si p.sh. seancat gjyq\u00ebsore q\u00eb kan\u00eb lidhje me masat e sigurimit, afatet e paraburgimit, etj.<\/span><\/p>\n<p><span style=\"color: #000000;\">N\u00eb \u00e7do rast, ndalohet prania e publikut n\u00eb mjediset e gjykatave. Gjat\u00eb periudh\u00ebs s\u00eb pezullimit, komunikimi i publikut me gjykatat mund t\u00eb realizohet vet\u00ebm n\u00ebp\u00ebrmjet post\u00ebs zyrtare, post\u00ebs elektronike (email), ose online, n\u00ebp\u00ebrmjet faqeve zyrtare t\u00eb internetit t\u00eb gjykatave.<\/span><\/p>\n<p><span style=\"color: #000000;\">Koh\u00ebzgjatja e k\u00ebtyre masave do t\u00eb jet\u00eb p\u00ebr nj\u00eb periudh\u00eb 2 (dy) javore, duke filluar nga data 25.03.2020 deri m\u00eb dat\u00eb 07.04.2020 (p\u00ebrfshir\u00eb edhe k\u00ebt\u00eb dat\u00eb).<\/span><\/p>\n","protected":false,"gt_translate_keys":[{"key":"rendered","format":"html"}]},"excerpt":{"rendered":"<p>K\u00ebshilli i Lart\u00eb Gjyq\u00ebsor ka njoftuar se ka shtyr\u00eb pezullimin e veprimtaris\u00eb s\u00eb gjykatave p\u00ebrve\u00e7 rasteve urgjente sipas gjykimit t\u00eb gjyqtarve p\u00ebr shkak t\u00eb situat\u00ebs lidhur me infeksionin e shkaktuar nga COVID-2019. P\u00ebrjashtohen nga efektet e k\u00ebtij pezullimi veprimtaria dhe sh\u00ebrbimet gjyq\u00ebsore q\u00eb lidhen me \u00e7\u00ebshtje me natyr\u00eb t\u00eb ngutshme, t\u00eb vler\u00ebsuara si t\u00eb tilla [&hellip;]<\/p>\n","protected":false,"gt_translate_keys":[{"key":"rendered","format":"html"}]},"author":32,"featured_media":0,"comment_status":"open","ping_status":"open","sticky":false,"template":"","format":"standard","meta":{"footnotes":""},"categories":[65,13],"tags":[],"class_list":["post-362933","post","type-post","status-publish","format-standard","hentry","category-lajme","category-te-fundit"],"gt_translate_keys":[{"key":"link","format":"url"}],"_links":{"self":[{"href":"https:\/\/www.hashtag.al\/index.php\/wp-json\/wp\/v2\/posts\/362933","targetHints":{"allow":["GET"]}}],"collection":[{"href":"https:\/\/www.hashtag.al\/index.php\/wp-json\/wp\/v2\/posts"}],"about":[{"href":"https:\/\/www.hashtag.al\/index.php\/wp-json\/wp\/v2\/types\/post"}],"author":[{"embeddable":true,"href":"https:\/\/www.hashtag.al\/index.php\/wp-json\/wp\/v2\/users\/32"}],"replies":[{"embeddable":true,"href":"https:\/\/www.hashtag.al\/index.php\/wp-json\/wp\/v2\/comments?post=362933"}],"version-history":[{"count":0,"href":"https:\/\/www.hashtag.al\/index.php\/wp-json\/wp\/v2\/posts\/362933\/revisions"}],"wp:attachment":[{"href":"https:\/\/www.hashtag.al\/index.php\/wp-json\/wp\/v2\/media?parent=362933"}],"wp:term":[{"taxonomy":"category","embeddable":true,"href":"https:\/\/www.hashtag.al\/index.php\/wp-json\/wp\/v2\/categories?post=362933"},{"taxonomy":"post_tag","embeddable":true,"href":"https:\/\/www.hashtag.al\/index.php\/wp-json\/wp\/v2\/tags?post=362933"}],"curies":[{"name":"wp","href":"https:\/\/api.w.org\/{rel}","templated":true}]}}