{"id":362911,"date":"2020-03-24T19:37:07","date_gmt":"2020-03-24T18:37:07","guid":{"rendered":"https:\/\/hashtag.al\/?p=362911"},"modified":"2020-03-24T19:37:07","modified_gmt":"2020-03-24T18:37:07","slug":"infektimi-me-koronavirus-brataj-tregon-gjendjen-shendetesore-ka-edhe-nje-mesazh-per-qytetaret","status":"publish","type":"post","link":"https:\/\/www.hashtag.al\/index.php\/2020\/03\/24\/infektimi-me-koronavirus-brataj-tregon-gjendjen-shendetesore-ka-edhe-nje-mesazh-per-qytetaret\/","title":{"rendered":"Infektimi me koronavirus, Brataj tregon gjendjen sh\u00ebndet\u00ebsore, ka edhe nj\u00eb mesazh p\u00ebr qytetar\u00ebt","gt_translate_keys":[{"key":"rendered","format":"text"}]},"content":{"rendered":"<p><img loading=\"lazy\" decoding=\"async\" class=\"aligncenter size-full wp-image-362824\" src=\"https:\/\/hashtag.al\/wp-content\/uploads\/2020\/03\/skender-Brataj.jpg\" alt=\"\" width=\"1261\" height=\"831\" srcset=\"https:\/\/www.hashtag.al\/wp-content\/uploads\/2020\/03\/skender-Brataj.jpg 1261w, https:\/\/www.hashtag.al\/wp-content\/uploads\/2020\/03\/skender-Brataj-300x198.jpg 300w, https:\/\/www.hashtag.al\/wp-content\/uploads\/2020\/03\/skender-Brataj-768x506.jpg 768w, https:\/\/www.hashtag.al\/wp-content\/uploads\/2020\/03\/skender-Brataj-1024x675.jpg 1024w\" sizes=\"auto, (max-width: 1261px) 100vw, 1261px\" \/><\/p>\n<p><span style=\"color: #000000;\">Kreu i Urgjenc\u00ebs Komb\u00ebtare, Sk\u00ebnder Brataj ka reaguar pas b\u00ebrjes publike t\u00eb lajmit se \u00ebsht\u00eb prekur me koronavirus.<\/span><\/p>\n<p><span style=\"color: #000000;\">Brataj n\u00eb rrjetet sociale, ka fal\u00ebnderuar t\u00eb gjith\u00eb p\u00ebr interesimin e sinqert\u00eb duke sqaruar m\u00eb tej edhe gjendjen momentale sh\u00ebndet\u00ebsore.<\/span><\/p>\n<p><span style=\"color: #000000;\">Kreu i Urgjenc\u00ebs momentalisht \u00ebsht\u00eb n\u00eb gjendje t\u00eb leht\u00eb dhe po kurohet n\u00eb banes\u00eb nd\u00ebrsa temperatur\u00ebn momentale e ka 37.5 nga 39.5 q\u00eb e kisht\u00eb para dy dit\u00ebsh.<\/span><\/p>\n<p><span style=\"color: #000000;\">M\u00eb tej Brataj ka nj\u00eb mesazh p\u00ebr edhe p\u00ebr qytetar\u00ebt duke i k\u00ebrkuar t\u00eb ekspozohen sa m\u00eb pak.<\/span><\/p>\n<p><span style=\"color: #000000;\"><strong>Postimi i plot\u00eb:<\/strong><\/span><\/p>\n<p><span style=\"color: #000000;\">Mirembrema te gjitheve.<\/span><\/p>\n<p><span style=\"color: #000000;\">Ju falenderoj pa mase per interesimin tuaj te sinqerte. Vertete eshte shume emocionuese per mua ky reagim solidariteti nga ana juaj. Une aktualisht kam nje gjendje te lehte te semundjes dhe tani po kurohem ne banese. Temperatura ime ne kete moment eshte vetem 37,5 nga 39,5 qe ishte dy dite me pare.<\/span><br \/>\n<span style=\"color: #000000;\">Ne personeli mjeksor dhe mbeshtetes, nuk i shmangemi dot betejes, linjes se pare per te cilen jemi pergatitur.<\/span><br \/>\n<span style=\"color: #000000;\">Eshte normale, qe sado masa parandaluese te marresh, ne front mund te demtohesh ne kete lufte te padukeshme, ndersa Ju mundeni te ekspozoheni sa me pak.<\/span><br \/>\n<span style=\"color: #000000;\">Behuni ju te padukshem per koronavirusin!<\/span><br \/>\n<span style=\"color: #000000;\">Qendroni ne shtepi!<\/span><br \/>\n<span style=\"color: #000000;\">Tani edhe une do te punoj nga banesa per disa kohe,sepse mundet!<\/span><br \/>\n<span style=\"color: #000000;\">Te gjithe bashke do tja dalim!<\/span><br \/>\n<span style=\"color: #000000;\">Ju pershendes.<\/span><\/p>\n<p>&nbsp;<\/p>\n","protected":false,"gt_translate_keys":[{"key":"rendered","format":"html"}]},"excerpt":{"rendered":"<p>Kreu i Urgjenc\u00ebs Komb\u00ebtare, Sk\u00ebnder Brataj ka reaguar pas b\u00ebrjes publike t\u00eb lajmit se \u00ebsht\u00eb prekur me koronavirus. Brataj n\u00eb rrjetet sociale, ka fal\u00ebnderuar t\u00eb gjith\u00eb p\u00ebr interesimin e sinqert\u00eb duke sqaruar m\u00eb tej edhe gjendjen momentale sh\u00ebndet\u00ebsore. Kreu i Urgjenc\u00ebs momentalisht \u00ebsht\u00eb n\u00eb gjendje t\u00eb leht\u00eb dhe po kurohet n\u00eb banes\u00eb nd\u00ebrsa temperatur\u00ebn momentale [&hellip;]<\/p>\n","protected":false,"gt_translate_keys":[{"key":"rendered","format":"html"}]},"author":32,"featured_media":362824,"comment_status":"open","ping_status":"open","sticky":false,"template":"","format":"standard","meta":{"footnotes":""},"categories":[65,13],"tags":[],"class_list":["post-362911","post","type-post","status-publish","format-standard","has-post-thumbnail","hentry","category-lajme","category-te-fundit"],"gt_translate_keys":[{"key":"link","format":"url"}],"_links":{"self":[{"href":"https:\/\/www.hashtag.al\/index.php\/wp-json\/wp\/v2\/posts\/362911","targetHints":{"allow":["GET"]}}],"collection":[{"href":"https:\/\/www.hashtag.al\/index.php\/wp-json\/wp\/v2\/posts"}],"about":[{"href":"https:\/\/www.hashtag.al\/index.php\/wp-json\/wp\/v2\/types\/post"}],"author":[{"embeddable":true,"href":"https:\/\/www.hashtag.al\/index.php\/wp-json\/wp\/v2\/users\/32"}],"replies":[{"embeddable":true,"href":"https:\/\/www.hashtag.al\/index.php\/wp-json\/wp\/v2\/comments?post=362911"}],"version-history":[{"count":0,"href":"https:\/\/www.hashtag.al\/index.php\/wp-json\/wp\/v2\/posts\/362911\/revisions"}],"wp:featuredmedia":[{"embeddable":true,"href":"https:\/\/www.hashtag.al\/index.php\/wp-json\/wp\/v2\/media\/362824"}],"wp:attachment":[{"href":"https:\/\/www.hashtag.al\/index.php\/wp-json\/wp\/v2\/media?parent=362911"}],"wp:term":[{"taxonomy":"category","embeddable":true,"href":"https:\/\/www.hashtag.al\/index.php\/wp-json\/wp\/v2\/categories?post=362911"},{"taxonomy":"post_tag","embeddable":true,"href":"https:\/\/www.hashtag.al\/index.php\/wp-json\/wp\/v2\/tags?post=362911"}],"curies":[{"name":"wp","href":"https:\/\/api.w.org\/{rel}","templated":true}]}}