{"id":362854,"date":"2020-03-24T15:23:11","date_gmt":"2020-03-24T14:23:11","guid":{"rendered":"https:\/\/hashtag.al\/?p=362854"},"modified":"2020-03-24T15:28:07","modified_gmt":"2020-03-24T14:28:07","slug":"aku-thirrje-tregtareve-mbuloni-me-qese-prodhimet-e-shmangni-kontaktin-me-to-pa-dorashka","status":"publish","type":"post","link":"https:\/\/www.hashtag.al\/index.php\/2020\/03\/24\/aku-thirrje-tregtareve-mbuloni-me-qese-prodhimet-e-shmangni-kontaktin-me-to-pa-dorashka\/","title":{"rendered":"AKU thirrje tregtar\u00ebve: Mbuloni me qese prodhimet e shmangni kontaktin me to pa dorashka","gt_translate_keys":[{"key":"rendered","format":"text"}]},"content":{"rendered":"<p><img loading=\"lazy\" decoding=\"async\" class=\"aligncenter size-full wp-image-362855\" src=\"https:\/\/hashtag.al\/wp-content\/uploads\/2020\/03\/tregucovid2.jpg\" alt=\"\" width=\"714\" height=\"434\" srcset=\"https:\/\/www.hashtag.al\/wp-content\/uploads\/2020\/03\/tregucovid2.jpg 714w, https:\/\/www.hashtag.al\/wp-content\/uploads\/2020\/03\/tregucovid2-300x182.jpg 300w\" sizes=\"auto, (max-width: 714px) 100vw, 714px\" \/><\/p>\n<p><span style=\"color: #000000;\">Autoriteti Komb\u00ebtar i Ushqimit u ka b\u00ebr\u00eb thirrje publike bizneseve t\u00eb fruta-perimeve q\u00eb t\u00eb marrin masa p\u00ebr ndalimin e p\u00ebrhapjes s\u00eb koronavirusit. <\/span><\/p>\n<p><span style=\"color: #000000;\">N\u00eb njoftim theksohet se tregtar\u00ebt duhet t\u00eb mbulojn\u00eb me qese prodhimet q\u00eb tregtojn\u00eb p\u00ebr t\u2019i mbrojtur nga nga sp\u00ebrklat e teshtimat e bler\u00ebsve si dhe t\u00eb shmangin kontaktin e drejtp\u00ebrdrejt\u00eb me frutat e perimet.<\/span><\/p>\n<p><span style=\"color: #000000;\"><strong>Njoftimi AKU<\/strong><\/span><\/p>\n<p><span style=\"color: #000000;\"><em>\u2018AKU k\u00ebrkon n\u00eb m\u00ebnyr\u00eb rigoroze zbatimin dhe forcimin e masave p\u00ebr ndalimin e p\u00ebrhapjes s\u00eb Koronavirusit.\u00a0 AKU i&#8217;u b\u00ebn thirrje t\u00eb gjith\u00eb subjekteve q\u00eb tregtojn\u00eb fruta-perime t\u00eb nd\u00ebrmarrin n\u00eb m\u00ebnyr\u00eb t\u00eb menj\u00ebhershme k\u00ebto masa:<\/em><\/span><\/p>\n<p><span style=\"color: #000000;\"><em>T\u00eb gjitha produktet fruta-perime duhet t\u00eb jen\u00eb t\u00eb mbuluara me qese plasmasi t\u00eb tejdukshme n\u00eb m\u00ebnyr\u00eb q\u00eb t\u00eb shmanget kontakti me sp\u00ebrklat e mundshme gjat\u00eb t\u00eb folur\u00ebs apo t\u00ebshtitjes s\u00eb personave,<\/em><\/span><\/p>\n<p><span style=\"color: #000000;\"><em>T\u00eb gjith\u00eb shit\u00ebsit por edhe konsumator\u00ebt t\u00eb shmangin prekjen e drejtp\u00ebrdrejt\u00eb me dor\u00eb t\u00eb produktit.<\/em><\/span><\/p>\n<p><span style=\"color: #000000;\"><em>Zgjedhja dhe blerja e tyre do t\u00eb b\u00ebhet vet\u00ebm n\u00ebp\u00ebrmjet dorashkave nj\u00ebp\u00ebrdorimshe ose qeseve q\u00eb sh\u00ebrbejn\u00eb p\u00ebr mbajtjen e produktit.<\/em><\/span><\/p>\n<p><span style=\"color: #000000;\"><em>Theksojm\u00eb se k\u00ebto masa vijn\u00eb si rrjedhoj\u00eb dhe nevoj\u00eb e forcimit t\u00eb m\u00ebtejsh\u00ebm t\u00eb masave t\u00eb m\u00ebparshme t\u00eb nd\u00ebrmarra nga AKU, me q\u00ebllimin e vet\u00ebm mbrojtjen e sh\u00ebndetit dhe jet\u00ebs s\u00eb t\u00eb gjith\u00eb konsumator\u00ebve.\u2019<\/em><\/span><\/p>\n","protected":false,"gt_translate_keys":[{"key":"rendered","format":"html"}]},"excerpt":{"rendered":"<p>Autoriteti Komb\u00ebtar i Ushqimit u ka b\u00ebr\u00eb thirrje publike bizneseve t\u00eb fruta-perimeve q\u00eb t\u00eb marrin masa p\u00ebr ndalimin e p\u00ebrhapjes s\u00eb koronavirusit. N\u00eb njoftim theksohet se tregtar\u00ebt duhet t\u00eb mbulojn\u00eb me qese prodhimet q\u00eb tregtojn\u00eb p\u00ebr t\u2019i mbrojtur nga nga sp\u00ebrklat e teshtimat e bler\u00ebsve si dhe t\u00eb shmangin kontaktin e drejtp\u00ebrdrejt\u00eb me frutat e [&hellip;]<\/p>\n","protected":false,"gt_translate_keys":[{"key":"rendered","format":"html"}]},"author":51,"featured_media":362855,"comment_status":"open","ping_status":"open","sticky":false,"template":"","format":"standard","meta":{"footnotes":""},"categories":[13],"tags":[],"class_list":["post-362854","post","type-post","status-publish","format-standard","has-post-thumbnail","hentry","category-te-fundit"],"gt_translate_keys":[{"key":"link","format":"url"}],"_links":{"self":[{"href":"https:\/\/www.hashtag.al\/index.php\/wp-json\/wp\/v2\/posts\/362854","targetHints":{"allow":["GET"]}}],"collection":[{"href":"https:\/\/www.hashtag.al\/index.php\/wp-json\/wp\/v2\/posts"}],"about":[{"href":"https:\/\/www.hashtag.al\/index.php\/wp-json\/wp\/v2\/types\/post"}],"author":[{"embeddable":true,"href":"https:\/\/www.hashtag.al\/index.php\/wp-json\/wp\/v2\/users\/51"}],"replies":[{"embeddable":true,"href":"https:\/\/www.hashtag.al\/index.php\/wp-json\/wp\/v2\/comments?post=362854"}],"version-history":[{"count":0,"href":"https:\/\/www.hashtag.al\/index.php\/wp-json\/wp\/v2\/posts\/362854\/revisions"}],"wp:featuredmedia":[{"embeddable":true,"href":"https:\/\/www.hashtag.al\/index.php\/wp-json\/wp\/v2\/media\/362855"}],"wp:attachment":[{"href":"https:\/\/www.hashtag.al\/index.php\/wp-json\/wp\/v2\/media?parent=362854"}],"wp:term":[{"taxonomy":"category","embeddable":true,"href":"https:\/\/www.hashtag.al\/index.php\/wp-json\/wp\/v2\/categories?post=362854"},{"taxonomy":"post_tag","embeddable":true,"href":"https:\/\/www.hashtag.al\/index.php\/wp-json\/wp\/v2\/tags?post=362854"}],"curies":[{"name":"wp","href":"https:\/\/api.w.org\/{rel}","templated":true}]}}