{"id":362705,"date":"2020-03-23T22:56:43","date_gmt":"2020-03-23T21:56:43","guid":{"rendered":"https:\/\/hashtag.al\/?p=362705"},"modified":"2020-03-23T22:56:43","modified_gmt":"2020-03-23T21:56:43","slug":"pipero-java-e-trete-pritet-te-jete-piku-i-koronavirusit-fillimi-prillit-mund-te-jete-thyerja-e-epidemise","status":"publish","type":"post","link":"https:\/\/www.hashtag.al\/index.php\/2020\/03\/23\/pipero-java-e-trete-pritet-te-jete-piku-i-koronavirusit-fillimi-prillit-mund-te-jete-thyerja-e-epidemise\/","title":{"rendered":"Pipero: Java e tret\u00eb pritet t\u00eb jet\u00eb piku i koronavirusit, fillimi prillit mund t\u00eb jet\u00eb thyerja e epidemis\u00eb","gt_translate_keys":[{"key":"rendered","format":"text"}]},"content":{"rendered":"<p><img loading=\"lazy\" decoding=\"async\" class=\"aligncenter size-full wp-image-362706\" src=\"https:\/\/hashtag.al\/wp-content\/uploads\/2020\/03\/pipero-1.jpg\" alt=\"\" width=\"1280\" height=\"853\" srcset=\"https:\/\/www.hashtag.al\/wp-content\/uploads\/2020\/03\/pipero-1.jpg 1280w, https:\/\/www.hashtag.al\/wp-content\/uploads\/2020\/03\/pipero-1-300x200.jpg 300w, https:\/\/www.hashtag.al\/wp-content\/uploads\/2020\/03\/pipero-1-768x512.jpg 768w, https:\/\/www.hashtag.al\/wp-content\/uploads\/2020\/03\/pipero-1-1024x682.jpg 1024w\" sizes=\"auto, (max-width: 1280px) 100vw, 1280px\" \/><\/p>\n<p><span style=\"color: #000000;\">Mjeku P\u00ebllumb Pipero deklaroi mbr\u00ebmjen e sotme n\u00eb nj\u00eb intervist\u00eb p\u00ebr \u201cOpen\u201d se infektimet pritet t\u00eb arrijn\u00eb pikun n\u00eb Shqip\u00ebri n\u00eb jav\u00ebn e tret\u00eb.<\/span><\/p>\n<p><span style=\"color: #000000;\">Nd\u00ebrsa lidhur me leht\u00ebsimin e situtat\u00ebs, ai tha se pavar\u00ebsisht se \u00ebsht\u00eb i v\u00ebshtir\u00eb parashikimi mendohet se fillimi i muajit prill mund t\u00eb shn\u00eboj\u00eb nj\u00eb thyerje t\u00eb epidemis\u00eb.<\/span><\/p>\n<p><span style=\"color: #000000;\">\u201c<em>Un\u00eb kam nj\u00eb grafik t\u00eb zhvillimit t\u00eb s\u00ebmundjes. N\u00eb fillim t\u00eb jav\u00ebs s\u00eb tret\u00eb rritet numri i t\u00eb prekurve. Koleg\u00ebt n\u00ebp\u00ebr bot\u00eb, e quajn\u00eb fillimi i stuhis\u00eb. N\u00eb rast se shqiptar\u00ebt i kan\u00eb zbatuar rregullat, numri i t\u00eb prekurve \u00ebsht\u00eb i ul\u00ebt. N\u00eb k\u00ebt\u00eb situat\u00eb \u00ebsht\u00eb mjaft e v\u00ebshtir\u00eb ta parashikosh. Fundi i marsi dhe java e prillit do t\u00eb filloj\u00eb t\u00eb thyhet epidemia. Un\u00eb besoj fort.<\/em><\/span><\/p>\n<p><span style=\"color: #000000;\"><em>Un\u00eb besoj se n\u00eb jav\u00ebn e dyt\u00eb t\u00eb prillit masat do t\u00eb zbuten. Kjo bazohet mbi studimet e epidemive t\u00eb m\u00ebparshme. Ky \u00ebsht\u00eb nj\u00eb virus respirator dhe nuk besoj se do t\u2019i shmanget k\u00ebtyre parashikimeve. Situata \u00ebsht\u00eb shum\u00eb serioze por jo e r\u00ebnd\u00eb<\/em>\u201d.<\/span><\/p>\n","protected":false,"gt_translate_keys":[{"key":"rendered","format":"html"}]},"excerpt":{"rendered":"<p>Mjeku P\u00ebllumb Pipero deklaroi mbr\u00ebmjen e sotme n\u00eb nj\u00eb intervist\u00eb p\u00ebr \u201cOpen\u201d se infektimet pritet t\u00eb arrijn\u00eb pikun n\u00eb Shqip\u00ebri n\u00eb jav\u00ebn e tret\u00eb. Nd\u00ebrsa lidhur me leht\u00ebsimin e situtat\u00ebs, ai tha se pavar\u00ebsisht se \u00ebsht\u00eb i v\u00ebshtir\u00eb parashikimi mendohet se fillimi i muajit prill mund t\u00eb shn\u00eboj\u00eb nj\u00eb thyerje t\u00eb epidemis\u00eb. \u201cUn\u00eb kam nj\u00eb [&hellip;]<\/p>\n","protected":false,"gt_translate_keys":[{"key":"rendered","format":"html"}]},"author":32,"featured_media":362706,"comment_status":"open","ping_status":"open","sticky":false,"template":"","format":"standard","meta":{"footnotes":""},"categories":[65,13],"tags":[],"class_list":["post-362705","post","type-post","status-publish","format-standard","has-post-thumbnail","hentry","category-lajme","category-te-fundit"],"gt_translate_keys":[{"key":"link","format":"url"}],"_links":{"self":[{"href":"https:\/\/www.hashtag.al\/index.php\/wp-json\/wp\/v2\/posts\/362705","targetHints":{"allow":["GET"]}}],"collection":[{"href":"https:\/\/www.hashtag.al\/index.php\/wp-json\/wp\/v2\/posts"}],"about":[{"href":"https:\/\/www.hashtag.al\/index.php\/wp-json\/wp\/v2\/types\/post"}],"author":[{"embeddable":true,"href":"https:\/\/www.hashtag.al\/index.php\/wp-json\/wp\/v2\/users\/32"}],"replies":[{"embeddable":true,"href":"https:\/\/www.hashtag.al\/index.php\/wp-json\/wp\/v2\/comments?post=362705"}],"version-history":[{"count":0,"href":"https:\/\/www.hashtag.al\/index.php\/wp-json\/wp\/v2\/posts\/362705\/revisions"}],"wp:featuredmedia":[{"embeddable":true,"href":"https:\/\/www.hashtag.al\/index.php\/wp-json\/wp\/v2\/media\/362706"}],"wp:attachment":[{"href":"https:\/\/www.hashtag.al\/index.php\/wp-json\/wp\/v2\/media?parent=362705"}],"wp:term":[{"taxonomy":"category","embeddable":true,"href":"https:\/\/www.hashtag.al\/index.php\/wp-json\/wp\/v2\/categories?post=362705"},{"taxonomy":"post_tag","embeddable":true,"href":"https:\/\/www.hashtag.al\/index.php\/wp-json\/wp\/v2\/tags?post=362705"}],"curies":[{"name":"wp","href":"https:\/\/api.w.org\/{rel}","templated":true}]}}