{"id":362645,"date":"2020-03-23T15:00:10","date_gmt":"2020-03-23T14:00:10","guid":{"rendered":"https:\/\/hashtag.al\/?p=362645"},"modified":"2020-03-23T15:00:10","modified_gmt":"2020-03-23T14:00:10","slug":"kemi-porositur-150-respiratore-kemi-gjendje-e-po-furnizohemi-me-maska-doreza-e-veshje-speciale-ministrja-jep-shifrat","status":"publish","type":"post","link":"https:\/\/www.hashtag.al\/index.php\/2020\/03\/23\/kemi-porositur-150-respiratore-kemi-gjendje-e-po-furnizohemi-me-maska-doreza-e-veshje-speciale-ministrja-jep-shifrat\/","title":{"rendered":"&#8220;Kemi porositur 150 respirator\u00eb, kemi gjendje e po furnizohemi me maska, doreza e veshje speciale&#8221; &#8211; Ministrja jep shifrat","gt_translate_keys":[{"key":"rendered","format":"text"}]},"content":{"rendered":"<p><img loading=\"lazy\" decoding=\"async\" class=\"aligncenter size-full wp-image-362646\" src=\"https:\/\/hashtag.al\/wp-content\/uploads\/2020\/03\/ogerta-1.jpg\" alt=\"\" width=\"1165\" height=\"636\" srcset=\"https:\/\/www.hashtag.al\/wp-content\/uploads\/2020\/03\/ogerta-1.jpg 1165w, https:\/\/www.hashtag.al\/wp-content\/uploads\/2020\/03\/ogerta-1-300x164.jpg 300w, https:\/\/www.hashtag.al\/wp-content\/uploads\/2020\/03\/ogerta-1-768x419.jpg 768w, https:\/\/www.hashtag.al\/wp-content\/uploads\/2020\/03\/ogerta-1-1024x559.jpg 1024w\" sizes=\"auto, (max-width: 1165px) 100vw, 1165px\" \/><\/p>\n<p><span style=\"color: #000000;\">Ministrja e Sh\u00ebndet\u00ebsis\u00eb ka dh\u00ebn\u00eb sot disa shifra lidhur me kapacitetet e vendit n\u00eb materiale specifike mbrojt\u00ebse n\u00eb situat\u00ebn e krijuar nga Covid-19.<\/span><\/p>\n<p><span style=\"color: #000000;\"> N\u00eb konferenc\u00ebn p\u00ebr mediat, Manastirliu deklaroi \u00a0se vendi ka 25 mij\u00eb maska FFP2 e FFP3 nd\u00ebrsa parashikon t\u00eb marr\u00eb mij\u00ebra t\u00eb tjera. <\/span><\/p>\n<p><span style=\"color: #000000;\">Ajo tha edhe t\u00eb tjera t\u00eb dh\u00ebna lidhur me veshjet mbrojt\u00ebse e respirator\u00ebt nd\u00ebrsa njofto ngritjen e \u00e7adrave t\u00eb triazhit n\u00eb oborrin e QSUT-s\u00eb dhe Spitalit t\u00eb Traum\u00ebs. <\/span><\/p>\n<p><span style=\"color: #000000;\">Ministrja u b\u00ebri thirrje qytetar\u00ebve q\u00eb t\u00eb b\u00ebjn\u00eb kujdes maksimal dhe t\u00eb zbatojn\u00eb rekomandimet e dh\u00ebna.<\/span><\/p>\n<p><span style=\"color: #000000;\"><em>\u2018Kemi 25 mij<\/em><em>\u00eb maska FFP2 e FFP3 dhe do marrim dhjet\u00ebra mij\u00ebra t\u00eb tjera. Veshje speciale kemi 10 mij\u00eb n\u00eb gjendje dhe do rrisim stokun edhe me 50 mij\u00eb t\u00eb tjera. Po k\u00ebshtu syze, dezinfektant\u00eb e helmeta kemi n\u00eb gjendje. P\u00ebr sa u p\u00ebrket maskave kemi 500 mij\u00eb maska t\u00eb thjeshta, 650 mij\u00eb doreza sterile e josterile. Do ngrem\u00eb \u00e7adra triazhi para QSUT-s\u00eb e Spitalit t\u00eb Traum\u00ebs. Jemi duke p\u00ebrfunduar trajnimin e stafit. Kemi porositur 54 respirator\u00ebve dhe do marrim edhe 100 respirator\u00eb t\u00eb tjer\u00eb n\u00eb nj\u00eb periudh\u00eb 9-45 ditore.\u2019<\/em> &#8211; tha nd\u00ebr t\u00eb tjera ministrja.<\/span><\/p>\n","protected":false,"gt_translate_keys":[{"key":"rendered","format":"html"}]},"excerpt":{"rendered":"<p>Ministrja e Sh\u00ebndet\u00ebsis\u00eb ka dh\u00ebn\u00eb sot disa shifra lidhur me kapacitetet e vendit n\u00eb materiale specifike mbrojt\u00ebse n\u00eb situat\u00ebn e krijuar nga Covid-19. N\u00eb konferenc\u00ebn p\u00ebr mediat, Manastirliu deklaroi \u00a0se vendi ka 25 mij\u00eb maska FFP2 e FFP3 nd\u00ebrsa parashikon t\u00eb marr\u00eb mij\u00ebra t\u00eb tjera. Ajo tha edhe t\u00eb tjera t\u00eb dh\u00ebna lidhur me veshjet [&hellip;]<\/p>\n","protected":false,"gt_translate_keys":[{"key":"rendered","format":"html"}]},"author":51,"featured_media":362646,"comment_status":"open","ping_status":"open","sticky":false,"template":"","format":"standard","meta":{"footnotes":""},"categories":[65,13],"tags":[],"class_list":["post-362645","post","type-post","status-publish","format-standard","has-post-thumbnail","hentry","category-lajme","category-te-fundit"],"gt_translate_keys":[{"key":"link","format":"url"}],"_links":{"self":[{"href":"https:\/\/www.hashtag.al\/index.php\/wp-json\/wp\/v2\/posts\/362645","targetHints":{"allow":["GET"]}}],"collection":[{"href":"https:\/\/www.hashtag.al\/index.php\/wp-json\/wp\/v2\/posts"}],"about":[{"href":"https:\/\/www.hashtag.al\/index.php\/wp-json\/wp\/v2\/types\/post"}],"author":[{"embeddable":true,"href":"https:\/\/www.hashtag.al\/index.php\/wp-json\/wp\/v2\/users\/51"}],"replies":[{"embeddable":true,"href":"https:\/\/www.hashtag.al\/index.php\/wp-json\/wp\/v2\/comments?post=362645"}],"version-history":[{"count":0,"href":"https:\/\/www.hashtag.al\/index.php\/wp-json\/wp\/v2\/posts\/362645\/revisions"}],"wp:featuredmedia":[{"embeddable":true,"href":"https:\/\/www.hashtag.al\/index.php\/wp-json\/wp\/v2\/media\/362646"}],"wp:attachment":[{"href":"https:\/\/www.hashtag.al\/index.php\/wp-json\/wp\/v2\/media?parent=362645"}],"wp:term":[{"taxonomy":"category","embeddable":true,"href":"https:\/\/www.hashtag.al\/index.php\/wp-json\/wp\/v2\/categories?post=362645"},{"taxonomy":"post_tag","embeddable":true,"href":"https:\/\/www.hashtag.al\/index.php\/wp-json\/wp\/v2\/tags?post=362645"}],"curies":[{"name":"wp","href":"https:\/\/api.w.org\/{rel}","templated":true}]}}