{"id":362418,"date":"2020-03-22T15:32:32","date_gmt":"2020-03-22T14:32:32","guid":{"rendered":"https:\/\/hashtag.al\/?p=362418"},"modified":"2020-03-22T15:32:32","modified_gmt":"2020-03-22T14:32:32","slug":"spahia-per-blerjen-e-pajisjeve-mbrojtese-akti-normativ-i-vonuar","status":"publish","type":"post","link":"https:\/\/www.hashtag.al\/index.php\/2020\/03\/22\/spahia-per-blerjen-e-pajisjeve-mbrojtese-akti-normativ-i-vonuar\/","title":{"rendered":"Spahia p\u00ebr blerjen e pajisjeve mbrojt\u00ebse: Akti normativ i vonuar","gt_translate_keys":[{"key":"rendered","format":"text"}]},"content":{"rendered":"<p><a href=\"https:\/\/hashtag.al\/wp-content\/uploads\/2019\/10\/spahia-e1571996429203.jpg\"><img loading=\"lazy\" decoding=\"async\" class=\"aligncenter size-full wp-image-329662\" src=\"https:\/\/hashtag.al\/wp-content\/uploads\/2019\/10\/spahia-e1571996429203.jpg\" alt=\"\" width=\"840\" height=\"440\" srcset=\"https:\/\/www.hashtag.al\/wp-content\/uploads\/2019\/10\/spahia-e1571996429203.jpg 840w, https:\/\/www.hashtag.al\/wp-content\/uploads\/2019\/10\/spahia-e1571996429203-300x157.jpg 300w, https:\/\/www.hashtag.al\/wp-content\/uploads\/2019\/10\/spahia-e1571996429203-768x402.jpg 768w\" sizes=\"auto, (max-width: 840px) 100vw, 840px\" \/><\/a><\/p>\n<p><span style=\"color: #000000;\">Ish-deputeti i demokrat, Bardh Spahia ka reaguar pas vendimit t\u00eb qeveris\u00eb p\u00ebr blerjen e pajisjeve mbrojt\u00ebse p\u00ebr mjek\u00ebt.<\/span><\/p>\n<p><span style=\"color: #000000;\">Ai e konsideron t\u00eb vonuar vendimin e qeveris\u00eb q\u00eb sipas tij e mori leht\u00eb epidemin\u00eb dhe u kap e pap\u00ebrgatitur nga situata e krijuar.<\/span><\/p>\n<p><em><span style=\"color: #000000;\">\u201cMe mire vone se kurre<\/span><\/em><\/p>\n<p><em><span style=\"color: #000000;\">Q\u00eb n\u00eb fillim t\u00eb muajit Shkurt, Opozita dhe Kryetari i Partis\u00eb Demokratike Lulzim Basha k\u00ebrkoi q\u00eb t\u00eb merren menj\u00ebher\u00eb masa p\u00ebr t\u00eb pajisur stafin mjek\u00ebsor me pajisje mbrojt\u00ebse t\u00eb domosdoshme, p\u00ebr t\u00eb p\u00ebrballuar situat\u00ebn e pritshme me koronavirus. Qeveria u tall, b\u00ebri propagand\u00eb dhe Edi Rama zotohej deri m\u00eb 9 Mars se Shqip\u00ebria nuk \u00ebsht\u00eb e k\u00ebrc\u00ebnuar dhe se fundi i bot\u00ebs nuk po vinte, p\u00ebr shkak t\u00eb \u201cmasave penguese\u201d q\u00eb kishte marr\u00eb Qeveria!<\/span><\/em><\/p>\n<p><em><span style=\"color: #000000;\">Rasti i par\u00eb me COVID-19 u konfirmua n\u00eb 9 mars. Vazhduam pa pushim, me p\u00ebrgjegjshm\u00ebri t\u00eb plot\u00eb, t\u00eb k\u00ebrkojm\u00eb pajisje mbrojt\u00ebse p\u00ebr mjek\u00ebt, t\u00eb bindur se Shqip\u00ebria nuk ka luksin p\u00ebr t\u00eb futur n\u00eb karantin\u00eb mjek\u00ebt, dhe se siguria e mjek\u00ebve dhe infermier\u00ebve, \u00ebsht\u00eb mburoja e vetme midis qytetar\u00ebve dhe virusit. Ajo q\u00eb u provua ishte se e vetmja mas\u00eb mbrojt\u00ebse q\u00eb kishte ofruar Qeveria ishin 1.2 milion maskat e skaduara, t\u00eb cilave me vet\u00ebdije u kishte mbuluar dat\u00ebn e skandenc\u00ebs.<\/span><\/em><\/p>\n<p><span style=\"color: #000000;\"><em>Dokumenti m\u00eb posht\u00eb provon se shqet\u00ebsimi yn\u00eb i gjith\u00eb k\u00ebtyre dit\u00ebve ishte i drejt\u00eb dhe se Qeveria e mori leht\u00eb dhe u kap e pap\u00ebrgatitur nga situata e krijuar. Edi Rama bleu mjete mbrojt\u00ebse personale (edhe kjo blerje n\u00eb sasi t\u00eb pamjaftueshme) 1 muaj me vones\u00eb dhe vet\u00ebm 12 dit\u00eb pas konfirmimeve t\u00eb rasteve t\u00eb para t\u00eb t\u00eb prekurve me COVIOD-19. Nuk dua t\u00eb komentoj fare faktin se blerja \u00ebsht\u00eb kryer me kontrat\u00eb sekrete, apo th\u00ebn\u00eb ndryshe pa gar\u00eb, sepse Qeveria k\u00ebshtu ka vepruar n\u00eb koh\u00eb normale, dhe jo m\u00eb n\u00eb k\u00ebt\u00eb koh\u00eb emergjence, por sigurisht dua t\u00eb shpreh indinjat\u00ebn time p\u00ebr nj\u00eb vendim kaq t\u00eb vonuar.\u201d<\/em>&#8211; shprehet Spahia.<\/span><\/p>\n<p><span style=\"color: #000000;\">Ish-deputeti i ka b\u00ebr\u00eb thirrje qeveris\u00eb\u00a0q\u00eb t\u00eb vendos\u00eb n\u00eb dispozicion t\u00eb Sh\u00ebndet\u00ebsis\u00eb fondet e nevojshme, pajisjet e nevojshme, si dhe t\u00eb blej\u00eb n\u00eb sasi t\u00eb mjaftueshme edhe testet dhe p\u00ebr qytetar\u00ebt.<\/span><\/p>\n<p><em><span style=\"color: #000000;\">\u201cMosmarrja e vendimeve t\u00eb duhura, n\u00eb koh\u00ebn e duhur, \u00ebsht\u00eb arsyeja e v\u00ebrtet\u00eb pse Edi Rama po detyron qytetar\u00ebt t\u00eb mbajn\u00eb t\u00eb gjith\u00eb pesh\u00ebn e sakrific\u00ebs dhe prej dit\u00ebsh ka vendosur t\u00eb braktis\u00eb detyr\u00ebn e Kryeministrit dhe t\u00eb mbyllet n\u00eb sht\u00ebpi. \u00cbsht\u00eb pasoj\u00eb direkte e vendimeve t\u00eb vonuara t\u00eb Edi Ram\u00ebs infektimi i 9 mjek\u00ebve\/infermier\u00ebve dhe vet\u00ebkarantimi i dhjet\u00ebra t\u00eb tjer\u00ebve.<\/span><\/em><\/p>\n<p><span style=\"color: #000000;\"><em>Dua t\u00eb p\u00ebrs\u00ebris\u00eb pa pushim: Qeveria t\u00eb vendos\u00eb n\u00eb dispozcion t\u00eb sh\u00ebndet\u00ebsis\u00eb fondet e nevojshme, pajisjet e nevojshme, si dhe pa humbur koh\u00eb m\u00eb shum\u00eb, t\u00eb blej\u00eb n\u00eb sasi t\u00eb mjaftueshme edhe testet dhe materialet testuese p\u00ebr qytetar\u00ebt.\u201d-<\/em>shkruan Spahia.<\/span><\/p>\n<p>&nbsp;<\/p>\n","protected":false,"gt_translate_keys":[{"key":"rendered","format":"html"}]},"excerpt":{"rendered":"<p>Ish-deputeti i demokrat, Bardh Spahia ka reaguar pas vendimit t\u00eb qeveris\u00eb p\u00ebr blerjen e pajisjeve mbrojt\u00ebse p\u00ebr mjek\u00ebt. Ai e konsideron t\u00eb vonuar vendimin e qeveris\u00eb q\u00eb sipas tij e mori leht\u00eb epidemin\u00eb dhe u kap e pap\u00ebrgatitur nga situata e krijuar. \u201cMe mire vone se kurre Q\u00eb n\u00eb fillim t\u00eb muajit Shkurt, Opozita dhe [&hellip;]<\/p>\n","protected":false,"gt_translate_keys":[{"key":"rendered","format":"html"}]},"author":30,"featured_media":329662,"comment_status":"open","ping_status":"open","sticky":false,"template":"","format":"standard","meta":{"footnotes":""},"categories":[65,13],"tags":[],"class_list":["post-362418","post","type-post","status-publish","format-standard","has-post-thumbnail","hentry","category-lajme","category-te-fundit"],"gt_translate_keys":[{"key":"link","format":"url"}],"_links":{"self":[{"href":"https:\/\/www.hashtag.al\/index.php\/wp-json\/wp\/v2\/posts\/362418","targetHints":{"allow":["GET"]}}],"collection":[{"href":"https:\/\/www.hashtag.al\/index.php\/wp-json\/wp\/v2\/posts"}],"about":[{"href":"https:\/\/www.hashtag.al\/index.php\/wp-json\/wp\/v2\/types\/post"}],"author":[{"embeddable":true,"href":"https:\/\/www.hashtag.al\/index.php\/wp-json\/wp\/v2\/users\/30"}],"replies":[{"embeddable":true,"href":"https:\/\/www.hashtag.al\/index.php\/wp-json\/wp\/v2\/comments?post=362418"}],"version-history":[{"count":0,"href":"https:\/\/www.hashtag.al\/index.php\/wp-json\/wp\/v2\/posts\/362418\/revisions"}],"wp:featuredmedia":[{"embeddable":true,"href":"https:\/\/www.hashtag.al\/index.php\/wp-json\/wp\/v2\/media\/329662"}],"wp:attachment":[{"href":"https:\/\/www.hashtag.al\/index.php\/wp-json\/wp\/v2\/media?parent=362418"}],"wp:term":[{"taxonomy":"category","embeddable":true,"href":"https:\/\/www.hashtag.al\/index.php\/wp-json\/wp\/v2\/categories?post=362418"},{"taxonomy":"post_tag","embeddable":true,"href":"https:\/\/www.hashtag.al\/index.php\/wp-json\/wp\/v2\/tags?post=362418"}],"curies":[{"name":"wp","href":"https:\/\/api.w.org\/{rel}","templated":true}]}}