{"id":362416,"date":"2020-03-22T15:10:25","date_gmt":"2020-03-22T14:10:25","guid":{"rendered":"https:\/\/hashtag.al\/?p=362416"},"modified":"2020-03-22T15:12:58","modified_gmt":"2020-03-22T14:12:58","slug":"rama-nuk-ka-asnje-kufizim-per-ata-qe-prodhojne-dhe-transportojne-ushqime","status":"publish","type":"post","link":"https:\/\/www.hashtag.al\/index.php\/2020\/03\/22\/rama-nuk-ka-asnje-kufizim-per-ata-qe-prodhojne-dhe-transportojne-ushqime\/","title":{"rendered":"Rama: Nuk ka asnj\u00eb kufizim p\u00ebr ata q\u00eb prodhojn\u00eb dhe transportojn\u00eb ushqime","gt_translate_keys":[{"key":"rendered","format":"text"}]},"content":{"rendered":"<p><a href=\"https:\/\/hashtag.al\/wp-content\/uploads\/2020\/03\/edi-rama-1.jpg\"><img loading=\"lazy\" decoding=\"async\" class=\"aligncenter size-full wp-image-362393\" src=\"https:\/\/hashtag.al\/wp-content\/uploads\/2020\/03\/edi-rama-1.jpg\" alt=\"\" width=\"1280\" height=\"671\" srcset=\"https:\/\/www.hashtag.al\/wp-content\/uploads\/2020\/03\/edi-rama-1.jpg 1280w, https:\/\/www.hashtag.al\/wp-content\/uploads\/2020\/03\/edi-rama-1-300x157.jpg 300w, https:\/\/www.hashtag.al\/wp-content\/uploads\/2020\/03\/edi-rama-1-768x403.jpg 768w, https:\/\/www.hashtag.al\/wp-content\/uploads\/2020\/03\/edi-rama-1-1024x537.jpg 1024w\" sizes=\"auto, (max-width: 1280px) 100vw, 1280px\" \/><\/a><\/p>\n<p><span style=\"color: #000000;\">Pasi b\u00ebri t\u00eb ditur orarin e ri, kryeministri Edi Rama ka sqaruar se nuk ka asnj\u00eb kufizim p\u00ebr ata q\u00eb prodhojn\u00eb dhe transportojn\u00eb ushqime.<\/span><\/p>\n<p><span style=\"color: #000000;\">Ai shtoi se orari 05.00 &#8211; 13.00 kufizon vet\u00ebm konsumator\u00ebt dhe punonj\u00ebsit n\u00eb sektorin publik apo privat q\u00eb dalin akoma n\u00eb pun\u00eb.<\/span><\/p>\n<p><span style=\"color: #000000;\"><em>\u201cN\u00eb p\u00ebrgjigje t\u00eb shqet\u00ebsimeve tuaja mbi l\u00ebvizjen p\u00ebr transport dhe furnizim mallrash ushqimore: T\u00eb gjith\u00eb ata q\u00eb prodhojn\u00eb dhe transportojn\u00eb ushqime, n\u00eb fshat a n\u00eb qytet, nuk kan\u00eb pasur dhe nuk kan\u00eb asnj\u00eb kufizim n\u00eb l\u00ebvizjen e mallit p\u00ebr t\u00eb kryer furnizimet e nevojshme t\u00eb tregut! Orari 05.00 &#8211; 13.00 kufizon brenda k\u00ebsaj fashe kohore konsumator\u00ebt dhe punonj\u00ebsit n\u00eb sektorin publik apo privat q\u00eb dalin akoma n\u00eb pun\u00eb, jo transportin dhe furnizimin e mallrave ushqimore! Mir\u00ebnjohje t\u00eb gjith\u00eb prodhuesve, transportuesve dhe furnizuesve t\u00eb mallrave ushqimore, n\u00eb fshat e n\u00eb qytet, q\u00eb jan\u00eb sot garant\u00ebt e m\u00ebdhenj t\u00eb rezistenc\u00ebs popullore.\u201d-<\/em> shkruan Rama.<\/span><\/p>\n<p><span style=\"color: #000000;\">Kryeministri njoftoi pak m\u00eb her\u00ebt se nes\u00ebr n\u00eb or\u00ebn 05:00 t\u00eb m\u00ebngjesit deri n\u00eb or\u00ebn 13:00, do t\u00eb rihapet qarkullimi p\u00ebr ata q\u00eb shkojn\u00eb n\u00eb pun\u00eb.<\/span><\/p>\n","protected":false,"gt_translate_keys":[{"key":"rendered","format":"html"}]},"excerpt":{"rendered":"<p>Pasi b\u00ebri t\u00eb ditur orarin e ri, kryeministri Edi Rama ka sqaruar se nuk ka asnj\u00eb kufizim p\u00ebr ata q\u00eb prodhojn\u00eb dhe transportojn\u00eb ushqime. Ai shtoi se orari 05.00 &#8211; 13.00 kufizon vet\u00ebm konsumator\u00ebt dhe punonj\u00ebsit n\u00eb sektorin publik apo privat q\u00eb dalin akoma n\u00eb pun\u00eb. \u201cN\u00eb p\u00ebrgjigje t\u00eb shqet\u00ebsimeve tuaja mbi l\u00ebvizjen p\u00ebr transport [&hellip;]<\/p>\n","protected":false,"gt_translate_keys":[{"key":"rendered","format":"html"}]},"author":30,"featured_media":362393,"comment_status":"open","ping_status":"open","sticky":false,"template":"","format":"standard","meta":{"footnotes":""},"categories":[65,13],"tags":[],"class_list":["post-362416","post","type-post","status-publish","format-standard","has-post-thumbnail","hentry","category-lajme","category-te-fundit"],"gt_translate_keys":[{"key":"link","format":"url"}],"_links":{"self":[{"href":"https:\/\/www.hashtag.al\/index.php\/wp-json\/wp\/v2\/posts\/362416","targetHints":{"allow":["GET"]}}],"collection":[{"href":"https:\/\/www.hashtag.al\/index.php\/wp-json\/wp\/v2\/posts"}],"about":[{"href":"https:\/\/www.hashtag.al\/index.php\/wp-json\/wp\/v2\/types\/post"}],"author":[{"embeddable":true,"href":"https:\/\/www.hashtag.al\/index.php\/wp-json\/wp\/v2\/users\/30"}],"replies":[{"embeddable":true,"href":"https:\/\/www.hashtag.al\/index.php\/wp-json\/wp\/v2\/comments?post=362416"}],"version-history":[{"count":0,"href":"https:\/\/www.hashtag.al\/index.php\/wp-json\/wp\/v2\/posts\/362416\/revisions"}],"wp:featuredmedia":[{"embeddable":true,"href":"https:\/\/www.hashtag.al\/index.php\/wp-json\/wp\/v2\/media\/362393"}],"wp:attachment":[{"href":"https:\/\/www.hashtag.al\/index.php\/wp-json\/wp\/v2\/media?parent=362416"}],"wp:term":[{"taxonomy":"category","embeddable":true,"href":"https:\/\/www.hashtag.al\/index.php\/wp-json\/wp\/v2\/categories?post=362416"},{"taxonomy":"post_tag","embeddable":true,"href":"https:\/\/www.hashtag.al\/index.php\/wp-json\/wp\/v2\/tags?post=362416"}],"curies":[{"name":"wp","href":"https:\/\/api.w.org\/{rel}","templated":true}]}}