{"id":362349,"date":"2020-03-22T12:14:46","date_gmt":"2020-03-22T11:14:46","guid":{"rendered":"https:\/\/hashtag.al\/?p=362349"},"modified":"2020-03-22T12:18:43","modified_gmt":"2020-03-22T11:18:43","slug":"shenohet-viktima-e-pare-nga-koronavirusi-ne-kosove","status":"publish","type":"post","link":"https:\/\/www.hashtag.al\/index.php\/2020\/03\/22\/shenohet-viktima-e-pare-nga-koronavirusi-ne-kosove\/","title":{"rendered":"Sh\u00ebnohet viktima e par\u00eb nga koronavirusi n\u00eb Kosov\u00eb","gt_translate_keys":[{"key":"rendered","format":"text"}]},"content":{"rendered":"<p><a href=\"https:\/\/hashtag.al\/wp-content\/uploads\/2020\/03\/klinika-infektive.jpg\"><img loading=\"lazy\" decoding=\"async\" class=\"aligncenter size-full wp-image-362350\" src=\"https:\/\/hashtag.al\/wp-content\/uploads\/2020\/03\/klinika-infektive.jpg\" alt=\"\" width=\"780\" height=\"439\" srcset=\"https:\/\/www.hashtag.al\/wp-content\/uploads\/2020\/03\/klinika-infektive.jpg 780w, https:\/\/www.hashtag.al\/wp-content\/uploads\/2020\/03\/klinika-infektive-300x169.jpg 300w, https:\/\/www.hashtag.al\/wp-content\/uploads\/2020\/03\/klinika-infektive-768x432.jpg 768w\" sizes=\"auto, (max-width: 780px) 100vw, 780px\" \/><\/a><\/p>\n<p><span style=\"color: #000000;\">Konfirmohet viktima e par\u00eb nga koronavirusi n\u00eb Kosov\u00eb. \u00a0Instituti Komb\u00ebtar i Sh\u00ebndet\u00ebsis\u00eb Publike t\u00eb Kosov\u00ebs (IKSHPK) ka konfirmuar se sot ka nd\u00ebrruar jet\u00eb pacienti 82-vje\u00e7ar, i cili ishte i shtrir\u00eb n\u00eb Klinik\u00ebn Infektive.<\/span><\/p>\n<p><em><span style=\"color: #000000;\">\u201cKlinika Infektive informoi se sot, pacienti 82 vje\u00e7 nga Dumnica e Podujev\u00ebs, ka p\u00ebrfunduar me vdekje m\u00eb 22.03.2020 n\u00eb ora 9.00. Ky \u00ebsht\u00eb rasti i par\u00eb me vdekje nga COVID 19.<\/span><\/em><\/p>\n<p><em><span style=\"color: #000000;\">Pacienti lindur m\u00eb 1938 fshati Dumnic\u00eb, Komuna Podujev\u00ebs \u00ebsht\u00eb pranuar n\u00eb Klinik\u00ebn Infektive m\u00eb 16.03.2020 n\u00eb dit\u00ebn e 6 t\u00eb s\u00ebmundjes me shenja t\u00eb infiltrimit pulmonar dhe pneumonis\u00eb masive majtas \u00ebsht\u00eb diagnostikuar n\u00eb Laboratoret e IKSHPK me SARS-CoV-2. Pacienti ka patur edhe s\u00ebmundje shoq\u00ebruese kronike: kardiake dhe s\u00ebmundje kronike mushk\u00ebrore (SPOK).<\/span><\/em><\/p>\n<p><span style=\"color: #000000;\"><em>Rasti n\u00eb fjal\u00eb \u00ebsht\u00eb kontakt nga djali i tij dhe vajza e tij pozitive. T\u00eb gjitha kontaktet e rekomanduara p\u00ebr vet\u00ebizolim\u201d<\/em>, thuhet n\u00eb njoftimin e IKSHPK, citon <span style=\"color: #0000ff;\"><a style=\"color: #0000ff;\" href=\"https:\/\/telegrafi.com\/shenohet-viktima-e-pare-nga-cornovirusi-ne-kosove\/\">Telegrafi<\/a><\/span>.<\/span><\/p>\n<p><span style=\"color: #000000;\"> <a href=\"https:\/\/hashtag.al\/wp-content\/uploads\/2020\/03\/viktima-1.jpg\"><img loading=\"lazy\" decoding=\"async\" class=\"aligncenter size-full wp-image-362354\" src=\"https:\/\/hashtag.al\/wp-content\/uploads\/2020\/03\/viktima-1.jpg\" alt=\"\" width=\"443\" height=\"960\" srcset=\"https:\/\/www.hashtag.al\/wp-content\/uploads\/2020\/03\/viktima-1.jpg 443w, https:\/\/www.hashtag.al\/wp-content\/uploads\/2020\/03\/viktima-1-138x300.jpg 138w\" sizes=\"auto, (max-width: 443px) 100vw, 443px\" \/><\/a>Familja e t\u00eb ndjerit, u ka b\u00ebr\u00eb thirrje t\u00eb af\u00ebrmve q\u00eb t\u00eb mos paraqiten n\u00eb ceremonin\u00eb e varrimit.<\/span><\/p>\n<p><span style=\"color: #000000;\">Sipas t\u00eb dh\u00ebnave t\u00eb Institutit Komb\u00ebtar t\u00eb Sh\u00ebndet\u00ebsis\u00eb Publike numri i personave t\u00eb prekur me koronavirus n\u00eb Kosov\u00eb ka shkuar n\u00eb 31.<\/span><\/p>\n<p>&nbsp;<\/p>\n","protected":false,"gt_translate_keys":[{"key":"rendered","format":"html"}]},"excerpt":{"rendered":"<p>Konfirmohet viktima e par\u00eb nga koronavirusi n\u00eb Kosov\u00eb. \u00a0Instituti Komb\u00ebtar i Sh\u00ebndet\u00ebsis\u00eb Publike t\u00eb Kosov\u00ebs (IKSHPK) ka konfirmuar se sot ka nd\u00ebrruar jet\u00eb pacienti 82-vje\u00e7ar, i cili ishte i shtrir\u00eb n\u00eb Klinik\u00ebn Infektive. \u201cKlinika Infektive informoi se sot, pacienti 82 vje\u00e7 nga Dumnica e Podujev\u00ebs, ka p\u00ebrfunduar me vdekje m\u00eb 22.03.2020 n\u00eb ora 9.00. Ky [&hellip;]<\/p>\n","protected":false,"gt_translate_keys":[{"key":"rendered","format":"html"}]},"author":30,"featured_media":362350,"comment_status":"open","ping_status":"open","sticky":false,"template":"","format":"standard","meta":{"footnotes":""},"categories":[149,13],"tags":[],"class_list":["post-362349","post","type-post","status-publish","format-standard","has-post-thumbnail","hentry","category-kosoverajon","category-te-fundit"],"gt_translate_keys":[{"key":"link","format":"url"}],"_links":{"self":[{"href":"https:\/\/www.hashtag.al\/index.php\/wp-json\/wp\/v2\/posts\/362349","targetHints":{"allow":["GET"]}}],"collection":[{"href":"https:\/\/www.hashtag.al\/index.php\/wp-json\/wp\/v2\/posts"}],"about":[{"href":"https:\/\/www.hashtag.al\/index.php\/wp-json\/wp\/v2\/types\/post"}],"author":[{"embeddable":true,"href":"https:\/\/www.hashtag.al\/index.php\/wp-json\/wp\/v2\/users\/30"}],"replies":[{"embeddable":true,"href":"https:\/\/www.hashtag.al\/index.php\/wp-json\/wp\/v2\/comments?post=362349"}],"version-history":[{"count":0,"href":"https:\/\/www.hashtag.al\/index.php\/wp-json\/wp\/v2\/posts\/362349\/revisions"}],"wp:featuredmedia":[{"embeddable":true,"href":"https:\/\/www.hashtag.al\/index.php\/wp-json\/wp\/v2\/media\/362350"}],"wp:attachment":[{"href":"https:\/\/www.hashtag.al\/index.php\/wp-json\/wp\/v2\/media?parent=362349"}],"wp:term":[{"taxonomy":"category","embeddable":true,"href":"https:\/\/www.hashtag.al\/index.php\/wp-json\/wp\/v2\/categories?post=362349"},{"taxonomy":"post_tag","embeddable":true,"href":"https:\/\/www.hashtag.al\/index.php\/wp-json\/wp\/v2\/tags?post=362349"}],"curies":[{"name":"wp","href":"https:\/\/api.w.org\/{rel}","templated":true}]}}