{"id":362129,"date":"2020-03-21T12:34:29","date_gmt":"2020-03-21T11:34:29","guid":{"rendered":"https:\/\/hashtag.al\/?p=362129"},"modified":"2020-03-21T12:35:02","modified_gmt":"2020-03-21T11:35:02","slug":"basha-publikon-foton-e-tregut-te-mbushur-me-njerez-kjo-eshte-shume-e-rrezikshme","status":"publish","type":"post","link":"https:\/\/www.hashtag.al\/index.php\/2020\/03\/21\/basha-publikon-foton-e-tregut-te-mbushur-me-njerez-kjo-eshte-shume-e-rrezikshme\/","title":{"rendered":"Basha publikon foton e tregut t\u00eb mbushur me njer\u00ebz: Kjo \u00ebsht\u00eb shum\u00eb e rrezikshme","gt_translate_keys":[{"key":"rendered","format":"text"}]},"content":{"rendered":"<p><a href=\"https:\/\/hashtag.al\/wp-content\/uploads\/2020\/03\/bashagazetaret.jpg\"><img loading=\"lazy\" decoding=\"async\" class=\"aligncenter size-full wp-image-359834\" src=\"https:\/\/hashtag.al\/wp-content\/uploads\/2020\/03\/bashagazetaret.jpg\" alt=\"\" width=\"1980\" height=\"1320\" srcset=\"https:\/\/www.hashtag.al\/wp-content\/uploads\/2020\/03\/bashagazetaret.jpg 1980w, https:\/\/www.hashtag.al\/wp-content\/uploads\/2020\/03\/bashagazetaret-300x200.jpg 300w, https:\/\/www.hashtag.al\/wp-content\/uploads\/2020\/03\/bashagazetaret-768x512.jpg 768w, https:\/\/www.hashtag.al\/wp-content\/uploads\/2020\/03\/bashagazetaret-1024x683.jpg 1024w\" sizes=\"auto, (max-width: 1980px) 100vw, 1980px\" \/><\/a><\/p>\n<p><span style=\"color: #000000;\">Kryetari i Partis\u00eb Demokratike, Lulzim Basha ka reaguar lidhur me dyndjen e qytetar\u00ebve drejt supermarketeve dhe tregjeve ushqimore paraditen e sotme, pas urdhrit t\u00eb qeveris\u00eb p\u00ebr vendosjen e gjith\u00eb Shqip\u00ebris\u00eb n\u00eb karantin\u00eb.<\/span><\/p>\n<p><span style=\"color: #000000;\">Duke publikuar nj\u00eb foto t\u00eb nj\u00eb tregu t\u00eb tejmbushur n\u00eb kryeqytet, Basha shprehet se kjo q\u00eb ka ndodhur sot \u00ebsht\u00eb mjaft e rrezikshme.<\/span><\/p>\n<p><span style=\"color: #000000;\">Sipas tij duhet nje analiz\u00eb objektive se si mund t\u00eb organizohet dhe zbatohet izolimi dhe distancimi social.<\/span><\/p>\n<p><em><span style=\"color: #000000;\">\u201cKjo nuk \u00ebsht\u00eb aspak mir\u00eb! Kjo \u00ebsht\u00eb shum\u00eb e rrezikshme!<\/span><\/em><\/p>\n<p><em><span style=\"color: #000000;\">Natyrisht q\u00eb njer\u00ebzit duhet t\u00eb blejn\u00eb gj\u00ebrat e domosdoshme, duhet t\u00eb marrin sh\u00ebrbimet esenciale, ju duhet t\u00eb kryejn\u00eb disa pagesa, por grumbullime si k\u00ebto jan\u00eb t\u00eb rrezikshme. Kjo \u00ebsht\u00eb m\u00ebnyr\u00eb e sigurt\u00eb p\u00ebr t\u00eb p\u00ebrhapur virusin. T\u00eb tilla grumbullime zhvler\u00ebsojn\u00eb \u00e7do sakrific\u00eb t\u00eb b\u00ebr\u00eb deri tani.<\/span><\/em><\/p>\n<p><em><span style=\"color: #000000;\">Ndaj duhet nj\u00eb analiz\u00eb objektive, bazuar mbi praktikat m\u00eb efektive deri tani: Si mund t\u00eb organizohet dhe zbatohet izolimi dhe distancimi sa m\u00eb i disiplinuar dhe nga ana tjet\u00ebr njer\u00ebzit t\u00eb mund t\u00eb marrin sh\u00ebrbimet jetike POR duke shmangur \u00e7do dalje t\u00eb panevojshme, radh\u00ebt e gjata dhe grumbullimet masive.<\/span><\/em><\/p>\n<p><em><span style=\"color: #000000;\">Asgj\u00eb nuk \u00ebsht\u00eb e leht\u00eb. Por gjith\u00e7ka duhet b\u00ebr\u00eb q\u00eb t\u00eb shmangim dhe ngadal\u00ebsojm\u00eb sa mundemi p\u00ebrhapjen e COVID 19.<\/span><\/em><\/p>\n<p><span style=\"color: #000000;\"><em>T\u00eb dashur qytetar\u00eb! Q\u00ebndroni n\u00eb sht\u00ebpi! Duke respektuar distancimin social, izolojm\u00eb virusin.\u00a0 K\u00ebshtu i japim shans vetes dhe t\u00eb af\u00ebrmve tan\u00eb ta kalojm\u00eb me sa m\u00eb pak pasoja k\u00ebt\u00eb gjendje dhe t\u2019i rikthehemi sa m\u00eb par\u00eb normalitetit!<\/em>\u201d- shkruan Basha.<\/span><\/p>\n<p><a href=\"https:\/\/hashtag.al\/wp-content\/uploads\/2020\/03\/treg.jpg\"><img loading=\"lazy\" decoding=\"async\" class=\"aligncenter size-full wp-image-362130\" src=\"https:\/\/hashtag.al\/wp-content\/uploads\/2020\/03\/treg.jpg\" alt=\"\" width=\"768\" height=\"960\" srcset=\"https:\/\/www.hashtag.al\/wp-content\/uploads\/2020\/03\/treg.jpg 768w, https:\/\/www.hashtag.al\/wp-content\/uploads\/2020\/03\/treg-240x300.jpg 240w\" sizes=\"auto, (max-width: 768px) 100vw, 768px\" \/><\/a><\/p>\n","protected":false,"gt_translate_keys":[{"key":"rendered","format":"html"}]},"excerpt":{"rendered":"<p>Kryetari i Partis\u00eb Demokratike, Lulzim Basha ka reaguar lidhur me dyndjen e qytetar\u00ebve drejt supermarketeve dhe tregjeve ushqimore paraditen e sotme, pas urdhrit t\u00eb qeveris\u00eb p\u00ebr vendosjen e gjith\u00eb Shqip\u00ebris\u00eb n\u00eb karantin\u00eb. Duke publikuar nj\u00eb foto t\u00eb nj\u00eb tregu t\u00eb tejmbushur n\u00eb kryeqytet, Basha shprehet se kjo q\u00eb ka ndodhur sot \u00ebsht\u00eb mjaft e rrezikshme. [&hellip;]<\/p>\n","protected":false,"gt_translate_keys":[{"key":"rendered","format":"html"}]},"author":30,"featured_media":362130,"comment_status":"open","ping_status":"open","sticky":false,"template":"","format":"standard","meta":{"footnotes":""},"categories":[65,13],"tags":[],"class_list":["post-362129","post","type-post","status-publish","format-standard","has-post-thumbnail","hentry","category-lajme","category-te-fundit"],"gt_translate_keys":[{"key":"link","format":"url"}],"_links":{"self":[{"href":"https:\/\/www.hashtag.al\/index.php\/wp-json\/wp\/v2\/posts\/362129","targetHints":{"allow":["GET"]}}],"collection":[{"href":"https:\/\/www.hashtag.al\/index.php\/wp-json\/wp\/v2\/posts"}],"about":[{"href":"https:\/\/www.hashtag.al\/index.php\/wp-json\/wp\/v2\/types\/post"}],"author":[{"embeddable":true,"href":"https:\/\/www.hashtag.al\/index.php\/wp-json\/wp\/v2\/users\/30"}],"replies":[{"embeddable":true,"href":"https:\/\/www.hashtag.al\/index.php\/wp-json\/wp\/v2\/comments?post=362129"}],"version-history":[{"count":0,"href":"https:\/\/www.hashtag.al\/index.php\/wp-json\/wp\/v2\/posts\/362129\/revisions"}],"wp:featuredmedia":[{"embeddable":true,"href":"https:\/\/www.hashtag.al\/index.php\/wp-json\/wp\/v2\/media\/362130"}],"wp:attachment":[{"href":"https:\/\/www.hashtag.al\/index.php\/wp-json\/wp\/v2\/media?parent=362129"}],"wp:term":[{"taxonomy":"category","embeddable":true,"href":"https:\/\/www.hashtag.al\/index.php\/wp-json\/wp\/v2\/categories?post=362129"},{"taxonomy":"post_tag","embeddable":true,"href":"https:\/\/www.hashtag.al\/index.php\/wp-json\/wp\/v2\/tags?post=362129"}],"curies":[{"name":"wp","href":"https:\/\/api.w.org\/{rel}","templated":true}]}}