{"id":362112,"date":"2020-03-21T11:57:43","date_gmt":"2020-03-21T10:57:43","guid":{"rendered":"https:\/\/hashtag.al\/?p=362112"},"modified":"2020-03-21T12:14:55","modified_gmt":"2020-03-21T11:14:55","slug":"ti-je-idiot-ish-drejtori-i-cia-s-nuk-ia-perton-richard-grenell-it","status":"publish","type":"post","link":"https:\/\/www.hashtag.al\/index.php\/2020\/03\/21\/ti-je-idiot-ish-drejtori-i-cia-s-nuk-ia-perton-richard-grenell-it\/","title":{"rendered":"&#8220;Ti je idiot&#8221;, ish-drejtori i CIA-s nuk ia p\u00ebrton Richard Grenell-it","gt_translate_keys":[{"key":"rendered","format":"text"}]},"content":{"rendered":"<p><a href=\"https:\/\/hashtag.al\/wp-content\/uploads\/2020\/03\/grenell-r.jpg\"><img loading=\"lazy\" decoding=\"async\" class=\"aligncenter size-full wp-image-362115\" src=\"https:\/\/hashtag.al\/wp-content\/uploads\/2020\/03\/grenell-r.jpg\" alt=\"\" width=\"1998\" height=\"1332\" srcset=\"https:\/\/www.hashtag.al\/wp-content\/uploads\/2020\/03\/grenell-r.jpg 1998w, https:\/\/www.hashtag.al\/wp-content\/uploads\/2020\/03\/grenell-r-300x200.jpg 300w, https:\/\/www.hashtag.al\/wp-content\/uploads\/2020\/03\/grenell-r-768x512.jpg 768w, https:\/\/www.hashtag.al\/wp-content\/uploads\/2020\/03\/grenell-r-1024x683.jpg 1024w\" sizes=\"auto, (max-width: 1998px) 100vw, 1998px\" \/><\/a><\/p>\n<p><span style=\"color: #000000;\"> \u201c<em>Ti je nj\u00eb idiot\u201d- <\/em>me k\u00ebto fjal\u00eb i \u00ebsht\u00eb drejtuar Richard Grenell-it nj\u00eb ish-drejtor i CIA-s, gjenerali Michael Hayden. Kjo p\u00ebr shkak t\u00eb m\u00ebnyr\u00ebs se si Grenell \u00ebsht\u00eb shprehur n\u00eb rrjetet sociale lidhur me kriz\u00ebn e krijuar nga koronavirusi.<\/span><\/p>\n<p><span style=\"color: #000000;\">Kreu i p\u00ebrkohsh\u00ebm i Inteligjenc\u00ebs Amerikane, Richard Grenell ka sulmuar Kin\u00ebn p\u00ebrmes nj\u00eb postimi n\u00eb Twitter, duke th\u00ebn\u00eb se nuk duhet t\u00eb l\u00ebvdohet p\u00ebr arritjet e saj n\u00eb luft\u00ebn kund\u00ebr koronavirusi.<\/span><\/p>\n<p><span style=\"color: #000000;\">Grenell shkruan<em>: \u201cAi q\u00eb nisi zjarrin nuk duhet t\u00eb l\u00ebvdohet se pse u soll si zjarrfik\u00ebs m\u00eb pas\u201d.<\/em><\/span><\/p>\n<p><span style=\"color: #000000;\">K\u00ebt\u00eb koment Grenell e b\u00ebri duke shp\u00ebrndar\u00eb nj\u00eb postim ku thuhej se <em>&#8220;Nd\u00ebrsa Uashingtoni po gabon, Pekini po ec\u00ebn me shpejt\u00ebsi dhe n\u00eb m\u00ebnyr\u00ebn e duhur p\u00ebr t\u00eb p\u00ebrfituar nga gabimet e SHBA, duke mbushur vakumin p\u00ebr t&#8217;u pozicionuar si udh\u00ebheq\u00ebsi global n\u00eb p\u00ebrgjigjen e pandemis\u00eb&#8221;.<\/em><\/span><\/p>\n<p><a href=\"https:\/\/hashtag.al\/wp-content\/uploads\/2020\/03\/postimi-1.jpg\"><img loading=\"lazy\" decoding=\"async\" class=\"aligncenter size-full wp-image-362119\" src=\"https:\/\/hashtag.al\/wp-content\/uploads\/2020\/03\/postimi-1.jpg\" alt=\"\" width=\"747\" height=\"716\" srcset=\"https:\/\/www.hashtag.al\/wp-content\/uploads\/2020\/03\/postimi-1.jpg 747w, https:\/\/www.hashtag.al\/wp-content\/uploads\/2020\/03\/postimi-1-300x288.jpg 300w\" sizes=\"auto, (max-width: 747px) 100vw, 747px\" \/><\/a><\/p>\n<p><span style=\"color: #000000;\">Edhe n\u00eb k\u00ebt\u00eb koh\u00eb t\u00eb v\u00ebshtir\u00eb p\u00ebr t\u00eb gjith\u00eb bot\u00ebn, Grenell nuk e ndalon luft\u00ebn me Kin\u00ebn dhe \u00ebsht\u00eb i shqet\u00ebsuar se cili do t\u00eb jet\u00eb shteti q\u00eb do t\u00eb shikohet si udh\u00ebheq\u00ebsi n\u00eb luft\u00ebn kund\u00ebr Covid-19.<\/span><\/p>\n<p><span style=\"color: #000000;\">Komenti i tij ka marr\u00eb mjaft kritika, por m\u00eb godit\u00ebsi ishte ai i ish-drejtorit t\u00eb CIA-s, Michael Hayden.<\/span><\/p>\n<p><span style=\"color: #000000;\">Ai shprehet shkurt: \u201c<em>Ti je nj\u00eb idiot\u201d<\/em><\/span><\/p>\n<p><a href=\"https:\/\/hashtag.al\/wp-content\/uploads\/2020\/03\/Grenell.jpg\"><img loading=\"lazy\" decoding=\"async\" class=\"aligncenter size-full wp-image-362113\" src=\"https:\/\/hashtag.al\/wp-content\/uploads\/2020\/03\/Grenell.jpg\" alt=\"\" width=\"774\" height=\"1280\" srcset=\"https:\/\/www.hashtag.al\/wp-content\/uploads\/2020\/03\/Grenell.jpg 774w, https:\/\/www.hashtag.al\/wp-content\/uploads\/2020\/03\/Grenell-181x300.jpg 181w, https:\/\/www.hashtag.al\/wp-content\/uploads\/2020\/03\/Grenell-768x1270.jpg 768w, https:\/\/www.hashtag.al\/wp-content\/uploads\/2020\/03\/Grenell-619x1024.jpg 619w\" sizes=\"auto, (max-width: 774px) 100vw, 774px\" \/><\/a><\/p>\n<p><span style=\"color: #000000;\">Nd\u00ebrsa nj\u00eb tjet\u00ebr i k\u00ebrkon t\u00eb jap\u00eb dor\u00ebheqjen.<em> \u201cN\u00eb pozicionin tuaj, n\u00ebse e shp\u00ebrdoroni koh\u00ebn tuaj n\u00eb T\u00ebitter, at\u00ebher\u00eb duhet t\u00eb jepni dor\u00ebheqje n\u00eb m\u00ebnyr\u00eb q\u00eb dikush p\u00ebrgjegj\u00ebs t\u00eb vij\u00eb dhe t\u00eb b\u00ebj\u00eb at\u00eb q\u00eb \u00ebsht\u00eb e nevojshme p\u00ebr sigurin\u00eb ton\u00eb komb\u00ebtare. Me nj\u00eb pandemi q\u00eb po lul\u00ebzon, ne jemi m\u00eb t\u00eb preksh\u00ebm se kurr\u00eb.\u201d<\/em> \u2013 thot\u00eb nj\u00eb qytetar.\/<strong>Hashtag.al<\/strong><\/span><\/p>\n","protected":false,"gt_translate_keys":[{"key":"rendered","format":"html"}]},"excerpt":{"rendered":"<p>\u201cTi je nj\u00eb idiot\u201d- me k\u00ebto fjal\u00eb i \u00ebsht\u00eb drejtuar Richard Grenell-it nj\u00eb ish-drejtor i CIA-s, gjenerali Michael Hayden. Kjo p\u00ebr shkak t\u00eb m\u00ebnyr\u00ebs se si Grenell \u00ebsht\u00eb shprehur n\u00eb rrjetet sociale lidhur me kriz\u00ebn e krijuar nga koronavirusi. Kreu i p\u00ebrkohsh\u00ebm i Inteligjenc\u00ebs Amerikane, Richard Grenell ka sulmuar Kin\u00ebn p\u00ebrmes nj\u00eb postimi n\u00eb Twitter, [&hellip;]<\/p>\n","protected":false,"gt_translate_keys":[{"key":"rendered","format":"html"}]},"author":30,"featured_media":362115,"comment_status":"open","ping_status":"open","sticky":false,"template":"","format":"standard","meta":{"footnotes":""},"categories":[22,6,13],"tags":[],"class_list":["post-362112","post","type-post","status-publish","format-standard","has-post-thumbnail","hentry","category-ballina","category-nderkombetare","category-te-fundit"],"gt_translate_keys":[{"key":"link","format":"url"}],"_links":{"self":[{"href":"https:\/\/www.hashtag.al\/index.php\/wp-json\/wp\/v2\/posts\/362112","targetHints":{"allow":["GET"]}}],"collection":[{"href":"https:\/\/www.hashtag.al\/index.php\/wp-json\/wp\/v2\/posts"}],"about":[{"href":"https:\/\/www.hashtag.al\/index.php\/wp-json\/wp\/v2\/types\/post"}],"author":[{"embeddable":true,"href":"https:\/\/www.hashtag.al\/index.php\/wp-json\/wp\/v2\/users\/30"}],"replies":[{"embeddable":true,"href":"https:\/\/www.hashtag.al\/index.php\/wp-json\/wp\/v2\/comments?post=362112"}],"version-history":[{"count":0,"href":"https:\/\/www.hashtag.al\/index.php\/wp-json\/wp\/v2\/posts\/362112\/revisions"}],"wp:featuredmedia":[{"embeddable":true,"href":"https:\/\/www.hashtag.al\/index.php\/wp-json\/wp\/v2\/media\/362115"}],"wp:attachment":[{"href":"https:\/\/www.hashtag.al\/index.php\/wp-json\/wp\/v2\/media?parent=362112"}],"wp:term":[{"taxonomy":"category","embeddable":true,"href":"https:\/\/www.hashtag.al\/index.php\/wp-json\/wp\/v2\/categories?post=362112"},{"taxonomy":"post_tag","embeddable":true,"href":"https:\/\/www.hashtag.al\/index.php\/wp-json\/wp\/v2\/tags?post=362112"}],"curies":[{"name":"wp","href":"https:\/\/api.w.org\/{rel}","templated":true}]}}