{"id":361877,"date":"2020-03-20T11:01:00","date_gmt":"2020-03-20T10:01:00","guid":{"rendered":"https:\/\/hashtag.al\/?p=361877"},"modified":"2020-03-20T11:01:00","modified_gmt":"2020-03-20T10:01:00","slug":"mustafa-kurtit-hiq-taksen-dhe-anulo-vendimin-per-shkarkimin-e-veliut-qe-te-vazhdoje-koalicioni","status":"publish","type":"post","link":"https:\/\/www.hashtag.al\/index.php\/2020\/03\/20\/mustafa-kurtit-hiq-taksen-dhe-anulo-vendimin-per-shkarkimin-e-veliut-qe-te-vazhdoje-koalicioni\/","title":{"rendered":"Mustafa-Kurtit: Hiq taks\u00ebn dhe anulo vendimin p\u00ebr shkarkimin e Veliut q\u00eb t\u00eb vazhdoj\u00eb koalicioni","gt_translate_keys":[{"key":"rendered","format":"text"}]},"content":{"rendered":"<p><img loading=\"lazy\" decoding=\"async\" class=\"aligncenter size-full wp-image-361514\" src=\"https:\/\/hashtag.al\/wp-content\/uploads\/2020\/03\/kurti-mustafa-veliu.jpg\" alt=\"\" width=\"900\" height=\"598\" srcset=\"https:\/\/www.hashtag.al\/wp-content\/uploads\/2020\/03\/kurti-mustafa-veliu.jpg 900w, https:\/\/www.hashtag.al\/wp-content\/uploads\/2020\/03\/kurti-mustafa-veliu-300x199.jpg 300w, https:\/\/www.hashtag.al\/wp-content\/uploads\/2020\/03\/kurti-mustafa-veliu-768x510.jpg 768w\" sizes=\"auto, (max-width: 900px) 100vw, 900px\" \/><\/p>\n<p><span style=\"color: #000000;\">Kryetari i Lidhjes Demokratike t\u00eb Kosov\u00ebs, Isa Mustafa i ka k\u00ebrkuar Kreut t\u00eb Vet\u00ebvendosjes q\u00eb t\u00eb heq\u00eb taks\u00ebn dhe t\u00eb anuloj\u00eb vendimin p\u00ebr shkarkimin e Ministrit t\u00eb Brendsh\u00ebm Agim Veiu.<\/span><\/p>\n<p><span style=\"color: #000000;\">Mustafa gjithashtu ka b\u00ebr\u00eb publik edhe adresimin q\u00eb i ka b\u00ebr\u00eb Kurtit m\u00eb 16 mars p\u00ebr t\u00eb hequr taks\u00ebn ndaj Serbis\u00eb dhe sipas kreut t\u00eb LDK-s\u00eb p\u00ebrgjigjja q\u00eb mori nga ai ishte shkarkimi i Agim Veliut.<\/span><\/p>\n<p><span style=\"color: #000000;\">Dit\u00ebn e sotme Mustafa ka k\u00ebrkuar q\u00eb t\u00eb hiqet taksa dhe t\u00eb anulohet shkarkimi i Veliut q\u00eb koalicioni t\u00eb vazhdoj\u00eb.<\/span><\/p>\n<p><span style=\"color: #000000;\">\u201c<em>Un\u00eb nuk jam i ri t\u00eb ndikohem nga t\u00eb tjer\u00ebt e as avanturier. Jam shum\u00eb i brengosur p\u00ebr njer\u00ebzit tan\u00eb, qytetar\u00ebt e k\u00ebtij vendi. Dua q\u00eb un\u00eb dhe partia ime t\u00eb jap\u00eb \u00e7do gj\u00eb dhe ta fitojm\u00eb betej\u00ebn ndaj k\u00ebtij virusi. Dua q\u00eb t\u00eb bashk\u00ebpunojm\u00eb me partner\u00ebt tan\u00eb strategjik dhe t\u00eb mos e humbim p\u00ebrkrahjen e tyre.<br \/>\nEdhe sot p\u00ebrulem para popullit tim dhe k\u00ebrkoj mir\u00ebkuptim nga partia ime. Pres edhe sot q\u00eb zoti Kurti ta heq tarif\u00eb, ta anuloj\u00eb vendimin p\u00ebr shkarkimin e z. Veliu. Q\u00eb atij dhe LDK-s\u00eb ti k\u00ebrkoj falje p\u00ebr veprimet e tij dhe t\u00eb atyre me t\u00eb cil\u00ebt ka bashk\u00ebpunuar n\u00eb k\u00ebt\u00eb akt t\u00eb ul\u00ebt.<br \/>\nT\u00eb na jap\u00eb mund\u00ebsin\u00eb t\u00eb jemi bashk\u00eb n\u00eb k\u00ebt\u00eb betej\u00eb<\/em>\u201d-shkruan nd\u00ebr t\u00eb tjera Mustafa.<\/span><\/p>\n<p><span style=\"color: #000000;\"><strong>Postimi i plot\u00eb:<\/strong><\/span><\/p>\n<p><span style=\"color: #000000;\">T\u00eb nderuar qytetar\u00eb<\/span><br \/>\n<span style=\"color: #000000;\">T\u00eb nderuar partner\u00eb t\u00eb koalicionit qeveris\u00ebs<\/span><\/p>\n<p><span style=\"color: #000000;\">Po e b\u00ebj publike adresimin q\u00eb ia kam b\u00ebr\u00eb Kryeministrit Kurti, m\u00eb 16 mars t\u00eb k\u00ebtij viti. Kat\u00ebr dit\u00eb pasi q\u00eb n\u00eb zyr\u00ebn e tij, s\u00eb bashku me z. Vjosa Osmani, Kryeparlamentare dhe z. Avdullah Hoti, zv. Kryeminist\u00ebr ia b\u00ebm\u00eb me dije se mos-heqja e tarif\u00ebs dhe ashp\u00ebrsimi i marr\u00ebdh\u00ebnieve me SHBA-t\u00eb do ta sjell\u00eb n\u00eb pik\u00ebpyetje koalicionin ton\u00eb. N\u00eb vijim adresimi:<\/span><\/p>\n<p><span style=\"color: #000000;\">\u201c<em>I nderuari Kryeminist\u00ebr, Kurti<\/em><\/span><br \/>\n<em><span style=\"color: #000000;\">Si partner i koalicionit, un\u00eb dhe drejtuesit tjer\u00eb t\u00eb LDK-s\u00eb ndajm\u00eb bindjen se nuk duhet t\u00eb rrezikojm\u00eb partneritetin me SHBA-t\u00eb. Se duhet ta heqim tarif\u00ebn dhe Qeveria ta merr p\u00ebrgjegj\u00ebsin\u00eb q\u00eb i takon n\u00eb dialog. LDK ka mb\u00ebshtetur Rezolut\u00ebn n\u00eb Kuvend p\u00ebr dialogun dhe nuk do t\u00eb mb\u00ebshtes n\u00eb asnj\u00eb rast nj\u00eb marr\u00ebveshje q\u00eb prek kufijt\u00eb dhe organizimin e brendsh\u00ebm.<\/span><\/em><br \/>\n<em><span style=\"color: #000000;\">Ne nuk mund t\u00eb rrezikojm\u00eb partneritetin me SHBA-t\u00eb, p\u00ebr shkak t\u00eb tarif\u00ebs.<\/span><\/em><br \/>\n<em><span style=\"color: #000000;\">Prezenca e fuqishme e SHBA-s\u00eb n\u00eb Kosov\u00eb \u00ebsht\u00eb jetike p\u00ebr vendin ton\u00eb.<\/span><\/em><br \/>\n<em><span style=\"color: #000000;\">Kemi probleme t\u00eb m\u00ebdha me virusin Covid-19. K\u00ebt\u00eb betej\u00eb duhet ta fitojm\u00eb bashk\u00ebrisht.<\/span><\/em><br \/>\n<em><span style=\"color: #000000;\">Nuk e kemi b\u00ebr\u00eb koalicionin p\u00ebr ta prishur, por p\u00ebr t\u00eb b\u00ebr\u00eb ndryshime.<\/span><\/em><br \/>\n<em><span style=\"color: #000000;\">Prandaj t\u00eb lutem p\u00ebr mir\u00ebkuptim q\u00eb tarifa t\u00eb hiqet gjat\u00eb k\u00ebsaj jave. Mos e kupto k\u00ebt\u00eb si k\u00ebrkes\u00eb t\u00eb nj\u00ebanshme por si interes t\u00eb p\u00ebrbashk\u00ebt.<\/span><\/em><br \/>\n<em><span style=\"color: #000000;\">Nese vazhdohet k\u00ebshtu, posa ta kap\u00ebrcejm\u00eb k\u00ebt\u00eb situat\u00eb emergjente me Virusin, si LDK do t\u00eb detyrohemi t\u00eb dalim nga koalicioni, sepse nuk duam t\u00eb jemi bashk\u00ebp\u00ebrgjegj\u00ebs t\u00eb prishjes s\u00eb marr\u00ebdh\u00ebnieve me aleatin ton\u00eb kryesor.<\/span><\/em><br \/>\n<span style=\"color: #000000;\"><em>P\u00ebr k\u00ebt\u00eb do ta njoftoj edhe Ambasadorin Grenell.<\/em>\u201d<\/span><\/p>\n<p><span style=\"color: #000000;\">Me respekt,<\/span><br \/>\n<span style=\"color: #000000;\">Isa Mustafa<\/span><\/p>\n<p><span style=\"color: #000000;\">P\u00ebrgjigjen q\u00eb e mora nga Kryeministri Kurti, m\u00eb 18 mars ishte shkarkimi n\u00eb kund\u00ebrshtim me Marr\u00ebveshjen p\u00ebr koalicion, t\u00eb n\u00ebnkryetarit t\u00eb par\u00eb t\u00eb LDK-s\u00eb, z. Agim Veliu nga pozita e Ministrit t\u00eb Pun\u00ebve t\u00eb Brendshme dhe Administrat\u00ebs Publike dhe shpallja e tij, hiq m\u00eb pak se, tradhtar n\u00eb adresimin e tij qytetar\u00ebve n\u00eb mbr\u00ebmjen e asaj dit\u00eb.<\/span><br \/>\n<span style=\"color: #000000;\">Pyes, juve qytetar\u00eb t\u00eb nderuar, edhe disa nga juve perfaq\u00ebsues t\u00eb korit diplomatik, por edhe dy tre deputet\u00eb t\u00eb LDK-s\u00eb: A \u00ebsht\u00eb ky veprim i drejt\u00eb i Kryeministrit ton\u00eb?<\/span><br \/>\n<span style=\"color: #000000;\">A flet ky veprim se Kryeministri Kurti \u00ebsht\u00eb i p\u00ebrkushtuar ta ruaj koalicionin dhe ta luftojm\u00eb bashk\u00ebrisht Virusin Corona?<\/span><br \/>\n<span style=\"color: #000000;\">Ju pyes, \u00e7far\u00eb vendimi tjet\u00ebr do t\u00eb duhej t\u00eb merrte LDK, kur kaq keq injorohet dhe poshtrohet nga Kryeministri i vendit?<\/span><\/p>\n<p><span style=\"color: #000000;\">Un\u00eb nuk jam i ri t\u00eb ndikohem nga t\u00eb tjer\u00ebt e as avanturier. Jam shum\u00eb i brengosur p\u00ebr njer\u00ebzit tan\u00eb, qytetar\u00ebt e k\u00ebtij vendi. Dua q\u00eb un\u00eb dhe partia ime t\u00eb jap\u00eb \u00e7do gj\u00eb dhe ta fitojm\u00eb betej\u00ebn ndaj k\u00ebtij virusi. Dua q\u00eb t\u00eb bashk\u00ebpunojm\u00eb me partner\u00ebt tan\u00eb strategjik dhe t\u00eb mos e humbim p\u00ebrkrahjen e tyre.<\/span><br \/>\n<span style=\"color: #000000;\">Edhe sot p\u00ebrulem para popullit tim dhe k\u00ebrkoj mir\u00ebkuptim nga partia ime. Pres edhe sot q\u00eb zoti Kurti ta heq tarif\u00eb, ta anuloj\u00eb vendimin p\u00ebr shkarkimin e z. Veliu. Q\u00eb atij dhe LDK-s\u00eb ti k\u00ebrkoj falje p\u00ebr veprimet e tij dhe t\u00eb atyre me t\u00eb cil\u00ebt ka bashk\u00ebpunuar n\u00eb k\u00ebt\u00eb akt t\u00eb ul\u00ebt.<\/span><br \/>\n<span style=\"color: #000000;\">T\u00eb na jap\u00eb mund\u00ebsin\u00eb t\u00eb jemi bashk\u00eb n\u00eb k\u00ebt\u00eb betej\u00eb.<\/span><\/p>\n<p>&nbsp;<\/p>\n","protected":false,"gt_translate_keys":[{"key":"rendered","format":"html"}]},"excerpt":{"rendered":"<p>Kryetari i Lidhjes Demokratike t\u00eb Kosov\u00ebs, Isa Mustafa i ka k\u00ebrkuar Kreut t\u00eb Vet\u00ebvendosjes q\u00eb t\u00eb heq\u00eb taks\u00ebn dhe t\u00eb anuloj\u00eb vendimin p\u00ebr shkarkimin e Ministrit t\u00eb Brendsh\u00ebm Agim Veiu. Mustafa gjithashtu ka b\u00ebr\u00eb publik edhe adresimin q\u00eb i ka b\u00ebr\u00eb Kurtit m\u00eb 16 mars p\u00ebr t\u00eb hequr taks\u00ebn ndaj Serbis\u00eb dhe sipas kreut t\u00eb [&hellip;]<\/p>\n","protected":false,"gt_translate_keys":[{"key":"rendered","format":"html"}]},"author":32,"featured_media":361514,"comment_status":"open","ping_status":"open","sticky":false,"template":"","format":"standard","meta":{"footnotes":""},"categories":[149,13],"tags":[],"class_list":["post-361877","post","type-post","status-publish","format-standard","has-post-thumbnail","hentry","category-kosoverajon","category-te-fundit"],"gt_translate_keys":[{"key":"link","format":"url"}],"_links":{"self":[{"href":"https:\/\/www.hashtag.al\/index.php\/wp-json\/wp\/v2\/posts\/361877","targetHints":{"allow":["GET"]}}],"collection":[{"href":"https:\/\/www.hashtag.al\/index.php\/wp-json\/wp\/v2\/posts"}],"about":[{"href":"https:\/\/www.hashtag.al\/index.php\/wp-json\/wp\/v2\/types\/post"}],"author":[{"embeddable":true,"href":"https:\/\/www.hashtag.al\/index.php\/wp-json\/wp\/v2\/users\/32"}],"replies":[{"embeddable":true,"href":"https:\/\/www.hashtag.al\/index.php\/wp-json\/wp\/v2\/comments?post=361877"}],"version-history":[{"count":0,"href":"https:\/\/www.hashtag.al\/index.php\/wp-json\/wp\/v2\/posts\/361877\/revisions"}],"wp:featuredmedia":[{"embeddable":true,"href":"https:\/\/www.hashtag.al\/index.php\/wp-json\/wp\/v2\/media\/361514"}],"wp:attachment":[{"href":"https:\/\/www.hashtag.al\/index.php\/wp-json\/wp\/v2\/media?parent=361877"}],"wp:term":[{"taxonomy":"category","embeddable":true,"href":"https:\/\/www.hashtag.al\/index.php\/wp-json\/wp\/v2\/categories?post=361877"},{"taxonomy":"post_tag","embeddable":true,"href":"https:\/\/www.hashtag.al\/index.php\/wp-json\/wp\/v2\/tags?post=361877"}],"curies":[{"name":"wp","href":"https:\/\/api.w.org\/{rel}","templated":true}]}}