{"id":361870,"date":"2020-03-20T10:50:13","date_gmt":"2020-03-20T09:50:13","guid":{"rendered":"https:\/\/hashtag.al\/?p=361870"},"modified":"2020-03-20T10:50:13","modified_gmt":"2020-03-20T09:50:13","slug":"nis-trajnimi-i-3-mije-vullnetareve-ne-lufte-ndaj-koronavirusit","status":"publish","type":"post","link":"https:\/\/www.hashtag.al\/index.php\/2020\/03\/20\/nis-trajnimi-i-3-mije-vullnetareve-ne-lufte-ndaj-koronavirusit\/","title":{"rendered":"Nis trajnimi i 3 mij\u00eb vullnetar\u00ebve n\u00eb luft\u00eb ndaj koronavirusit","gt_translate_keys":[{"key":"rendered","format":"text"}]},"content":{"rendered":"<p><img loading=\"lazy\" decoding=\"async\" class=\"aligncenter size-full wp-image-361871\" src=\"https:\/\/hashtag.al\/wp-content\/uploads\/2020\/03\/trajnim2.jpg\" alt=\"\" width=\"960\" height=\"540\" srcset=\"https:\/\/www.hashtag.al\/wp-content\/uploads\/2020\/03\/trajnim2.jpg 960w, https:\/\/www.hashtag.al\/wp-content\/uploads\/2020\/03\/trajnim2-300x169.jpg 300w, https:\/\/www.hashtag.al\/wp-content\/uploads\/2020\/03\/trajnim2-768x432.jpg 768w\" sizes=\"auto, (max-width: 960px) 100vw, 960px\" \/><\/p>\n<p>Ka nisur trajnimi p\u00ebr 3 mij\u00eb vullnetar\u00eb q\u00eb iu p\u00ebrgjigj\u00ebn thirrjes p\u00ebr t\u00eb qen\u00eb n\u00eb frontin e luft\u00ebs ndaj koronavirusit.<\/p>\n<p>Vullnetar\u00ebt jan\u00eb nga radh\u00ebt e mjek\u00ebve, infermier\u00ebve, farmacist\u00ebve, stomatolog\u00ebve dhe profesionist\u00ebve t\u00eb sh\u00ebndetit publik, si edhe student\u00eb t\u00eb fakulteteve t\u00eb mjek\u00ebsis\u00eb.<\/p>\n<p>Ministrja e Sh\u00ebndet\u00ebsis\u00eb Ogerta Manasitrliu ka shp\u00ebrndar\u00eb fotot gjat\u00eb trajnimit.<\/p>\n<p><img loading=\"lazy\" decoding=\"async\" class=\"aligncenter size-full wp-image-361872\" src=\"https:\/\/hashtag.al\/wp-content\/uploads\/2020\/03\/trajnim3.jpg\" alt=\"\" width=\"960\" height=\"540\" srcset=\"https:\/\/www.hashtag.al\/wp-content\/uploads\/2020\/03\/trajnim3.jpg 960w, https:\/\/www.hashtag.al\/wp-content\/uploads\/2020\/03\/trajnim3-300x169.jpg 300w, https:\/\/www.hashtag.al\/wp-content\/uploads\/2020\/03\/trajnim3-768x432.jpg 768w\" sizes=\"auto, (max-width: 960px) 100vw, 960px\" \/><\/p>\n<p><strong>Postimi i plot\u00eb:<\/strong><\/p>\n<p>COVID-19<br \/>\nEdhe nj\u00eb tjet\u00ebr shembull solidariteti dhe sakrifice nga profesionist\u00ebt e sh\u00ebndetit<br \/>\n3000 mjek\u00eb, infermier\u00eb, farmacist\u00eb, stomatolog\u00eb, profesionist\u00eb t\u00eb sh\u00ebndetit publik dhe student\u00ebt\u00eb mjek\u00ebsis\u00eb i jan\u00eb p\u00ebrgjigjur thirrjes s\u00eb Ministris\u00eb s\u00eb Sh\u00ebndet\u00ebsis\u00eb dhe Mbrojtjes Sociale p\u00ebr t\u00eb sh\u00ebrbyer n\u00eb rast nevoje p\u00ebr p\u00ebrballimin e k\u00ebsaj situate!<br \/>\nMe nj\u00eb organizim shembullor t\u00eb strukturave t\u00eb sh\u00ebndet\u00ebsis\u00eb dhe universitetit t\u00eb Mjek\u00ebsis\u00eb, n\u00eb bashk\u00ebpunim me universitetet rajonale, ka nisur trajnimi i profesionist\u00ebve t\u00eb sh\u00ebndetit. Bashk\u00ebJaDalim<\/p>\n<p><img loading=\"lazy\" decoding=\"async\" class=\"aligncenter size-full wp-image-361873\" src=\"https:\/\/hashtag.al\/wp-content\/uploads\/2020\/03\/trajnim-4.jpg\" alt=\"\" width=\"960\" height=\"720\" srcset=\"https:\/\/www.hashtag.al\/wp-content\/uploads\/2020\/03\/trajnim-4.jpg 960w, https:\/\/www.hashtag.al\/wp-content\/uploads\/2020\/03\/trajnim-4-300x225.jpg 300w, https:\/\/www.hashtag.al\/wp-content\/uploads\/2020\/03\/trajnim-4-768x576.jpg 768w\" sizes=\"auto, (max-width: 960px) 100vw, 960px\" \/> <img loading=\"lazy\" decoding=\"async\" class=\"aligncenter size-full wp-image-361874\" src=\"https:\/\/hashtag.al\/wp-content\/uploads\/2020\/03\/trajnim5.jpg\" alt=\"\" width=\"960\" height=\"540\" srcset=\"https:\/\/www.hashtag.al\/wp-content\/uploads\/2020\/03\/trajnim5.jpg 960w, https:\/\/www.hashtag.al\/wp-content\/uploads\/2020\/03\/trajnim5-300x169.jpg 300w, https:\/\/www.hashtag.al\/wp-content\/uploads\/2020\/03\/trajnim5-768x432.jpg 768w\" sizes=\"auto, (max-width: 960px) 100vw, 960px\" \/> <img loading=\"lazy\" decoding=\"async\" class=\"aligncenter size-full wp-image-361875\" src=\"https:\/\/hashtag.al\/wp-content\/uploads\/2020\/03\/trajnim-6.jpg\" alt=\"\" width=\"960\" height=\"540\" srcset=\"https:\/\/www.hashtag.al\/wp-content\/uploads\/2020\/03\/trajnim-6.jpg 960w, https:\/\/www.hashtag.al\/wp-content\/uploads\/2020\/03\/trajnim-6-300x169.jpg 300w, https:\/\/www.hashtag.al\/wp-content\/uploads\/2020\/03\/trajnim-6-768x432.jpg 768w\" sizes=\"auto, (max-width: 960px) 100vw, 960px\" \/><\/p>\n","protected":false,"gt_translate_keys":[{"key":"rendered","format":"html"}]},"excerpt":{"rendered":"<p>Ka nisur trajnimi p\u00ebr 3 mij\u00eb vullnetar\u00eb q\u00eb iu p\u00ebrgjigj\u00ebn thirrjes p\u00ebr t\u00eb qen\u00eb n\u00eb frontin e luft\u00ebs ndaj koronavirusit. Vullnetar\u00ebt jan\u00eb nga radh\u00ebt e mjek\u00ebve, infermier\u00ebve, farmacist\u00ebve, stomatolog\u00ebve dhe profesionist\u00ebve t\u00eb sh\u00ebndetit publik, si edhe student\u00eb t\u00eb fakulteteve t\u00eb mjek\u00ebsis\u00eb. Ministrja e Sh\u00ebndet\u00ebsis\u00eb Ogerta Manasitrliu ka shp\u00ebrndar\u00eb fotot gjat\u00eb trajnimit. Postimi i plot\u00eb: COVID-19 [&hellip;]<\/p>\n","protected":false,"gt_translate_keys":[{"key":"rendered","format":"html"}]},"author":32,"featured_media":361871,"comment_status":"open","ping_status":"open","sticky":false,"template":"","format":"standard","meta":{"footnotes":""},"categories":[65,13],"tags":[],"class_list":["post-361870","post","type-post","status-publish","format-standard","has-post-thumbnail","hentry","category-lajme","category-te-fundit"],"gt_translate_keys":[{"key":"link","format":"url"}],"_links":{"self":[{"href":"https:\/\/www.hashtag.al\/index.php\/wp-json\/wp\/v2\/posts\/361870","targetHints":{"allow":["GET"]}}],"collection":[{"href":"https:\/\/www.hashtag.al\/index.php\/wp-json\/wp\/v2\/posts"}],"about":[{"href":"https:\/\/www.hashtag.al\/index.php\/wp-json\/wp\/v2\/types\/post"}],"author":[{"embeddable":true,"href":"https:\/\/www.hashtag.al\/index.php\/wp-json\/wp\/v2\/users\/32"}],"replies":[{"embeddable":true,"href":"https:\/\/www.hashtag.al\/index.php\/wp-json\/wp\/v2\/comments?post=361870"}],"version-history":[{"count":0,"href":"https:\/\/www.hashtag.al\/index.php\/wp-json\/wp\/v2\/posts\/361870\/revisions"}],"wp:featuredmedia":[{"embeddable":true,"href":"https:\/\/www.hashtag.al\/index.php\/wp-json\/wp\/v2\/media\/361871"}],"wp:attachment":[{"href":"https:\/\/www.hashtag.al\/index.php\/wp-json\/wp\/v2\/media?parent=361870"}],"wp:term":[{"taxonomy":"category","embeddable":true,"href":"https:\/\/www.hashtag.al\/index.php\/wp-json\/wp\/v2\/categories?post=361870"},{"taxonomy":"post_tag","embeddable":true,"href":"https:\/\/www.hashtag.al\/index.php\/wp-json\/wp\/v2\/tags?post=361870"}],"curies":[{"name":"wp","href":"https:\/\/api.w.org\/{rel}","templated":true}]}}