{"id":361779,"date":"2020-03-19T19:04:53","date_gmt":"2020-03-19T18:04:53","guid":{"rendered":"https:\/\/hashtag.al\/?p=361779"},"modified":"2020-03-19T19:04:53","modified_gmt":"2020-03-19T18:04:53","slug":"princi-i-monakos-rezulton-pozitiv-me-koronavirus","status":"publish","type":"post","link":"https:\/\/www.hashtag.al\/index.php\/2020\/03\/19\/princi-i-monakos-rezulton-pozitiv-me-koronavirus\/","title":{"rendered":"Princi i Monakos rezulton pozitiv me koronavirus","gt_translate_keys":[{"key":"rendered","format":"text"}]},"content":{"rendered":"<p><img loading=\"lazy\" decoding=\"async\" class=\"aligncenter size-full wp-image-361780\" src=\"https:\/\/hashtag.al\/wp-content\/uploads\/2020\/03\/prince-de-monako.jpg\" alt=\"\" width=\"720\" height=\"405\" srcset=\"https:\/\/www.hashtag.al\/wp-content\/uploads\/2020\/03\/prince-de-monako.jpg 720w, https:\/\/www.hashtag.al\/wp-content\/uploads\/2020\/03\/prince-de-monako-300x169.jpg 300w\" sizes=\"auto, (max-width: 720px) 100vw, 720px\" \/><\/p>\n<p>Princi Albert II, kreu i shtetit t\u00eb principat\u00ebs s\u00eb Monakos, rezultoi pozitiv me COVID-19.<\/p>\n<p>\u201dSidoqoft\u00eb, ai mund t\u00eb vazhdoj\u00eb t\u00eb punoj\u00eb nga sht\u00ebpia e tij, pasi gjendja sh\u00ebndet\u00ebsoe e Albertit II nuk \u00ebsht\u00eb sgqet\u00ebsuese\u201d, njoftoi sot pallati i princit.<\/p>\n<p>\u201cPrinci Albert II i Monakos, i cili ishte testuar n\u00eb fillim t\u00eb k\u00ebsaj jave, rezultoi pozitiv me COVID-19. Gjendja e tij sh\u00ebndet\u00ebsore nuk paraqet probleme\u201d, tha pallati n\u00eb nj\u00eb deklarat\u00eb, tri dit\u00eb pasi edhe ministri i Shtetit, Serge Telle, ekuivalent me kryeministrin, njoftoi se kishte rezultuar pozitiv.<\/p>\n","protected":false,"gt_translate_keys":[{"key":"rendered","format":"html"}]},"excerpt":{"rendered":"<p>Princi Albert II, kreu i shtetit t\u00eb principat\u00ebs s\u00eb Monakos, rezultoi pozitiv me COVID-19. \u201dSidoqoft\u00eb, ai mund t\u00eb vazhdoj\u00eb t\u00eb punoj\u00eb nga sht\u00ebpia e tij, pasi gjendja sh\u00ebndet\u00ebsoe e Albertit II nuk \u00ebsht\u00eb sgqet\u00ebsuese\u201d, njoftoi sot pallati i princit. \u201cPrinci Albert II i Monakos, i cili ishte testuar n\u00eb fillim t\u00eb k\u00ebsaj jave, rezultoi pozitiv [&hellip;]<\/p>\n","protected":false,"gt_translate_keys":[{"key":"rendered","format":"html"}]},"author":32,"featured_media":361780,"comment_status":"open","ping_status":"open","sticky":false,"template":"","format":"standard","meta":{"footnotes":""},"categories":[6,13],"tags":[],"class_list":["post-361779","post","type-post","status-publish","format-standard","has-post-thumbnail","hentry","category-nderkombetare","category-te-fundit"],"gt_translate_keys":[{"key":"link","format":"url"}],"_links":{"self":[{"href":"https:\/\/www.hashtag.al\/index.php\/wp-json\/wp\/v2\/posts\/361779","targetHints":{"allow":["GET"]}}],"collection":[{"href":"https:\/\/www.hashtag.al\/index.php\/wp-json\/wp\/v2\/posts"}],"about":[{"href":"https:\/\/www.hashtag.al\/index.php\/wp-json\/wp\/v2\/types\/post"}],"author":[{"embeddable":true,"href":"https:\/\/www.hashtag.al\/index.php\/wp-json\/wp\/v2\/users\/32"}],"replies":[{"embeddable":true,"href":"https:\/\/www.hashtag.al\/index.php\/wp-json\/wp\/v2\/comments?post=361779"}],"version-history":[{"count":0,"href":"https:\/\/www.hashtag.al\/index.php\/wp-json\/wp\/v2\/posts\/361779\/revisions"}],"wp:featuredmedia":[{"embeddable":true,"href":"https:\/\/www.hashtag.al\/index.php\/wp-json\/wp\/v2\/media\/361780"}],"wp:attachment":[{"href":"https:\/\/www.hashtag.al\/index.php\/wp-json\/wp\/v2\/media?parent=361779"}],"wp:term":[{"taxonomy":"category","embeddable":true,"href":"https:\/\/www.hashtag.al\/index.php\/wp-json\/wp\/v2\/categories?post=361779"},{"taxonomy":"post_tag","embeddable":true,"href":"https:\/\/www.hashtag.al\/index.php\/wp-json\/wp\/v2\/tags?post=361779"}],"curies":[{"name":"wp","href":"https:\/\/api.w.org\/{rel}","templated":true}]}}