{"id":361607,"date":"2020-03-19T09:54:49","date_gmt":"2020-03-19T08:54:49","guid":{"rendered":"https:\/\/hashtag.al\/?p=361607"},"modified":"2020-03-19T10:01:56","modified_gmt":"2020-03-19T09:01:56","slug":"arrestohen-pas-1-viti-vellezerit-cala-te-kerkuar-per-grabitjen-ne-rinas","status":"publish","type":"post","link":"https:\/\/www.hashtag.al\/index.php\/2020\/03\/19\/arrestohen-pas-1-viti-vellezerit-cala-te-kerkuar-per-grabitjen-ne-rinas\/","title":{"rendered":"Arrestohen pas 1 viti v\u00ebllez\u00ebrit \u00c7ala, t\u00eb k\u00ebrkuar p\u00ebr grabitjen n\u00eb Rinas","gt_translate_keys":[{"key":"rendered","format":"text"}]},"content":{"rendered":"<p><span style=\"color: #000000;\"><a style=\"color: #000000;\" href=\"https:\/\/hashtag.al\/wp-content\/uploads\/2020\/03\/cala.jpg\"><img loading=\"lazy\" decoding=\"async\" class=\"aligncenter size-full wp-image-361608\" src=\"https:\/\/hashtag.al\/wp-content\/uploads\/2020\/03\/cala.jpg\" alt=\"\" width=\"539\" height=\"305\" srcset=\"https:\/\/www.hashtag.al\/wp-content\/uploads\/2020\/03\/cala.jpg 539w, https:\/\/www.hashtag.al\/wp-content\/uploads\/2020\/03\/cala-300x170.jpg 300w\" sizes=\"auto, (max-width: 539px) 100vw, 539px\" \/><\/a><\/span><\/p>\n<p><span style=\"color: #000000;\">Arrestohen pas 1 viti n\u00eb k\u00ebrkim v\u00ebllez\u00ebrit Klement dhe Eldi \u00c7ala t\u00eb cil\u00ebt akuzohen p\u00ebr grabitjen n\u00eb Rinas n\u00eb prill t\u00eb vitit t\u00eb kaluar ku u mor\u00ebn rreth 6 milion\u00eb euro.<\/span><\/p>\n<p><span style=\"color: #000000;\">N\u00eb nj\u00eb operacion ku mor\u00ebn pjes\u00eb 300 forcave policore, v\u00ebllez\u00ebrit \u00c7ala u prangos\u00ebn n\u00eb nj\u00eb banes\u00eb q\u00eb kishin marr\u00eb me qira n\u00eb zon\u00ebn e Qerretit n\u00eb Kavaj\u00eb.<\/span><\/p>\n<p><span style=\"color: #000000;\"><em>&#8220;Megaoperacion p\u00ebr kapjen e personave me rrezikshm\u00ebri t\u00eb lart\u00eb shoq\u00ebrore ne fush\u00ebn e vjedhjeve me arm\u00eb.<\/em><\/span><\/p>\n<p><span style=\"color: #000000;\"><em>Operacioni, nga Departamenti i Policis\u00eb Kriminale, Forca e Posa\u00e7me Operacionale n\u00eb Policin\u00eb e Shtetit, nj\u00ebsia speciale FAST Albania, RENEA dhe Drejtorit\u00eb Vendore te Policis\u00eb Durr\u00ebs, Tiran\u00eb e Elbasan.<\/em><\/span><\/p>\n<p><span style=\"color: #000000;\"><em>N\u00eb operacion jan\u00eb p\u00ebrfshir\u00eb 300 forca policore.<\/em><\/span><\/p>\n<p><span style=\"color: #000000;\"><em>Sekuestrohen arm\u00eb zjarri, sasi t\u00eb m\u00ebdha vlerash monetare dhe automjete.<\/em><\/span><\/p>\n<p><span style=\"color: #000000;\"><em>Arrestohen v\u00ebllez\u00ebrit Klement dhe Eldi \u00c7ala.<\/em><\/span><\/p>\n<p><span style=\"color: #000000;\"><em>V\u00ebllez\u00ebrit, t\u00eb akuzuar p\u00ebr nj\u00eb s\u00ebr\u00eb grabitjesh m\u00eb arm\u00eb dhe dhun\u00eb n\u00eb zon\u00ebn e Rinasit dhe n\u00eb aeroportin e Rinasit.<\/em><\/span><\/p>\n<p><span style=\"color: #000000;\"><em>P\u00ebr detaje t\u00eb m\u00ebtejshme t\u00eb operacionit do t\u2019ju njoftojm\u00eb n\u00eb p\u00ebrfundim t\u00eb operacionit.&#8221;-<\/em> thuhet n\u00eb njoftimin paraprak t\u00eb policis\u00eb.<\/span><\/p>\n<p><span style=\"color: #000000;\">Dy v\u00ebllez\u00ebrit akuzohen p\u00ebr dy grabitje, nj\u00ebra n\u00eb rrug\u00ebn e Rinasit n\u00eb vitin 2017 e tjetra n\u00eb barkun e avionit n\u00eb prill t\u00eb 2019-\u00ebs. Klement \u00c7ala rezulton se kishte lidhje t\u00eb hershme me Admir Muratajn, personin q\u00eb mbeti i vrar\u00eb gjat\u00eb grabitjes, pasi t\u00eb dy kan\u00eb qen\u00eb t\u00eb akuzuar nga Greqia p\u00ebr grabitjen e 1 milion\u00eb eurove \u00a0t\u00eb Bank\u00ebs Komb\u00ebtare Greke n\u00eb qend\u00ebr t\u00eb qytetit t\u00eb Laris\u00ebs dhe jan\u00eb shpallur n\u00eb k\u00ebrkim q\u00eb prej vitit 2013.<\/span><\/p>\n<p><span style=\"color: #000000;\">\u00c7ala \u00ebsht\u00eb nd\u00ebr pjes\u00ebtar\u00ebt e grupit t\u00eb Ilir Kup\u00ebs q\u00eb u arratis\u00ebn nga burgu i Trikall\u00ebs n\u00eb Greqi m\u00eb 22 mars 2013 dhe s\u00eb bashku me Admir Muratajn u fsheh\u00ebn n\u00eb Shqip\u00ebri. Ai ishte identifikuar edhe si autor i plagosjes s\u00eb nj\u00eb efektivi t\u00eb policis\u00eb greke dhe vrasjes s\u00eb nj\u00eb qytetareje t\u00eb pafajshme gjat\u00eb shk\u00ebmbimit t\u00eb zjarrit me trupat e policis\u00eb.\u00a0<\/span><\/p>\n<p>&nbsp;<\/p>\n","protected":false,"gt_translate_keys":[{"key":"rendered","format":"html"}]},"excerpt":{"rendered":"<p>Arrestohen pas 1 viti n\u00eb k\u00ebrkim v\u00ebllez\u00ebrit Klement dhe Eldi \u00c7ala t\u00eb cil\u00ebt akuzohen p\u00ebr grabitjen n\u00eb Rinas n\u00eb prill t\u00eb vitit t\u00eb kaluar ku u mor\u00ebn rreth 6 milion\u00eb euro. N\u00eb nj\u00eb operacion ku mor\u00ebn pjes\u00eb 300 forcave policore, v\u00ebllez\u00ebrit \u00c7ala u prangos\u00ebn n\u00eb nj\u00eb banes\u00eb q\u00eb kishin marr\u00eb me qira n\u00eb zon\u00ebn e [&hellip;]<\/p>\n","protected":false,"gt_translate_keys":[{"key":"rendered","format":"html"}]},"author":30,"featured_media":361608,"comment_status":"open","ping_status":"open","sticky":false,"template":"","format":"standard","meta":{"footnotes":""},"categories":[65,13],"tags":[],"class_list":["post-361607","post","type-post","status-publish","format-standard","has-post-thumbnail","hentry","category-lajme","category-te-fundit"],"gt_translate_keys":[{"key":"link","format":"url"}],"_links":{"self":[{"href":"https:\/\/www.hashtag.al\/index.php\/wp-json\/wp\/v2\/posts\/361607","targetHints":{"allow":["GET"]}}],"collection":[{"href":"https:\/\/www.hashtag.al\/index.php\/wp-json\/wp\/v2\/posts"}],"about":[{"href":"https:\/\/www.hashtag.al\/index.php\/wp-json\/wp\/v2\/types\/post"}],"author":[{"embeddable":true,"href":"https:\/\/www.hashtag.al\/index.php\/wp-json\/wp\/v2\/users\/30"}],"replies":[{"embeddable":true,"href":"https:\/\/www.hashtag.al\/index.php\/wp-json\/wp\/v2\/comments?post=361607"}],"version-history":[{"count":0,"href":"https:\/\/www.hashtag.al\/index.php\/wp-json\/wp\/v2\/posts\/361607\/revisions"}],"wp:featuredmedia":[{"embeddable":true,"href":"https:\/\/www.hashtag.al\/index.php\/wp-json\/wp\/v2\/media\/361608"}],"wp:attachment":[{"href":"https:\/\/www.hashtag.al\/index.php\/wp-json\/wp\/v2\/media?parent=361607"}],"wp:term":[{"taxonomy":"category","embeddable":true,"href":"https:\/\/www.hashtag.al\/index.php\/wp-json\/wp\/v2\/categories?post=361607"},{"taxonomy":"post_tag","embeddable":true,"href":"https:\/\/www.hashtag.al\/index.php\/wp-json\/wp\/v2\/tags?post=361607"}],"curies":[{"name":"wp","href":"https:\/\/api.w.org\/{rel}","templated":true}]}}