{"id":361286,"date":"2020-03-17T22:15:16","date_gmt":"2020-03-17T21:15:16","guid":{"rendered":"https:\/\/hashtag.al\/?p=361286"},"modified":"2020-03-17T21:58:01","modified_gmt":"2020-03-17T20:58:01","slug":"serbia-bllokon-qarkullimin-e-levizjes-nga-ora-2000-deri-ne-0500","status":"publish","type":"post","link":"https:\/\/www.hashtag.al\/index.php\/2020\/03\/17\/serbia-bllokon-qarkullimin-e-levizjes-nga-ora-2000-deri-ne-0500\/","title":{"rendered":"Serbia bllokon qarkullimin e l\u00ebvizjes nga ora 20:00 deri n\u00eb 05:00","gt_translate_keys":[{"key":"rendered","format":"text"}]},"content":{"rendered":"<p><img loading=\"lazy\" decoding=\"async\" class=\"aligncenter size-full wp-image-361287\" src=\"https:\/\/hashtag.al\/wp-content\/uploads\/2020\/03\/vucica.jpg\" alt=\"\" width=\"640\" height=\"360\" srcset=\"https:\/\/www.hashtag.al\/wp-content\/uploads\/2020\/03\/vucica.jpg 640w, https:\/\/www.hashtag.al\/wp-content\/uploads\/2020\/03\/vucica-300x169.jpg 300w\" sizes=\"auto, (max-width: 640px) 100vw, 640px\" \/><\/p>\n<p><span style=\"color: #000000;\">Presidenti serb Aleksandar Vu\u00e7i\u00e7 ka vendosur sot ndalimin p\u00ebr l\u00ebvizje nga or\u00eb 20:00 e mbr\u00ebmjes deri n\u00eb 05:00 t\u00eb m\u00ebngjesit do t\u00eb vendoset p\u00ebr t\u00eb gjith\u00eb personat e \u00e7do moshe.<\/span><\/p>\n<p><span style=\"color: #000000;\">Masa e fundit vlen p\u00ebr t\u00eb gjith\u00eb qytetar\u00ebt, p\u00ebrve\u00e7 atyre mbi 65 vje\u00e7, t\u00eb cil\u00ebt nuk lejohen t\u00eb dalin n\u00eb rrug\u00eb fare dhe do t\u00eb thot\u00eb se askush nuk mund t\u00eb jet\u00eb n\u00eb rrug\u00eb gjat\u00eb asaj periudhe kohore, p\u00ebrve\u00e7 autoriteteve kompetente, vet\u00ebm ata q\u00eb jan\u00eb n\u00eb detyr\u00eb ose ata t\u00eb cil\u00ebt kan\u00eb nj\u00eb detyrim pune t\u00eb nd\u00ebrrimit t\u00eb tret\u00eb, shkruan <a href=\"http:\/\/www.tanjug.rs\/full-view1.aspx?izb=543006\">Tanjug<\/a>.<\/span><\/p>\n<p>&nbsp;<\/p>\n","protected":false,"gt_translate_keys":[{"key":"rendered","format":"html"}]},"excerpt":{"rendered":"<p>Presidenti serb Aleksandar Vu\u00e7i\u00e7 ka vendosur sot ndalimin p\u00ebr l\u00ebvizje nga or\u00eb 20:00 e mbr\u00ebmjes deri n\u00eb 05:00 t\u00eb m\u00ebngjesit do t\u00eb vendoset p\u00ebr t\u00eb gjith\u00eb personat e \u00e7do moshe. Masa e fundit vlen p\u00ebr t\u00eb gjith\u00eb qytetar\u00ebt, p\u00ebrve\u00e7 atyre mbi 65 vje\u00e7, t\u00eb cil\u00ebt nuk lejohen t\u00eb dalin n\u00eb rrug\u00eb fare dhe do t\u00eb [&hellip;]<\/p>\n","protected":false,"gt_translate_keys":[{"key":"rendered","format":"html"}]},"author":32,"featured_media":361287,"comment_status":"open","ping_status":"open","sticky":false,"template":"","format":"standard","meta":{"footnotes":""},"categories":[149,13],"tags":[],"class_list":["post-361286","post","type-post","status-publish","format-standard","has-post-thumbnail","hentry","category-kosoverajon","category-te-fundit"],"gt_translate_keys":[{"key":"link","format":"url"}],"_links":{"self":[{"href":"https:\/\/www.hashtag.al\/index.php\/wp-json\/wp\/v2\/posts\/361286","targetHints":{"allow":["GET"]}}],"collection":[{"href":"https:\/\/www.hashtag.al\/index.php\/wp-json\/wp\/v2\/posts"}],"about":[{"href":"https:\/\/www.hashtag.al\/index.php\/wp-json\/wp\/v2\/types\/post"}],"author":[{"embeddable":true,"href":"https:\/\/www.hashtag.al\/index.php\/wp-json\/wp\/v2\/users\/32"}],"replies":[{"embeddable":true,"href":"https:\/\/www.hashtag.al\/index.php\/wp-json\/wp\/v2\/comments?post=361286"}],"version-history":[{"count":0,"href":"https:\/\/www.hashtag.al\/index.php\/wp-json\/wp\/v2\/posts\/361286\/revisions"}],"wp:featuredmedia":[{"embeddable":true,"href":"https:\/\/www.hashtag.al\/index.php\/wp-json\/wp\/v2\/media\/361287"}],"wp:attachment":[{"href":"https:\/\/www.hashtag.al\/index.php\/wp-json\/wp\/v2\/media?parent=361286"}],"wp:term":[{"taxonomy":"category","embeddable":true,"href":"https:\/\/www.hashtag.al\/index.php\/wp-json\/wp\/v2\/categories?post=361286"},{"taxonomy":"post_tag","embeddable":true,"href":"https:\/\/www.hashtag.al\/index.php\/wp-json\/wp\/v2\/tags?post=361286"}],"curies":[{"name":"wp","href":"https:\/\/api.w.org\/{rel}","templated":true}]}}