{"id":361283,"date":"2020-03-17T22:00:44","date_gmt":"2020-03-17T21:00:44","guid":{"rendered":"https:\/\/hashtag.al\/?p=361283"},"modified":"2020-03-17T21:39:30","modified_gmt":"2020-03-17T20:39:30","slug":"shkon-ne-19-numri-te-infektuarve-ne-kosove-2-raste-te-reja","status":"publish","type":"post","link":"https:\/\/www.hashtag.al\/index.php\/2020\/03\/17\/shkon-ne-19-numri-te-infektuarve-ne-kosove-2-raste-te-reja\/","title":{"rendered":"Shkon n\u00eb 19 numri t\u00eb infektuarve n\u00eb Kosov\u00eb, 2 raste t\u00eb reja","gt_translate_keys":[{"key":"rendered","format":"text"}]},"content":{"rendered":"<p><img loading=\"lazy\" decoding=\"async\" class=\"aligncenter size-full wp-image-360977\" src=\"https:\/\/hashtag.al\/wp-content\/uploads\/2020\/03\/koronaviruskosove16mars.jpg\" alt=\"\" width=\"537\" height=\"340\" srcset=\"https:\/\/www.hashtag.al\/wp-content\/uploads\/2020\/03\/koronaviruskosove16mars.jpg 537w, https:\/\/www.hashtag.al\/wp-content\/uploads\/2020\/03\/koronaviruskosove16mars-300x190.jpg 300w\" sizes=\"auto, (max-width: 537px) 100vw, 537px\" \/><\/p>\n<p><span style=\"color: #000000;\">Jan\u00eb konfirmuar edhe dy raste t\u00eb reja me virusin COVID-19 n\u00eb Kosov\u00eb. Numri i t\u00eb prekurve tani ka shkuar n\u00eb 19. T\u00eb prekurit e fundit jan\u00eb nj\u00eb \u00e7ift nga Gjakova, q\u00eb s\u00eb fundi kan\u00eb ardhur nga Dussefdorfi i Gjermanis\u00eb.<\/span><\/p>\n<p><span style=\"color: #000000;\">\u201c<em>Nga data 08.02.2020 deri me 17.03.2020, n\u00eb Laboratorin e Mikrobiologjis\u00eb Molekulare n\u00eb IKSHPK me metod\u00ebn RT-PCR, jan\u00eb testuar gjithsej 284 mostra t\u00eb dyshimta n\u00eb virusin SARS-CoV-2 dhe gjithsej n\u00ebnt\u00ebmb\u00ebdhjet\u00eb prej tyre kan\u00eb rezultuar pozitive.<\/em><\/span><\/p>\n<p><span style=\"color: #000000;\"><em>Sot me 17.03.2020 jan\u00eb konfirmuar edhe dy raste pozitive p\u00ebr virusin SARS-CoV-2:\u00a0 Rastet jan\u00eb nga komuna e Gjakov\u00ebs, t\u00eb kthyer nga Dusseldorfi i Gjermanis\u00eb, nj\u00ebri i gjinis\u00eb mashkull 54 vje\u00e7 dhe tjetri i gjinis\u00eb fem\u00ebr 49 vje\u00e7<\/em>\u201d-thuhet n\u00eb njoftimin e Institutit t\u00eb Sh\u00ebndetit Publik.<\/span><\/p>\n<p>&nbsp;<\/p>\n","protected":false,"gt_translate_keys":[{"key":"rendered","format":"html"}]},"excerpt":{"rendered":"<p>Jan\u00eb konfirmuar edhe dy raste t\u00eb reja me virusin COVID-19 n\u00eb Kosov\u00eb. Numri i t\u00eb prekurve tani ka shkuar n\u00eb 19. T\u00eb prekurit e fundit jan\u00eb nj\u00eb \u00e7ift nga Gjakova, q\u00eb s\u00eb fundi kan\u00eb ardhur nga Dussefdorfi i Gjermanis\u00eb. \u201cNga data 08.02.2020 deri me 17.03.2020, n\u00eb Laboratorin e Mikrobiologjis\u00eb Molekulare n\u00eb IKSHPK me metod\u00ebn RT-PCR, [&hellip;]<\/p>\n","protected":false,"gt_translate_keys":[{"key":"rendered","format":"html"}]},"author":32,"featured_media":360977,"comment_status":"open","ping_status":"open","sticky":false,"template":"","format":"standard","meta":{"footnotes":""},"categories":[65,13],"tags":[],"class_list":["post-361283","post","type-post","status-publish","format-standard","has-post-thumbnail","hentry","category-lajme","category-te-fundit"],"gt_translate_keys":[{"key":"link","format":"url"}],"_links":{"self":[{"href":"https:\/\/www.hashtag.al\/index.php\/wp-json\/wp\/v2\/posts\/361283","targetHints":{"allow":["GET"]}}],"collection":[{"href":"https:\/\/www.hashtag.al\/index.php\/wp-json\/wp\/v2\/posts"}],"about":[{"href":"https:\/\/www.hashtag.al\/index.php\/wp-json\/wp\/v2\/types\/post"}],"author":[{"embeddable":true,"href":"https:\/\/www.hashtag.al\/index.php\/wp-json\/wp\/v2\/users\/32"}],"replies":[{"embeddable":true,"href":"https:\/\/www.hashtag.al\/index.php\/wp-json\/wp\/v2\/comments?post=361283"}],"version-history":[{"count":0,"href":"https:\/\/www.hashtag.al\/index.php\/wp-json\/wp\/v2\/posts\/361283\/revisions"}],"wp:featuredmedia":[{"embeddable":true,"href":"https:\/\/www.hashtag.al\/index.php\/wp-json\/wp\/v2\/media\/360977"}],"wp:attachment":[{"href":"https:\/\/www.hashtag.al\/index.php\/wp-json\/wp\/v2\/media?parent=361283"}],"wp:term":[{"taxonomy":"category","embeddable":true,"href":"https:\/\/www.hashtag.al\/index.php\/wp-json\/wp\/v2\/categories?post=361283"},{"taxonomy":"post_tag","embeddable":true,"href":"https:\/\/www.hashtag.al\/index.php\/wp-json\/wp\/v2\/tags?post=361283"}],"curies":[{"name":"wp","href":"https:\/\/api.w.org\/{rel}","templated":true}]}}