{"id":360989,"date":"2020-03-16T18:00:16","date_gmt":"2020-03-16T17:00:16","guid":{"rendered":"https:\/\/hashtag.al\/?p=360989"},"modified":"2020-03-16T18:00:16","modified_gmt":"2020-03-16T17:00:16","slug":"orari-0600-0800-e-1600-1700-seshte-per-levizjen-e-qytetareve-kush-kapet-i-hiqet-patenta-3-vjet-policia","status":"publish","type":"post","link":"https:\/\/www.hashtag.al\/index.php\/2020\/03\/16\/orari-0600-0800-e-1600-1700-seshte-per-levizjen-e-qytetareve-kush-kapet-i-hiqet-patenta-3-vjet-policia\/","title":{"rendered":"&#8220;Orari 06:00-08:00 e 16:00-17:00 s&#8217;\u00ebsht\u00eb p\u00ebr l\u00ebvizjen e qytetar\u00ebve, kush kapet i hiqet patenta 3 vjet&#8221; &#8211; Policia","gt_translate_keys":[{"key":"rendered","format":"text"}]},"content":{"rendered":"<p><img loading=\"lazy\" decoding=\"async\" class=\"aligncenter size-full wp-image-360606\" src=\"https:\/\/hashtag.al\/wp-content\/uploads\/2020\/03\/policiamakina.jpg\" alt=\"\" width=\"1280\" height=\"853\" srcset=\"https:\/\/www.hashtag.al\/wp-content\/uploads\/2020\/03\/policiamakina.jpg 1280w, https:\/\/www.hashtag.al\/wp-content\/uploads\/2020\/03\/policiamakina-300x200.jpg 300w, https:\/\/www.hashtag.al\/wp-content\/uploads\/2020\/03\/policiamakina-768x512.jpg 768w, https:\/\/www.hashtag.al\/wp-content\/uploads\/2020\/03\/policiamakina-1024x682.jpg 1024w\" sizes=\"auto, (max-width: 1280px) 100vw, 1280px\" \/><\/p>\n<p><span style=\"color: #000000;\">Policia ka njoftuar se oraret e lejimit t\u00eb l\u00ebvizjes, nga ora 6 deri n\u00eb 8 t\u00eb m\u00ebngjesit dhe nga ora 4 deri n\u00eb or\u00ebn 5 t\u00eb pasdites nuk jan\u00eb p\u00ebr qytetar\u00ebt. <\/span><\/p>\n<p><span style=\"color: #000000;\">Sipas policis\u00eb, ky orar l\u00ebvizjeje \u00ebsht\u00eb p\u00ebr pronar\u00ebt e bizneseve apo q\u00eb ofrojn\u00eb sh\u00ebrbime p\u00ebr qytetar\u00ebt p\u00ebr t\u00eb transportuar personelin. <\/span><\/p>\n<p><span style=\"color: #000000;\">L\u00ebvizja \u00ebsht\u00eb gjithashtu e lejuar p\u00ebr punonj\u00ebsit e institucioneve shtet\u00ebrore t\u00eb pajisur me dokumentin p\u00ebrkat\u00ebs, nd\u00ebrsa qytetar\u00ebt nuk do mund t\u00eb l\u00ebvizin n\u00eb k\u00ebto orare.<\/span><\/p>\n<p><span style=\"color: #000000;\"><strong>Njoftimi i policis\u00eb<\/strong><\/span><\/p>\n<p><span style=\"color: #000000;\">&#8216;Nisur nga fluksi i madh i telefonatave t\u00eb qytetar\u00ebve drejt numrave t\u00eb dedikuar 069 41 22223 dhe 069 41 22224, si dhe nga email-et shumta t\u00eb ardhura n\u00eb adres\u00ebn e dedikuar: policiarrugore@asp.gov.al, p\u00ebr akreditim apo informacione t\u00eb ndryshme n\u00eb lidhje me masat kufizuese p\u00ebr mosp\u00ebrhapjen e COVID-19, sqarojm\u00eb gjith\u00eb qytetar\u00ebt se:<\/span><\/p>\n<p><span style=\"color: #000000;\">T\u00eb gjith\u00eb pronar\u00ebt e bizneseve prodhuese apo ata q\u00eb ofrojn\u00eb sh\u00ebrbime p\u00ebr qytetar\u00ebt, t\u00eb cil\u00ebt duan t\u00eb akreditojn\u00eb automjetet p\u00ebr l\u00ebvizje personeli apo mallra brenda qarkut, t\u00eb mos d\u00ebrgojn\u00eb email n\u00eb adres\u00ebn policiarrugore@asp.gov.al dhe as t\u00eb mos telefonojn\u00eb n\u00eb dy numrat e dedikuar, por t\u2019i drejtohen\u00a0Sektorit t\u00eb Policis\u00eb Rrugore t\u00eb qarkut ku kan\u00eb vendbanimin dhe ushtrojn\u00eb aktivitetin e tyre.<\/span><\/p>\n<p><span style=\"color: #000000;\">Nd\u00ebrsa ata pronar\u00eb apo administrator\u00eb q\u00eb kan\u00eb aktivitet\/biznes edhe jasht\u00eb qarkut, si dhe ata q\u00eb banojn\u00eb n\u00eb qarkun Tiran\u00eb, t\u00eb vazhdojn\u00eb t\u00eb b\u00ebjn\u00eb k\u00ebrkesa p\u00ebr akreditim n\u00ebp\u00ebrmjet email-it policiarrugore@asp.gov.al dhe dy numrave t\u00eb dedikuar.<\/span><\/p>\n<p><span style=\"color: #000000;\">Orari i l\u00ebvizjes 06:00 deri 08:00 dhe n\u00eb mbasdite 16:00 deri n\u00eb 17:00 nuk \u00ebsht\u00eb p\u00ebr l\u00ebvizjen e lir\u00eb t\u00eb qytetar\u00ebve, por p\u00ebr\u00a0 personelin\/ punonjesit e nd\u00ebrmarrjeve\u00a0 prodhuese, t\u00eb cil\u00ebt do lejohen t\u00eb ken\u00eb aktivitet, sipas konfirmimeve t\u00eb b\u00ebra nga Policia e Shtetit, si dhe p\u00ebr punonj\u00ebsit e institucioneve shtet\u00ebrore t\u00eb pajisur me dokument identifikimi t\u00eb institucionit.<\/span><\/p>\n<p><span style=\"color: #000000;\">N\u00eb k\u00ebto orare nuk do lejohet l\u00ebvizja e lir\u00eb e qytetar\u00ebve me automjete private.<\/span><\/p>\n<p><span style=\"color: #000000;\">Punonj\u00ebsit e Policis\u00eb s\u00eb Shtetit, ata t\u00eb Policis\u00eb s\u00eb Burgjeve, t\u00eb SHPSF-ve, personeli sh\u00ebndet\u00ebsor dhe gazetar\u00ebt lejohen t\u00eb qarkullojn\u00eb n\u00eb oraret e nd\u00ebrrimit t\u00eb turneve, duke patur me vete dokumentim e l\u00ebshuar nga institucioni ku punojn\u00eb.<\/span><\/p>\n<p><span style=\"color: #000000;\">Automjetet e firmave prodhuese dhe furnizuese, kadet, furgon\u00e7inat, kamion\u00e7inat dhe kamion\u00ebt lejohen t\u00eb l\u00ebvizin n\u00eb \u00e7do moment, por duke argumentuar l\u00ebvizjen me faturat e shp\u00ebrndarjes s\u00eb mallit apo t\u00eb furnizimit me mall.<\/span><\/p>\n<p><span style=\"color: #000000;\">P\u00ebr urgjenca mjek\u00ebsore, personat t\u00eb telefonojn\u00eb n\u00eb numrin 129\/112 dhe n\u00eb dy numrat e dedikuar, duke b\u00ebr\u00eb prezent problemin p\u00ebr l\u00ebvizjen q\u00eb k\u00ebrkojn\u00eb.<\/span><\/p>\n<p><span style=\"color: #000000;\">Policia e Shtetit apelon p\u00ebr t\u00eb gjith\u00eb drejtuesit e automjeteve q\u00eb nuk jan\u00eb t\u00eb p\u00ebrfshir\u00eb n\u00eb list\u00ebn q\u00eb u lejohet t\u00eb qarkullojn\u00eb, t\u00eb respektojn\u00eb me rigorozitet kufizimet dhe t\u00eb mos dalin n\u00eb qarkullim, pasi dalja i penalizon me 3 vjet t\u00eb heqjes s\u00eb Lejes s\u00eb Drejtimit.<\/span><\/p>\n","protected":false,"gt_translate_keys":[{"key":"rendered","format":"html"}]},"excerpt":{"rendered":"<p>Policia ka njoftuar se oraret e lejimit t\u00eb l\u00ebvizjes, nga ora 6 deri n\u00eb 8 t\u00eb m\u00ebngjesit dhe nga ora 4 deri n\u00eb or\u00ebn 5 t\u00eb pasdites nuk jan\u00eb p\u00ebr qytetar\u00ebt. Sipas policis\u00eb, ky orar l\u00ebvizjeje \u00ebsht\u00eb p\u00ebr pronar\u00ebt e bizneseve apo q\u00eb ofrojn\u00eb sh\u00ebrbime p\u00ebr qytetar\u00ebt p\u00ebr t\u00eb transportuar personelin. L\u00ebvizja \u00ebsht\u00eb gjithashtu e [&hellip;]<\/p>\n","protected":false,"gt_translate_keys":[{"key":"rendered","format":"html"}]},"author":51,"featured_media":360606,"comment_status":"open","ping_status":"open","sticky":false,"template":"","format":"standard","meta":{"footnotes":""},"categories":[65,13],"tags":[],"class_list":["post-360989","post","type-post","status-publish","format-standard","has-post-thumbnail","hentry","category-lajme","category-te-fundit"],"gt_translate_keys":[{"key":"link","format":"url"}],"_links":{"self":[{"href":"https:\/\/www.hashtag.al\/index.php\/wp-json\/wp\/v2\/posts\/360989","targetHints":{"allow":["GET"]}}],"collection":[{"href":"https:\/\/www.hashtag.al\/index.php\/wp-json\/wp\/v2\/posts"}],"about":[{"href":"https:\/\/www.hashtag.al\/index.php\/wp-json\/wp\/v2\/types\/post"}],"author":[{"embeddable":true,"href":"https:\/\/www.hashtag.al\/index.php\/wp-json\/wp\/v2\/users\/51"}],"replies":[{"embeddable":true,"href":"https:\/\/www.hashtag.al\/index.php\/wp-json\/wp\/v2\/comments?post=360989"}],"version-history":[{"count":0,"href":"https:\/\/www.hashtag.al\/index.php\/wp-json\/wp\/v2\/posts\/360989\/revisions"}],"wp:featuredmedia":[{"embeddable":true,"href":"https:\/\/www.hashtag.al\/index.php\/wp-json\/wp\/v2\/media\/360606"}],"wp:attachment":[{"href":"https:\/\/www.hashtag.al\/index.php\/wp-json\/wp\/v2\/media?parent=360989"}],"wp:term":[{"taxonomy":"category","embeddable":true,"href":"https:\/\/www.hashtag.al\/index.php\/wp-json\/wp\/v2\/categories?post=360989"},{"taxonomy":"post_tag","embeddable":true,"href":"https:\/\/www.hashtag.al\/index.php\/wp-json\/wp\/v2\/tags?post=360989"}],"curies":[{"name":"wp","href":"https:\/\/api.w.org\/{rel}","templated":true}]}}