{"id":360544,"date":"2020-03-14T18:05:43","date_gmt":"2020-03-14T17:05:43","guid":{"rendered":"https:\/\/hashtag.al\/?p=360544"},"modified":"2020-03-14T18:05:43","modified_gmt":"2020-03-14T17:05:43","slug":"edhe-ne-shqiperi-si-ne-itali-qindra-qytetare-dalin-ne-ballkone-e-duatrokasin-mjeket-e-infermieret","status":"publish","type":"post","link":"https:\/\/www.hashtag.al\/index.php\/2020\/03\/14\/edhe-ne-shqiperi-si-ne-itali-qindra-qytetare-dalin-ne-ballkone-e-duatrokasin-mjeket-e-infermieret\/","title":{"rendered":"Edhe n\u00eb Shqip\u00ebri si n\u00eb Itali, qindra qytetar\u00eb dalin n\u00eb ballkone e duatrokasin mjek\u00ebt e infermier\u00ebt","gt_translate_keys":[{"key":"rendered","format":"text"}]},"content":{"rendered":"<p><img loading=\"lazy\" decoding=\"async\" class=\"aligncenter size-full wp-image-360545\" src=\"https:\/\/hashtag.al\/wp-content\/uploads\/2020\/03\/qytetaret-e-tiranes.jpg\" alt=\"\" width=\"658\" height=\"450\" srcset=\"https:\/\/www.hashtag.al\/wp-content\/uploads\/2020\/03\/qytetaret-e-tiranes.jpg 658w, https:\/\/www.hashtag.al\/wp-content\/uploads\/2020\/03\/qytetaret-e-tiranes-300x205.jpg 300w\" sizes=\"auto, (max-width: 658px) 100vw, 658px\" \/><\/p>\n<p><span style=\"color: #000000;\">Qindra qytetar\u00eb t\u00eb Tiran\u00ebs kan\u00eb dal\u00eb n\u00eb ballkonet e banesave t\u00eb tyre dhe kan\u00eb duartrokitur p\u00ebr disa minuta mjek\u00ebt e infermier\u00ebt e vendit, q\u00eb po p\u00ebrballen me Covid-19. <\/span><\/p>\n<p><span style=\"color: #000000;\">Pamje t\u00eb tilla jan\u00eb v\u00ebrejtur dit\u00ebn e djeshme n\u00eb Itali, ku mij\u00ebra italian\u00eb n\u00eb mbar\u00eb vendin dol\u00ebn n\u00eb ballkonet e tyre duke k\u00ebnduar himnin e duke duatrokitur personelin sh\u00ebndet\u00ebsor. <\/span><\/p>\n<p><span style=\"color: #000000;\">Italia \u00ebsht\u00eb vendi i dyt\u00eb m\u00eb bot\u00eb me bilancin m\u00eb t\u00eb r\u00ebnd\u00eb nga koronavirusi me m\u00eb shum\u00eb se 1200 viktima. <\/span><\/p>\n<p><span style=\"color: #000000;\">N\u00eb Shqip\u00ebri aktualisht jan\u00eb konfirmuar 38 persona t\u00eb prekur nga koronavirusi, nd\u00ebrsa para pak dit\u00ebsh u sh\u00ebnua edhe viktima e par\u00eb, nj\u00eb 73-vje\u00e7are nga Durr\u00ebsi.<\/span><\/p>\n","protected":false,"gt_translate_keys":[{"key":"rendered","format":"html"}]},"excerpt":{"rendered":"<p>Qindra qytetar\u00eb t\u00eb Tiran\u00ebs kan\u00eb dal\u00eb n\u00eb ballkonet e banesave t\u00eb tyre dhe kan\u00eb duartrokitur p\u00ebr disa minuta mjek\u00ebt e infermier\u00ebt e vendit, q\u00eb po p\u00ebrballen me Covid-19. Pamje t\u00eb tilla jan\u00eb v\u00ebrejtur dit\u00ebn e djeshme n\u00eb Itali, ku mij\u00ebra italian\u00eb n\u00eb mbar\u00eb vendin dol\u00ebn n\u00eb ballkonet e tyre duke k\u00ebnduar himnin e duke duatrokitur [&hellip;]<\/p>\n","protected":false,"gt_translate_keys":[{"key":"rendered","format":"html"}]},"author":51,"featured_media":360545,"comment_status":"open","ping_status":"open","sticky":false,"template":"","format":"standard","meta":{"footnotes":""},"categories":[65,13],"tags":[],"class_list":["post-360544","post","type-post","status-publish","format-standard","has-post-thumbnail","hentry","category-lajme","category-te-fundit"],"gt_translate_keys":[{"key":"link","format":"url"}],"_links":{"self":[{"href":"https:\/\/www.hashtag.al\/index.php\/wp-json\/wp\/v2\/posts\/360544","targetHints":{"allow":["GET"]}}],"collection":[{"href":"https:\/\/www.hashtag.al\/index.php\/wp-json\/wp\/v2\/posts"}],"about":[{"href":"https:\/\/www.hashtag.al\/index.php\/wp-json\/wp\/v2\/types\/post"}],"author":[{"embeddable":true,"href":"https:\/\/www.hashtag.al\/index.php\/wp-json\/wp\/v2\/users\/51"}],"replies":[{"embeddable":true,"href":"https:\/\/www.hashtag.al\/index.php\/wp-json\/wp\/v2\/comments?post=360544"}],"version-history":[{"count":0,"href":"https:\/\/www.hashtag.al\/index.php\/wp-json\/wp\/v2\/posts\/360544\/revisions"}],"wp:featuredmedia":[{"embeddable":true,"href":"https:\/\/www.hashtag.al\/index.php\/wp-json\/wp\/v2\/media\/360545"}],"wp:attachment":[{"href":"https:\/\/www.hashtag.al\/index.php\/wp-json\/wp\/v2\/media?parent=360544"}],"wp:term":[{"taxonomy":"category","embeddable":true,"href":"https:\/\/www.hashtag.al\/index.php\/wp-json\/wp\/v2\/categories?post=360544"},{"taxonomy":"post_tag","embeddable":true,"href":"https:\/\/www.hashtag.al\/index.php\/wp-json\/wp\/v2\/tags?post=360544"}],"curies":[{"name":"wp","href":"https:\/\/api.w.org\/{rel}","templated":true}]}}