{"id":360448,"date":"2020-03-14T10:08:28","date_gmt":"2020-03-14T09:08:28","guid":{"rendered":"https:\/\/hashtag.al\/?p=360448"},"modified":"2020-03-14T10:08:28","modified_gmt":"2020-03-14T09:08:28","slug":"zelanda-e-re-izolon-te-gjithe-personat-qe-hyjne-nga-jashte","status":"publish","type":"post","link":"https:\/\/www.hashtag.al\/index.php\/2020\/03\/14\/zelanda-e-re-izolon-te-gjithe-personat-qe-hyjne-nga-jashte\/","title":{"rendered":"Zelanda e Re izolon t\u00eb gjith\u00eb personat q\u00eb hyjn\u00eb nga jasht\u00eb","gt_translate_keys":[{"key":"rendered","format":"text"}]},"content":{"rendered":"<p><img loading=\"lazy\" decoding=\"async\" class=\"aligncenter size-full wp-image-360449\" src=\"https:\/\/hashtag.al\/wp-content\/uploads\/2020\/03\/Zelanda-e-Re-600x360.jpg\" alt=\"\" width=\"600\" height=\"360\" srcset=\"https:\/\/www.hashtag.al\/wp-content\/uploads\/2020\/03\/Zelanda-e-Re-600x360.jpg 600w, https:\/\/www.hashtag.al\/wp-content\/uploads\/2020\/03\/Zelanda-e-Re-600x360-300x180.jpg 300w\" sizes=\"auto, (max-width: 600px) 100vw, 600px\" \/><\/p>\n<p><span style=\"color: #000000;\">Kryeministrja e Zeland\u00ebs s\u00eb Re, Jacinda Arders, ka th\u00ebn\u00eb se pothuajse t\u00eb gjith\u00eb personat q\u00eb arrijn\u00eb n\u00eb k\u00ebt\u00eb shtet duhet t\u00eb vetizolohen nga dita e diel me q\u00ebllim t\u00eb parandalimit t\u00eb p\u00ebrhapjes s\u00eb koronavirusit.<\/span><\/p>\n<p><span style=\"color: #000000;\">Shefja e qeveris\u00eb tha se n\u00eb k\u00ebt\u00eb mas\u00eb p\u00ebrfshihen edhe banor\u00ebt e Zeland\u00ebs s\u00eb Re, t\u00eb cil\u00ebt kthehen nga vendet e huaja. P\u00ebrjashtim do t\u00eb b\u00ebhet vet\u00ebm p\u00ebr personat q\u00eb vijn\u00eb nga Ishujt e Paq\u00ebsorit, ku ende nuk \u00ebsht\u00eb konfirmuar asnj\u00eb rast i koronavirusit.<\/span><\/p>\n<p><span style=\"color: #000000;\">\u201cUn\u00eb nuk k\u00ebrkoj ndjes\u00eb. Kjo \u00ebsht\u00eb nj\u00eb koh\u00eb e pashembullt\u201d, tha zonja Ardern, duke i cil\u00ebsuar masat e reja si m\u00eb t\u00eb ashprat n\u00eb bot\u00eb.<\/span><\/p>\n<p><span style=\"color: #000000;\">Deri m\u00eb tani, n\u00eb Zeland\u00ebn e Re jan\u00eb regjistruar gjasht\u00eb raste t\u00eb koronavirusit, shkruan \u201cBBC\u201d.<\/span><\/p>\n<p><span style=\"color: #000000;\">Kryeministrja njoftoi se masat e reja do t\u00eb rishikohen nga autoritetet brenda 16 dit\u00ebve. Ajo gjithashtu tha se asnj\u00eb anije e huaj q\u00eb transporton njer\u00ebz nuk do t\u00eb mund t\u00eb ankorohet n\u00eb portet e Zeland\u00ebs s\u00eb Re deri m\u00eb 30 qershor.<\/span><\/p>\n<p><span style=\"color: #000000;\">Megjithat\u00eb, u b\u00eb e ditur se aeroplan\u00ebt dhe anijet q\u00eb transportojn\u00eb mallra jetike do t\u00eb mund t\u00eb operojn\u00eb si zakonisht, duke e theksuar faktin se masat vlejn\u00eb p\u00ebr njer\u00ebzit e jo p\u00ebr produktet.<\/span><\/p>\n<p>&nbsp;<\/p>\n","protected":false,"gt_translate_keys":[{"key":"rendered","format":"html"}]},"excerpt":{"rendered":"<p>Kryeministrja e Zeland\u00ebs s\u00eb Re, Jacinda Arders, ka th\u00ebn\u00eb se pothuajse t\u00eb gjith\u00eb personat q\u00eb arrijn\u00eb n\u00eb k\u00ebt\u00eb shtet duhet t\u00eb vetizolohen nga dita e diel me q\u00ebllim t\u00eb parandalimit t\u00eb p\u00ebrhapjes s\u00eb koronavirusit. Shefja e qeveris\u00eb tha se n\u00eb k\u00ebt\u00eb mas\u00eb p\u00ebrfshihen edhe banor\u00ebt e Zeland\u00ebs s\u00eb Re, t\u00eb cil\u00ebt kthehen nga vendet e [&hellip;]<\/p>\n","protected":false,"gt_translate_keys":[{"key":"rendered","format":"html"}]},"author":32,"featured_media":360449,"comment_status":"open","ping_status":"open","sticky":false,"template":"","format":"standard","meta":{"footnotes":""},"categories":[6,13],"tags":[],"class_list":["post-360448","post","type-post","status-publish","format-standard","has-post-thumbnail","hentry","category-nderkombetare","category-te-fundit"],"gt_translate_keys":[{"key":"link","format":"url"}],"_links":{"self":[{"href":"https:\/\/www.hashtag.al\/index.php\/wp-json\/wp\/v2\/posts\/360448","targetHints":{"allow":["GET"]}}],"collection":[{"href":"https:\/\/www.hashtag.al\/index.php\/wp-json\/wp\/v2\/posts"}],"about":[{"href":"https:\/\/www.hashtag.al\/index.php\/wp-json\/wp\/v2\/types\/post"}],"author":[{"embeddable":true,"href":"https:\/\/www.hashtag.al\/index.php\/wp-json\/wp\/v2\/users\/32"}],"replies":[{"embeddable":true,"href":"https:\/\/www.hashtag.al\/index.php\/wp-json\/wp\/v2\/comments?post=360448"}],"version-history":[{"count":0,"href":"https:\/\/www.hashtag.al\/index.php\/wp-json\/wp\/v2\/posts\/360448\/revisions"}],"wp:featuredmedia":[{"embeddable":true,"href":"https:\/\/www.hashtag.al\/index.php\/wp-json\/wp\/v2\/media\/360449"}],"wp:attachment":[{"href":"https:\/\/www.hashtag.al\/index.php\/wp-json\/wp\/v2\/media?parent=360448"}],"wp:term":[{"taxonomy":"category","embeddable":true,"href":"https:\/\/www.hashtag.al\/index.php\/wp-json\/wp\/v2\/categories?post=360448"},{"taxonomy":"post_tag","embeddable":true,"href":"https:\/\/www.hashtag.al\/index.php\/wp-json\/wp\/v2\/tags?post=360448"}],"curies":[{"name":"wp","href":"https:\/\/api.w.org\/{rel}","templated":true}]}}