{"id":360442,"date":"2020-03-14T09:44:16","date_gmt":"2020-03-14T08:44:16","guid":{"rendered":"https:\/\/hashtag.al\/?p=360442"},"modified":"2020-03-14T09:47:39","modified_gmt":"2020-03-14T08:47:39","slug":"shok-per-ekonomine-presidentja-e-ke-se-po-pergatitemi-te-ndihmojme-vendet-anetare","status":"publish","type":"post","link":"https:\/\/www.hashtag.al\/index.php\/2020\/03\/14\/shok-per-ekonomine-presidentja-e-ke-se-po-pergatitemi-te-ndihmojme-vendet-anetare\/","title":{"rendered":"\u201cShok p\u00ebr ekonomin\u00eb\u201d, Presidentja e KE-s\u00eb: Po p\u00ebrgatitemi t\u00eb ndihmojm\u00eb vendet an\u00ebtare","gt_translate_keys":[{"key":"rendered","format":"text"}]},"content":{"rendered":"<p><img loading=\"lazy\" decoding=\"async\" class=\"aligncenter size-full wp-image-360012\" src=\"https:\/\/hashtag.al\/wp-content\/uploads\/2020\/03\/Der-Leyen.jpg\" alt=\"\" width=\"2000\" height=\"1333\" srcset=\"https:\/\/www.hashtag.al\/wp-content\/uploads\/2020\/03\/Der-Leyen.jpg 2000w, https:\/\/www.hashtag.al\/wp-content\/uploads\/2020\/03\/Der-Leyen-300x200.jpg 300w, https:\/\/www.hashtag.al\/wp-content\/uploads\/2020\/03\/Der-Leyen-768x512.jpg 768w, https:\/\/www.hashtag.al\/wp-content\/uploads\/2020\/03\/Der-Leyen-1024x682.jpg 1024w\" sizes=\"auto, (max-width: 2000px) 100vw, 2000px\" \/><\/p>\n<p><span style=\"color: #000000;\">Mesazhin e fundit n\u00eb fjalimin e saj ajo e formuloi n\u00eb anglisht, e p\u00ebrs\u00ebriti n\u00eb fr\u00ebngjisht e pastaj n\u00eb gjermanisht: Situata \u00ebsht\u00eb n\u00eb zhvillim dhe Komisioni i BE-s\u00eb \u00ebsht\u00eb i gatsh\u00ebm t\u00eb b\u00ebj\u00eb m\u00eb shum\u00eb \u2013 \u201cgjith\u00e7ka \u00ebsht\u00eb e nevojshme, p\u00ebr ta mb\u00ebshtetur ekonomin\u00eb europiane.\u201d<\/span><\/p>\n<p><span style=\"color: #000000;\">Presidentja e Komisionit t\u00eb BE-s\u00eb n\u00eb konferenc\u00ebn e shtypit n\u00eb Bruksel n\u00eb radh\u00eb t\u00eb par\u00eb synoi t\u00eb b\u00ebj\u00eb nj\u00eb gj\u00eb t\u00eb qart\u00eb: BE po p\u00ebrgatitet, q\u00eb t\u2019i mb\u00ebshtes\u00eb vendet an\u00ebtare n\u00eb \u00e7do form\u00eb, p\u00ebr t\u00eb shmangur, q\u00eb ekonomia t\u00eb p\u00ebsoj\u00eb kolaps.<\/span><\/p>\n<p><span style=\"color: #000000;\">Bashk\u00eb me dy z\u00ebvend\u00ebspresident\u00ebt e Komisionit, Margrethe Vestager, p\u00ebrgjegj\u00ebse p\u00ebr Digjitalizimin dhe Konkurrenc\u00ebn, dhe me Valdis Dombrovskis, p\u00ebrgjegj\u00ebs p\u00ebr Ekonomin\u00eb, t\u00eb premten (13.03) von der Leyen prezantoi at\u00eb q\u00eb do t\u00eb b\u00ebj\u00eb tani komisioni n\u00eb luft\u00ebn kund\u00ebr pasojave ekonomike t\u00eb pandemis\u00eb, raporton DW.<\/span><\/p>\n<p><span style=\"color: #000000;\">\u201cNj\u00eb shok p\u00ebr ekonomin\u00eb ton\u00eb\u201d<\/span><\/p>\n<p><span style=\"color: #000000;\">Virusi nuk \u00ebsht\u00eb m\u00eb vet\u00ebm nj\u00eb rrezik p\u00ebr sh\u00ebndetin ton\u00eb, por edhe nj\u00eb \u201cshok p\u00ebr ekonomin\u00eb ton\u00eb\u201d, tha von der Leyen. N\u00ebse ekonomia n\u00eb BE do t\u00eb dob\u00ebsohet, Komisioni i BE-s\u00eb mendon t\u00eb shfuqizoj\u00eb rregullat europiane t\u00eb buxhetit. Por fillimisht duam t\u00eb shfryt\u00ebzojm\u00eb hap\u00ebsirat e paktit t\u00eb stabilitetit dhe rritjes ekonomike, tha Dombrovskis. Sipas normave t\u00eb paktit t\u00eb BE-s\u00eb nj\u00eb vend an\u00ebtar nuk lejohet t\u00eb ket\u00eb borxhe m\u00eb shum\u00eb se 3 p\u00ebrqind t\u00eb produktit bruto n\u00eb vend. N\u00ebse nj\u00eb vend e shkel k\u00ebt\u00eb norm\u00eb k\u00ebrc\u00ebnohet nga procesi i deficitit me nd\u00ebshkime. P\u00ebrjashtimet jan\u00eb t\u00eb mundshme vet\u00ebm, n\u00ebse rrethanat jan\u00eb t\u00eb jasht\u00ebzakonshme. Si p.sh. katastrofat natyrore, apo si aktualisht pandemia e COVID-19.<\/span><\/p>\n<p><span style=\"color: #000000;\">37 miliard\u00eb p\u00ebr luft\u00ebn kund\u00ebr Koron\u00ebs<\/span><\/p>\n<p><span style=\"color: #000000;\">Presidentja e Komisionit t\u00eb BE-s\u00eb deklaroi edhe se BE-ja do t\u00eb ver\u00eb n\u00eb dispozicion 37 miliard\u00eb euro p\u00ebr luft\u00ebn kund\u00ebr pandemis\u00eb s\u00eb Koron\u00ebs. K\u00ebto jan\u00eb 12 milion\u00eb m\u00eb shum\u00eb se sa\u00a0 u deklaruan n\u00eb fillim t\u00eb jav\u00ebs. K\u00ebto shuma do t\u00eb p\u00ebrdoren nga depozitat deri tani t\u00eb paprekura t\u00eb fondit t\u00eb BE-s\u00eb p\u00ebr struktur\u00ebn.<\/span><\/p>\n<p><span style=\"color: #000000;\">Sikurse vuri n\u00eb dukje komisari i Financave Valdis Dombrovskis, 100.000 sip\u00ebrmarrje t\u00eb vogla dhe t\u00eb mesme mund t\u00eb mb\u00ebshteten me garanci p\u00ebr kredi dhe gjithsej p\u00ebr to mund t\u00eb llogaritet nj\u00eb shum\u00eb rreth tet\u00eb miliard\u00eb euro p\u00ebr t\u00eb garantuar likiditetin e tyre.<\/span><\/p>\n<p><span style=\"color: #000000;\">Kjo mund t\u00eb jet\u00eb urgjentisht e nevojshme. Sepse, sipas nj\u00eb n\u00ebpun\u00ebsi t\u00eb lart\u00eb t\u00eb BE-s\u00eb n\u00eb Bruksel, rritja ekonomike e BE-s\u00eb mund t\u00eb bjer\u00eb n\u00ebn zero. Kjo \u00ebsht\u00eb nj\u00eb r\u00ebnie e ndjeshme, pasi n\u00eb fakt p\u00ebr vitin 2020 ishte parashikuar nj\u00eb rritje e ekonomis\u00eb n\u00eb BE me 1,4 p\u00ebrqind.<\/span><\/p>\n<p><span style=\"color: #000000;\">\u201cNe jemi t\u00eb gjith\u00eb italian\u00eb\u201d<\/span><\/p>\n<p><span style=\"color: #000000;\">P\u00ebrve\u00e7 ndihmave ekonomike, von der Leyen theksoi, se sa i r\u00ebnd\u00ebsish\u00ebm \u00ebsht\u00eb solidariteti europian: \u201cNe jemi tani t\u00eb gjith\u00eb italian\u00eb\u201d, tha ajo nisur nga situata e r\u00ebnduar n\u00eb k\u00ebt\u00eb vend an\u00ebtar t\u00eb prekur fort prej epidemis\u00eb.<\/span><\/p>\n<p><span style=\"color: #000000;\">Izolimi dhe paralazimi total i jet\u00ebs publike n\u00eb Itali e ka goditur ekonomisht k\u00ebt\u00eb vend gjithsesi t\u00eb prekur nga kriza ekonomike. N\u00eb kushtet e p\u00ebrhapjes s\u00eb pandemis\u00eb edhe shum\u00eb vende t\u00eb tjera t\u00eb BE-s\u00eb jan\u00eb duke marr\u00eb pasa t\u00eb forta p\u00ebr nd\u00ebrprerjen e kontakteve sociale n\u00eb m\u00ebnyr\u00eb q\u00eb t\u00eb shmanget rreziku i p\u00ebrhapjes s\u00eb virusit. Po ashtu disa vende kan\u00eb filluar t\u00eb aplikojn\u00eb edhe kontrollin sh\u00ebndet\u00ebsor p\u00ebr t\u00eb huajt q\u00eb hyjn\u00eb n\u00eb kufi, n\u00eb m\u00ebnyr\u00eb q\u00eb t\u00eb lejohen ata me symptoma infeksioni p\u00ebr shmangjen e rrezikut t\u00eb infektimit t\u00eb qytetar\u00ebve vendas. K\u00ebto kontrolle nuk konsiderohen si rivendosje e kontrollit kufitar.<\/span><\/p>\n<p>&nbsp;<\/p>\n","protected":false,"gt_translate_keys":[{"key":"rendered","format":"html"}]},"excerpt":{"rendered":"<p>Mesazhin e fundit n\u00eb fjalimin e saj ajo e formuloi n\u00eb anglisht, e p\u00ebrs\u00ebriti n\u00eb fr\u00ebngjisht e pastaj n\u00eb gjermanisht: Situata \u00ebsht\u00eb n\u00eb zhvillim dhe Komisioni i BE-s\u00eb \u00ebsht\u00eb i gatsh\u00ebm t\u00eb b\u00ebj\u00eb m\u00eb shum\u00eb \u2013 \u201cgjith\u00e7ka \u00ebsht\u00eb e nevojshme, p\u00ebr ta mb\u00ebshtetur ekonomin\u00eb europiane.\u201d Presidentja e Komisionit t\u00eb BE-s\u00eb n\u00eb konferenc\u00ebn e shtypit n\u00eb [&hellip;]<\/p>\n","protected":false,"gt_translate_keys":[{"key":"rendered","format":"html"}]},"author":32,"featured_media":338765,"comment_status":"open","ping_status":"open","sticky":false,"template":"","format":"standard","meta":{"footnotes":""},"categories":[6,13],"tags":[],"class_list":["post-360442","post","type-post","status-publish","format-standard","has-post-thumbnail","hentry","category-nderkombetare","category-te-fundit"],"gt_translate_keys":[{"key":"link","format":"url"}],"_links":{"self":[{"href":"https:\/\/www.hashtag.al\/index.php\/wp-json\/wp\/v2\/posts\/360442","targetHints":{"allow":["GET"]}}],"collection":[{"href":"https:\/\/www.hashtag.al\/index.php\/wp-json\/wp\/v2\/posts"}],"about":[{"href":"https:\/\/www.hashtag.al\/index.php\/wp-json\/wp\/v2\/types\/post"}],"author":[{"embeddable":true,"href":"https:\/\/www.hashtag.al\/index.php\/wp-json\/wp\/v2\/users\/32"}],"replies":[{"embeddable":true,"href":"https:\/\/www.hashtag.al\/index.php\/wp-json\/wp\/v2\/comments?post=360442"}],"version-history":[{"count":0,"href":"https:\/\/www.hashtag.al\/index.php\/wp-json\/wp\/v2\/posts\/360442\/revisions"}],"wp:featuredmedia":[{"embeddable":true,"href":"https:\/\/www.hashtag.al\/index.php\/wp-json\/wp\/v2\/media\/338765"}],"wp:attachment":[{"href":"https:\/\/www.hashtag.al\/index.php\/wp-json\/wp\/v2\/media?parent=360442"}],"wp:term":[{"taxonomy":"category","embeddable":true,"href":"https:\/\/www.hashtag.al\/index.php\/wp-json\/wp\/v2\/categories?post=360442"},{"taxonomy":"post_tag","embeddable":true,"href":"https:\/\/www.hashtag.al\/index.php\/wp-json\/wp\/v2\/tags?post=360442"}],"curies":[{"name":"wp","href":"https:\/\/api.w.org\/{rel}","templated":true}]}}