{"id":360329,"date":"2020-03-13T16:27:41","date_gmt":"2020-03-13T15:27:41","guid":{"rendered":"https:\/\/hashtag.al\/?p=360329"},"modified":"2020-03-13T16:45:47","modified_gmt":"2020-03-13T15:45:47","slug":"presidenti-i-brazilit-me-covid-19-u-takua-me-trump-in-javen-e-shkuar","status":"publish","type":"post","link":"https:\/\/www.hashtag.al\/index.php\/2020\/03\/13\/presidenti-i-brazilit-me-covid-19-u-takua-me-trump-in-javen-e-shkuar\/","title":{"rendered":"Presidenti i Brazilit me Covid-19? U takua me Trump-in jav\u00ebn e shkuar","gt_translate_keys":[{"key":"rendered","format":"text"}]},"content":{"rendered":"<p><img loading=\"lazy\" decoding=\"async\" class=\"aligncenter size-full wp-image-360330\" src=\"https:\/\/hashtag.al\/wp-content\/uploads\/2020\/03\/trumpbolsonaro.jpg\" alt=\"\" width=\"980\" height=\"551\" srcset=\"https:\/\/www.hashtag.al\/wp-content\/uploads\/2020\/03\/trumpbolsonaro.jpg 980w, https:\/\/www.hashtag.al\/wp-content\/uploads\/2020\/03\/trumpbolsonaro-300x169.jpg 300w, https:\/\/www.hashtag.al\/wp-content\/uploads\/2020\/03\/trumpbolsonaro-768x432.jpg 768w\" sizes=\"auto, (max-width: 980px) 100vw, 980px\" \/><\/p>\n<p><span style=\"color: #000000;\">Bolsonaro i Brazilit, i cili u takua me Trump jav\u00ebn e kaluar, teston &#8220;Pozitiv&#8221; p\u00ebr Covid-19, pretendon raporti lokal<\/span><\/p>\n<p><span style=\"color: #000000;\">Presidenti i Brazilit, Jair Bolsonaro, ka testuar pozitiv p\u00ebr Covid-19, pretendon nj\u00eb media braziliane q\u00eb citon burime t\u00eb sajat n\u00eb pallatin presidencial. <\/span><\/p>\n<p><span style=\"color: #000000;\">T\u00eb gjith\u00eb i kan\u00eb syt\u00eb tani nga presidenti amerikan Donald Trump, i cili u takua me Bolsonaron t\u00eb shtun\u00ebn e shkuar.<\/span><\/p>\n<p><span style=\"color: #000000;\">Bolsonaro dhe delegacioni i tij u takuan me homologun Trump n\u00eb vendpushimin e presidentit, Mar-A-Lago, n\u00eb Florida. T\u00eb enjten, sekretari i shtypit i Bolsonaros, Fabio Wajngarten, u diagnostikua me koronavirus.<\/span><\/p>\n<p><span style=\"color: #000000;\">Sipas gazet\u00ebs braziliane \u2018O Dia\u2019, vet\u00eb Bolsonaro tani ka testuar pozitive p\u00ebr virusin. Raporti bazohet n\u00eb burime brenda qeveris\u00eb braziliane. <\/span><\/p>\n<p><span style=\"color: #000000;\">Lajmi nuk \u00ebsht\u00eb konfirmuar ende nga Bolsonaro, i cili njoftoi t\u00eb enjten n\u00eb Facebook se kishte kryer testin dhe kishte hyr\u00eb n\u00eb izolim vullnetar. <\/span><\/p>\n<p><span style=\"color: #000000;\">Udh\u00ebheq\u00ebsi brazilian anuloi em\u00ebrimet zyrtare t\u00eb premten dhe u pa i veshur me nj\u00eb mask\u00eb p\u00ebr fytyr\u00ebn n\u00eb m\u00ebngjes, raportoi \u2018O Dia\u2019.<\/span><\/p>\n<p><span style=\"color: #000000;\">Bolsonaro shtr\u00ebngoi duart me Trump n\u00eb takim, q\u00eb do t\u00eb thot\u00eb se spekulimet po rriten n\u00ebse presidenti amerikan mund t\u00eb jet\u00eb infektuar me virusin vdekjeprur\u00ebs.<\/span><\/p>\n<p><span style=\"color: #000000;\">Trump tha se ai nuk ka n\u00eb plan t\u00eb testohet p\u00ebr Covid-19.<\/span><\/p>\n","protected":false,"gt_translate_keys":[{"key":"rendered","format":"html"}]},"excerpt":{"rendered":"<p>Bolsonaro i Brazilit, i cili u takua me Trump jav\u00ebn e kaluar, teston &#8220;Pozitiv&#8221; p\u00ebr Covid-19, pretendon raporti lokal Presidenti i Brazilit, Jair Bolsonaro, ka testuar pozitiv p\u00ebr Covid-19, pretendon nj\u00eb media braziliane q\u00eb citon burime t\u00eb sajat n\u00eb pallatin presidencial. T\u00eb gjith\u00eb i kan\u00eb syt\u00eb tani nga presidenti amerikan Donald Trump, i cili u [&hellip;]<\/p>\n","protected":false,"gt_translate_keys":[{"key":"rendered","format":"html"}]},"author":51,"featured_media":360330,"comment_status":"open","ping_status":"open","sticky":false,"template":"","format":"standard","meta":{"footnotes":""},"categories":[6],"tags":[],"class_list":["post-360329","post","type-post","status-publish","format-standard","has-post-thumbnail","hentry","category-nderkombetare"],"gt_translate_keys":[{"key":"link","format":"url"}],"_links":{"self":[{"href":"https:\/\/www.hashtag.al\/index.php\/wp-json\/wp\/v2\/posts\/360329","targetHints":{"allow":["GET"]}}],"collection":[{"href":"https:\/\/www.hashtag.al\/index.php\/wp-json\/wp\/v2\/posts"}],"about":[{"href":"https:\/\/www.hashtag.al\/index.php\/wp-json\/wp\/v2\/types\/post"}],"author":[{"embeddable":true,"href":"https:\/\/www.hashtag.al\/index.php\/wp-json\/wp\/v2\/users\/51"}],"replies":[{"embeddable":true,"href":"https:\/\/www.hashtag.al\/index.php\/wp-json\/wp\/v2\/comments?post=360329"}],"version-history":[{"count":0,"href":"https:\/\/www.hashtag.al\/index.php\/wp-json\/wp\/v2\/posts\/360329\/revisions"}],"wp:featuredmedia":[{"embeddable":true,"href":"https:\/\/www.hashtag.al\/index.php\/wp-json\/wp\/v2\/media\/360330"}],"wp:attachment":[{"href":"https:\/\/www.hashtag.al\/index.php\/wp-json\/wp\/v2\/media?parent=360329"}],"wp:term":[{"taxonomy":"category","embeddable":true,"href":"https:\/\/www.hashtag.al\/index.php\/wp-json\/wp\/v2\/categories?post=360329"},{"taxonomy":"post_tag","embeddable":true,"href":"https:\/\/www.hashtag.al\/index.php\/wp-json\/wp\/v2\/tags?post=360329"}],"curies":[{"name":"wp","href":"https:\/\/api.w.org\/{rel}","templated":true}]}}