{"id":360310,"date":"2020-03-13T14:52:51","date_gmt":"2020-03-13T13:52:51","guid":{"rendered":"https:\/\/hashtag.al\/?p=360310"},"modified":"2020-03-13T14:53:30","modified_gmt":"2020-03-13T13:53:30","slug":"albtelecom-i-bashkohet-vodafone-it-percjell-zerin-e-rames-ne-telefonat-e-shqiptareve","status":"publish","type":"post","link":"https:\/\/www.hashtag.al\/index.php\/2020\/03\/13\/albtelecom-i-bashkohet-vodafone-it-percjell-zerin-e-rames-ne-telefonat-e-shqiptareve\/","title":{"rendered":"&#8220;Albtelecom&#8221; i bashkohet &#8220;Vodafone&#8221;-it, p\u00ebrcjell z\u00ebrin e Ram\u00ebs n\u00eb telefonat e shqiptar\u00ebve","gt_translate_keys":[{"key":"rendered","format":"text"}]},"content":{"rendered":"<p><a href=\"https:\/\/hashtag.al\/wp-content\/uploads\/2020\/03\/Rama-dhe-mesazhi.jpg\"><img loading=\"lazy\" decoding=\"async\" class=\"aligncenter size-full wp-image-360311\" src=\"https:\/\/hashtag.al\/wp-content\/uploads\/2020\/03\/Rama-dhe-mesazhi.jpg\" alt=\"\" width=\"551\" height=\"346\" srcset=\"https:\/\/www.hashtag.al\/wp-content\/uploads\/2020\/03\/Rama-dhe-mesazhi.jpg 551w, https:\/\/www.hashtag.al\/wp-content\/uploads\/2020\/03\/Rama-dhe-mesazhi-300x188.jpg 300w\" sizes=\"auto, (max-width: 551px) 100vw, 551px\" \/><\/a><\/p>\n<p><span style=\"color: #000000;\">\u201cAlbtelecom\u201d i \u00ebsht\u00eb bashkuar kompanis\u00eb konkurente \u201cVodafone\u201d, n\u00eb p\u00ebrcjelljen e mesazhit zanor nga kryeministri Edi Rama i cili u jep k\u00ebshilla qytetar\u00ebve t\u00eb mbrohen nga koronavirusi, sa her\u00eb duan t\u00eb telefonojn\u00eb dik\u00eb.<\/span><\/p>\n<p><span style=\"color: #000000;\">\u00c7do abonent i k\u00ebtyre dy kompanive t\u00eb telefonis\u00eb celulare, q\u00eb th\u00ebrret \u00e7far\u00ebdo numri tjet\u00ebr n\u00eb \u00e7do operator, \u00ebsht\u00eb i detyruar t\u00eb d\u00ebgjoj\u00eb nga fillimi deri n\u00eb fund mesazhin n\u00eb audio t\u00eb Ram\u00ebs pasa se t\u00eb an\u00ebn tjet\u00ebr t\u00eb telefonit t\u00eb dal\u00eb personi me t\u00eb cilin k\u00ebrkojn\u00eb t\u00eb bisedojn\u00eb.<\/span><\/p>\n<p><span style=\"color: #000000;\">Nd\u00ebrkoh\u00eb p\u00ebrdorues t\u00eb kompanis\u00eb celulare Telecom shprehen se i nj\u00ebjti mesazh n\u00eb telefon u ka mb\u00ebrritur si abonent\u00ebve t\u00eb operator\u00ebve t\u00eb tjer\u00eb, por nuk u del mesazhi zanor pas \u00e7do thirrjeve telefonike q\u00eb b\u00ebjn\u00eb.<\/span><\/p>\n<p><span style=\"color: #000000;\">Mesazhi audio i Ram\u00ebs ka patur nd\u00ebr t\u00eb tjera nj\u00eb sulm ndaj mediave. \u201c<em>Ruajuni mediave\u201d<\/em> \u00ebsht\u00eb nj\u00eb nga k\u00ebshillat q\u00eb jep Edi Rama n\u00eb mesazh si mas\u00eb t\u00eb luft\u00ebs kund\u00ebr koronavirusit.<\/span><\/p>\n<p><span style=\"color: #000000;\">PD ka reaguar mbi k\u00ebt\u00eb mesazh, duke e konsideruar si nd\u00ebrhyrje n\u00eb komunikim normal t\u00eb qytetar\u00ebve me telefon dhe shkelje t\u00eb ligjit dhe kushteve t\u00eb kontrat\u00ebs me klient\u00ebt.<\/span><\/p>\n<p>&nbsp;<\/p>\n","protected":false,"gt_translate_keys":[{"key":"rendered","format":"html"}]},"excerpt":{"rendered":"<p>\u201cAlbtelecom\u201d i \u00ebsht\u00eb bashkuar kompanis\u00eb konkurente \u201cVodafone\u201d, n\u00eb p\u00ebrcjelljen e mesazhit zanor nga kryeministri Edi Rama i cili u jep k\u00ebshilla qytetar\u00ebve t\u00eb mbrohen nga koronavirusi, sa her\u00eb duan t\u00eb telefonojn\u00eb dik\u00eb. \u00c7do abonent i k\u00ebtyre dy kompanive t\u00eb telefonis\u00eb celulare, q\u00eb th\u00ebrret \u00e7far\u00ebdo numri tjet\u00ebr n\u00eb \u00e7do operator, \u00ebsht\u00eb i detyruar t\u00eb d\u00ebgjoj\u00eb nga [&hellip;]<\/p>\n","protected":false,"gt_translate_keys":[{"key":"rendered","format":"html"}]},"author":30,"featured_media":360311,"comment_status":"open","ping_status":"open","sticky":false,"template":"","format":"standard","meta":{"footnotes":""},"categories":[65,13],"tags":[],"class_list":["post-360310","post","type-post","status-publish","format-standard","has-post-thumbnail","hentry","category-lajme","category-te-fundit"],"gt_translate_keys":[{"key":"link","format":"url"}],"_links":{"self":[{"href":"https:\/\/www.hashtag.al\/index.php\/wp-json\/wp\/v2\/posts\/360310","targetHints":{"allow":["GET"]}}],"collection":[{"href":"https:\/\/www.hashtag.al\/index.php\/wp-json\/wp\/v2\/posts"}],"about":[{"href":"https:\/\/www.hashtag.al\/index.php\/wp-json\/wp\/v2\/types\/post"}],"author":[{"embeddable":true,"href":"https:\/\/www.hashtag.al\/index.php\/wp-json\/wp\/v2\/users\/30"}],"replies":[{"embeddable":true,"href":"https:\/\/www.hashtag.al\/index.php\/wp-json\/wp\/v2\/comments?post=360310"}],"version-history":[{"count":0,"href":"https:\/\/www.hashtag.al\/index.php\/wp-json\/wp\/v2\/posts\/360310\/revisions"}],"wp:featuredmedia":[{"embeddable":true,"href":"https:\/\/www.hashtag.al\/index.php\/wp-json\/wp\/v2\/media\/360311"}],"wp:attachment":[{"href":"https:\/\/www.hashtag.al\/index.php\/wp-json\/wp\/v2\/media?parent=360310"}],"wp:term":[{"taxonomy":"category","embeddable":true,"href":"https:\/\/www.hashtag.al\/index.php\/wp-json\/wp\/v2\/categories?post=360310"},{"taxonomy":"post_tag","embeddable":true,"href":"https:\/\/www.hashtag.al\/index.php\/wp-json\/wp\/v2\/tags?post=360310"}],"curies":[{"name":"wp","href":"https:\/\/api.w.org\/{rel}","templated":true}]}}