{"id":360286,"date":"2020-03-13T13:22:22","date_gmt":"2020-03-13T12:22:22","guid":{"rendered":"https:\/\/hashtag.al\/?p=360286"},"modified":"2020-03-13T13:23:22","modified_gmt":"2020-03-13T12:23:22","slug":"vritet-me-arme-zjarri-tifozi-i-mitur-i-klubit-ne-kosove","status":"publish","type":"post","link":"https:\/\/www.hashtag.al\/index.php\/2020\/03\/13\/vritet-me-arme-zjarri-tifozi-i-mitur-i-klubit-ne-kosove\/","title":{"rendered":"Vritet me arm\u00eb zjarri tifozi i mitur i klubit n\u00eb Kosov\u00eb","gt_translate_keys":[{"key":"rendered","format":"text"}]},"content":{"rendered":"<p><a href=\"https:\/\/hashtag.al\/wp-content\/uploads\/2020\/03\/tifozi.png\"><img loading=\"lazy\" decoding=\"async\" class=\"aligncenter size-full wp-image-360287\" src=\"https:\/\/hashtag.al\/wp-content\/uploads\/2020\/03\/tifozi.png\" alt=\"\" width=\"730\" height=\"440\" srcset=\"https:\/\/www.hashtag.al\/wp-content\/uploads\/2020\/03\/tifozi.png 730w, https:\/\/www.hashtag.al\/wp-content\/uploads\/2020\/03\/tifozi-300x181.png 300w\" sizes=\"auto, (max-width: 730px) 100vw, 730px\" \/><\/a><\/p>\n<p><span style=\"color: #000000;\">Nd\u00ebrron jet\u00eb 17-vje\u00e7ari n\u00eb Prishtin\u00eb, t\u00eb cilit i b\u00ebn\u00eb nj\u00eb atentat nj\u00eb dit\u00eb m\u00eb par\u00eb n\u00eb lagjen \u201cArb\u00ebria\u201d t\u00eb kryeqytetit t\u00eb Kosov\u00ebs.<\/span><\/p>\n<p><span style=\"color: #000000;\">I riu nga Prishtina, Lek\u00eb Bulliqi, nuk ka mundur q\u00eb t\u2019i mbijetoj\u00eb plag\u00ebve t\u00eb r\u00ebnda t\u00eb marra nga plagosja me arm\u00eb zjarri n\u00eb kok\u00eb.<\/span><\/p>\n<p><span style=\"color: #000000;\">Lajmin e ka konfirmuar z\u00ebdh\u00ebn\u00ebsja e policis\u00eb s\u00eb Prishtin\u00ebs, Florie Ahmeti.<\/span><\/p>\n<p><span style=\"color: #000000;\"><em>\u201cSot rreth ores 10:00 jemi njoftuar nga QKUK, se ka nd\u00ebrruar jet\u00eb L.B , 17 vje\u00e7, personi i plagosur dje n\u00eb Prishtin\u00eb. Trupi i pajet\u00eb i viktim\u00ebs \u00ebsht\u00eb d\u00ebrguar p\u00ebr obduksion n\u00eb Institutin e Mjek\u00ebsis\u00eb Ligjore. Lidhur me k\u00ebt\u00eb rast i cili \u00ebsht\u00eb cil\u00ebsuar si vrasje e r\u00ebnd\u00eb, policia ka identifikuar dy persona t\u00eb dyshuar dhe \u00ebsht\u00eb n\u00eb k\u00ebrkim t\u00eb tyre.\u201d<\/em>&#8211; thot\u00eb Ahmeti, citon <span style=\"color: #0000ff;\"><a style=\"color: #0000ff;\" href=\"https:\/\/insajderi.com\/ky-eshte-17-vjecari-qe-u-vra-nga-dy-persona-ne-prishtine-ishte-anetar-i-plisave\/\">Insajderi<\/a><\/span>.<\/span><\/p>\n<p><span style=\"color: #000000;\">I riu njihej si nj\u00eb tifoz i zjarrt\u00eb i \u201cPlisave\u201d dhe tifogrupi ka reaguar p\u00ebrmes nj\u00eb njoftimi, ku i k\u00ebrkon autoriteteve t\u00eb nd\u00ebshkojn\u00eb autor\u00ebt.<\/span><\/p>\n<p><strong><span style=\"color: #000000;\">REAGIMI I PLISAVE:<\/span><\/strong><\/p>\n<p><span style=\"color: #000000;\">Pas nj\u00eb atentati me arm\u00eb t\u00eb ndodhur dje n\u00eb lagjen \u201cArb\u00ebria\u201d, me pik\u00ebllim t\u00eb thell\u00eb ju njoftojm\u00eb se sot(13.03.2020) shoku jon\u00eb Lek\u00eb Bulliqi nuk arriti t\u2019i p\u00ebrballoj\u00eb plag\u00ebt e marra dhe nd\u00ebrroi jet\u00eb.<\/span><\/p>\n<p><span style=\"color: #000000;\">Leka, hi\u00e7 m\u00eb pak se para 5 dit\u00ebve ishte me ne n\u00eb Gjilan n\u00eb p\u00ebrkrahje t\u00eb klubit t\u00eb zemr\u00ebs.<\/span><\/p>\n<p><span style=\"color: #000000;\">B\u00ebjm\u00eb thirrje n\u00eb organet kompetente q\u00eb t\u00eb zbardhet rasti, dhe akter\u00ebt e rastit ta marrin d\u00ebnimin e merituar.<\/span><\/p>\n<p><span style=\"color: #000000;\">Shprehim ngush\u00ebllimet tona m\u00eb t\u00eb sinqerta p\u00ebr familjen e tij, shok\u00ebt dhe gjith\u00eb Plisat.<\/span><br \/>\n<span style=\"color: #000000;\">P\u00ebr koh\u00ebn e varrimit ju lajm\u00ebrojm\u00eb m\u00eb von\u00eb.<\/span><\/p>\n<p><span style=\"color: #000000;\">Pusho i qet\u00eb Lek\u00eb!<\/span><\/p>\n","protected":false,"gt_translate_keys":[{"key":"rendered","format":"html"}]},"excerpt":{"rendered":"<p>Nd\u00ebrron jet\u00eb 17-vje\u00e7ari n\u00eb Prishtin\u00eb, t\u00eb cilit i b\u00ebn\u00eb nj\u00eb atentat nj\u00eb dit\u00eb m\u00eb par\u00eb n\u00eb lagjen \u201cArb\u00ebria\u201d t\u00eb kryeqytetit t\u00eb Kosov\u00ebs. I riu nga Prishtina, Lek\u00eb Bulliqi, nuk ka mundur q\u00eb t\u2019i mbijetoj\u00eb plag\u00ebve t\u00eb r\u00ebnda t\u00eb marra nga plagosja me arm\u00eb zjarri n\u00eb kok\u00eb. Lajmin e ka konfirmuar z\u00ebdh\u00ebn\u00ebsja e policis\u00eb s\u00eb Prishtin\u00ebs, [&hellip;]<\/p>\n","protected":false,"gt_translate_keys":[{"key":"rendered","format":"html"}]},"author":30,"featured_media":360287,"comment_status":"open","ping_status":"open","sticky":false,"template":"","format":"standard","meta":{"footnotes":""},"categories":[149,13],"tags":[],"class_list":["post-360286","post","type-post","status-publish","format-standard","has-post-thumbnail","hentry","category-kosoverajon","category-te-fundit"],"gt_translate_keys":[{"key":"link","format":"url"}],"_links":{"self":[{"href":"https:\/\/www.hashtag.al\/index.php\/wp-json\/wp\/v2\/posts\/360286","targetHints":{"allow":["GET"]}}],"collection":[{"href":"https:\/\/www.hashtag.al\/index.php\/wp-json\/wp\/v2\/posts"}],"about":[{"href":"https:\/\/www.hashtag.al\/index.php\/wp-json\/wp\/v2\/types\/post"}],"author":[{"embeddable":true,"href":"https:\/\/www.hashtag.al\/index.php\/wp-json\/wp\/v2\/users\/30"}],"replies":[{"embeddable":true,"href":"https:\/\/www.hashtag.al\/index.php\/wp-json\/wp\/v2\/comments?post=360286"}],"version-history":[{"count":0,"href":"https:\/\/www.hashtag.al\/index.php\/wp-json\/wp\/v2\/posts\/360286\/revisions"}],"wp:featuredmedia":[{"embeddable":true,"href":"https:\/\/www.hashtag.al\/index.php\/wp-json\/wp\/v2\/media\/360287"}],"wp:attachment":[{"href":"https:\/\/www.hashtag.al\/index.php\/wp-json\/wp\/v2\/media?parent=360286"}],"wp:term":[{"taxonomy":"category","embeddable":true,"href":"https:\/\/www.hashtag.al\/index.php\/wp-json\/wp\/v2\/categories?post=360286"},{"taxonomy":"post_tag","embeddable":true,"href":"https:\/\/www.hashtag.al\/index.php\/wp-json\/wp\/v2\/tags?post=360286"}],"curies":[{"name":"wp","href":"https:\/\/api.w.org\/{rel}","templated":true}]}}