{"id":360283,"date":"2020-03-13T13:13:05","date_gmt":"2020-03-13T12:13:05","guid":{"rendered":"https:\/\/hashtag.al\/?p=360283"},"modified":"2020-03-13T13:06:31","modified_gmt":"2020-03-13T12:06:31","slug":"pd-kunder-zerit-te-rames-ne-telefonat-e-shqiptareve-nderhyrje-ne-privatesi","status":"publish","type":"post","link":"https:\/\/www.hashtag.al\/index.php\/2020\/03\/13\/pd-kunder-zerit-te-rames-ne-telefonat-e-shqiptareve-nderhyrje-ne-privatesi\/","title":{"rendered":"PD kund\u00ebr z\u00ebrit t\u00eb Ram\u00ebs n\u00eb telefonat e shqiptar\u00ebve: Nd\u00ebrhyrje n\u00eb privat\u00ebsi","gt_translate_keys":[{"key":"rendered","format":"text"}]},"content":{"rendered":"<p><a href=\"https:\/\/hashtag.al\/wp-content\/uploads\/2020\/03\/jam-Edi.jpg\"><img loading=\"lazy\" decoding=\"async\" class=\"aligncenter size-full wp-image-360284\" src=\"https:\/\/hashtag.al\/wp-content\/uploads\/2020\/03\/jam-Edi.jpg\" alt=\"\" width=\"1200\" height=\"800\" srcset=\"https:\/\/www.hashtag.al\/wp-content\/uploads\/2020\/03\/jam-Edi.jpg 1200w, https:\/\/www.hashtag.al\/wp-content\/uploads\/2020\/03\/jam-Edi-300x200.jpg 300w, https:\/\/www.hashtag.al\/wp-content\/uploads\/2020\/03\/jam-Edi-768x512.jpg 768w, https:\/\/www.hashtag.al\/wp-content\/uploads\/2020\/03\/jam-Edi-1024x683.jpg 1024w\" sizes=\"auto, (max-width: 1200px) 100vw, 1200px\" \/><\/a><\/p>\n<p><span style=\"color: #000000;\">Partia Demokratike ka reaguar sot n\u00eb lidhje me mesazhin n\u00eb audio q\u00eb kryeministri Edi Rama ka b\u00ebr\u00eb q\u00eb t\u00eb shfaqet n\u00eb \u00e7do thirrje telefonike q\u00eb b\u00ebjn\u00eb qytetar\u00ebt.<\/span><\/p>\n<p><span style=\"color: #000000;\">P\u00ebrmes nj\u00eb njoftimi, PD thot\u00eb se d\u00ebnon nd\u00ebrhyrjen nga Rama n\u00eb mund\u00ebsin\u00eb p\u00ebr komunikim normal t\u00eb qytetar\u00ebve me telefon.<\/span><\/p>\n<p><span style=\"color: #000000;\">Po ashtu u k\u00ebrkon, kompanive celulare q\u00eb ta nd\u00ebrpresin menj\u00ebher\u00eb k\u00ebt\u00eb komunikim t\u00eb kryeministrit, duke th\u00ebn\u00eb se shkel ligjin dhe kushtet e kontrat\u00ebs me klientet.<\/span><\/p>\n<p><strong><span style=\"color: #000000;\">REAGIMI \u00a0I PD-s\u00eb<\/span><\/strong><\/p>\n<p><span style=\"color: #000000;\">Partia Demokratike ka marr\u00eb me mij\u00ebra ankesa dhe mesazhe nga qytetar\u00ebt t\u00eb shqet\u00ebsuar p\u00ebr vonesa dhe anomali n\u00eb lidhjet telefonike me familjar\u00ebt apo miqt\u00eb, p\u00ebr shkak t\u00eb nj\u00eb mesazhi pengues zanor personal t\u00eb Edi Ram\u00ebs, q\u00eb i paraprin telefonatave t\u00eb tyre.<\/span><\/p>\n<p><span style=\"color: #000000;\">N\u00eb \u00e7do vend, ku Kryeministri shqet\u00ebsohet p\u00ebr qytetar\u00ebt dhe jo p\u00ebr propagand\u00ebn e tij, mesazhet sensibilizuese p\u00ebr sh\u00ebndetin d\u00ebrgohen nga institucionet e sh\u00ebndetit publik, jo nga politikan\u00ebt.<\/span><\/p>\n<p><span style=\"color: #000000;\">Partia Demokratike e d\u00ebnon k\u00ebt\u00eb akt flagrant t\u00eb nd\u00ebrhyrjes n\u00eb privat\u00ebsin\u00eb dhe mund\u00ebsin\u00eb p\u00ebr komunikim normal t\u00eb qytetar\u00ebve nga Edi Rama, q\u00eb p\u00ebrdor AKEP-in si zyr\u00eb propagande t\u00eb PS.<\/span><\/p>\n<p><span style=\"color: #000000;\">PD apelon kompanit\u00eb celulare q\u00eb t\u00eb nd\u00ebrpresin menj\u00ebher\u00eb shkeljen e ligjit dhe kushteve t\u00eb kontrat\u00ebs me klient\u00ebt dhe t\u00eb rikthejn\u00eb komunikimin e shpejt\u00eb dhe normal mes qytetar\u00ebve.<\/span><\/p>\n<p><span style=\"color: #000000;\">Kompanit\u00eb celulare, n\u00eb vend q\u00eb t\u2019i sh\u00ebrbejn\u00eb nj\u00eb individi dhe propagand\u00ebs personale t\u00eb tij, mund t\u00eb luajn\u00eb nj\u00eb rol t\u00eb dobish\u00ebm n\u00eb k\u00ebto momente kritike p\u00ebr bashk\u00ebqytetar\u00ebt tan\u00eb.<\/span><\/p>\n<p><span style=\"color: #000000;\">Mij\u00ebra f\u00ebmij\u00eb jan\u00eb duke marr\u00eb m\u00ebsim online dhe kan\u00eb nevoj\u00eb p\u00ebr internet. Shumica d\u00ebrrmuese e familjeve shqiptare e kan\u00eb t\u00eb pamundur t\u00eb p\u00ebrballojn\u00eb fatur\u00ebn e internetit.<\/span><\/p>\n<p><span style=\"color: #000000;\">Nj\u00eb mas\u00eb e dobishme nga kompanit\u00eb celulare \u00ebsht\u00eb t\u00eb mund\u00ebsojn\u00eb internet falas gjat\u00eb kriz\u00ebs p\u00ebr t\u00eb gjith\u00eb njer\u00ebzit n\u00eb nevoj\u00eb dhe p\u00ebr prind\u00ebrit e f\u00ebmij\u00ebve n\u00eb shkoll\u00eb, duke siguruar akses t\u00eb plot\u00eb n\u00eb m\u00ebsimin online.<\/span><\/p>\n<p><span style=\"color: #000000;\">Partia Demokratike d\u00ebnon thirrjen e pap\u00ebrgjegjshme t\u00eb Edi Ram\u00ebs p\u00ebr t\u00eb bojkotuar mediat. N\u00eb nj\u00eb vend demokratik, media e lir\u00eb \u00ebsht\u00eb mjeti m\u00eb i besuesh\u00ebm i marrjes s\u00eb informacionit nga qytetar\u00ebt.<\/span><\/p>\n<p><span style=\"color: #000000;\">P\u00ebrmes medias dhe \u00e7do forme tjet\u00ebr komunikimi, qytetar\u00ebt kan\u00eb nevoj\u00eb t\u00eb d\u00ebgjojn\u00eb z\u00ebrin e mjek\u00ebve dhe t\u00eb specialist\u00ebve, jo z\u00ebrin e propagand\u00ebs apo t\u00eb kryeministrit n\u00eb hall p\u00ebr pik\u00ebt n\u00eb r\u00ebnie t\u00eb pushtetit t\u00eb tij.<\/span><\/p>\n<p><span style=\"color: #000000;\">N\u00eb vend q\u00eb t\u00eb politizoj\u00eb gjith\u00e7ka, duke shqet\u00ebsuar qytetar\u00ebt dhe duke sulmuar opozit\u00ebn, Edi Rama duhet t\u00eb kryej\u00eb detyrat e kryeministrit p\u00ebr t\u2019ua leht\u00ebsuar qytetar\u00ebve dhe personelit sh\u00ebndet\u00ebsor k\u00ebt\u00eb moment t\u00eb v\u00ebshtir\u00eb.<\/span><\/p>\n<p><span style=\"color: #000000;\">Kryeministri ka detyr\u00eb q\u00eb t\u00eb rris\u00eb buxhetin e nevojsh\u00ebm p\u00ebr p\u00ebrballimin e k\u00ebsaj situate. 3 milion\u00eb euro jan\u00eb krejt t\u00eb pamjaftueshme!<\/span><\/p>\n<p><span style=\"color: #000000;\">N\u00eb vend t\u00eb mesazheve telefonike, qytetar\u00ebt duan q\u00eb Kryeministri t\u00eb marr\u00eb masa p\u00ebr t\u00eb mbrojtur biznesin nga mbyllja e p\u00ebrkohshme e detyrueshme, duke e leht\u00ebsuar nga detyrimet tatimore. Qytetar\u00ebt duan siguri nga profesionist\u00ebt, jo propagand\u00eb nga pushtetar\u00ebt!<\/span><\/p>\n<p>&nbsp;<\/p>\n","protected":false,"gt_translate_keys":[{"key":"rendered","format":"html"}]},"excerpt":{"rendered":"<p>Partia Demokratike ka reaguar sot n\u00eb lidhje me mesazhin n\u00eb audio q\u00eb kryeministri Edi Rama ka b\u00ebr\u00eb q\u00eb t\u00eb shfaqet n\u00eb \u00e7do thirrje telefonike q\u00eb b\u00ebjn\u00eb qytetar\u00ebt. P\u00ebrmes nj\u00eb njoftimi, PD thot\u00eb se d\u00ebnon nd\u00ebrhyrjen nga Rama n\u00eb mund\u00ebsin\u00eb p\u00ebr komunikim normal t\u00eb qytetar\u00ebve me telefon. Po ashtu u k\u00ebrkon, kompanive celulare q\u00eb ta nd\u00ebrpresin [&hellip;]<\/p>\n","protected":false,"gt_translate_keys":[{"key":"rendered","format":"html"}]},"author":30,"featured_media":360284,"comment_status":"open","ping_status":"open","sticky":false,"template":"","format":"standard","meta":{"footnotes":""},"categories":[65,13],"tags":[],"class_list":["post-360283","post","type-post","status-publish","format-standard","has-post-thumbnail","hentry","category-lajme","category-te-fundit"],"gt_translate_keys":[{"key":"link","format":"url"}],"_links":{"self":[{"href":"https:\/\/www.hashtag.al\/index.php\/wp-json\/wp\/v2\/posts\/360283","targetHints":{"allow":["GET"]}}],"collection":[{"href":"https:\/\/www.hashtag.al\/index.php\/wp-json\/wp\/v2\/posts"}],"about":[{"href":"https:\/\/www.hashtag.al\/index.php\/wp-json\/wp\/v2\/types\/post"}],"author":[{"embeddable":true,"href":"https:\/\/www.hashtag.al\/index.php\/wp-json\/wp\/v2\/users\/30"}],"replies":[{"embeddable":true,"href":"https:\/\/www.hashtag.al\/index.php\/wp-json\/wp\/v2\/comments?post=360283"}],"version-history":[{"count":0,"href":"https:\/\/www.hashtag.al\/index.php\/wp-json\/wp\/v2\/posts\/360283\/revisions"}],"wp:featuredmedia":[{"embeddable":true,"href":"https:\/\/www.hashtag.al\/index.php\/wp-json\/wp\/v2\/media\/360284"}],"wp:attachment":[{"href":"https:\/\/www.hashtag.al\/index.php\/wp-json\/wp\/v2\/media?parent=360283"}],"wp:term":[{"taxonomy":"category","embeddable":true,"href":"https:\/\/www.hashtag.al\/index.php\/wp-json\/wp\/v2\/categories?post=360283"},{"taxonomy":"post_tag","embeddable":true,"href":"https:\/\/www.hashtag.al\/index.php\/wp-json\/wp\/v2\/tags?post=360283"}],"curies":[{"name":"wp","href":"https:\/\/api.w.org\/{rel}","templated":true}]}}