{"id":360247,"date":"2020-03-13T11:26:03","date_gmt":"2020-03-13T10:26:03","guid":{"rendered":"https:\/\/hashtag.al\/?p=360247"},"modified":"2020-03-13T12:26:46","modified_gmt":"2020-03-13T11:26:46","slug":"shkon-ne-33-numri-i-personave-me-koronavirus-ne-shqiperi","status":"publish","type":"post","link":"https:\/\/www.hashtag.al\/index.php\/2020\/03\/13\/shkon-ne-33-numri-i-personave-me-koronavirus-ne-shqiperi\/","title":{"rendered":"Shkon n\u00eb 33 numri i personave me koronavirus n\u00eb Shqip\u00ebri","gt_translate_keys":[{"key":"rendered","format":"text"}]},"content":{"rendered":"<p><a href=\"https:\/\/hashtag.al\/wp-content\/uploads\/2020\/03\/koronavirusinfektiv.jpg\"><img loading=\"lazy\" decoding=\"async\" class=\"aligncenter size-full wp-image-360068\" src=\"https:\/\/hashtag.al\/wp-content\/uploads\/2020\/03\/koronavirusinfektiv.jpg\" alt=\"\" width=\"1280\" height=\"934\" srcset=\"https:\/\/www.hashtag.al\/wp-content\/uploads\/2020\/03\/koronavirusinfektiv.jpg 1280w, https:\/\/www.hashtag.al\/wp-content\/uploads\/2020\/03\/koronavirusinfektiv-300x219.jpg 300w, https:\/\/www.hashtag.al\/wp-content\/uploads\/2020\/03\/koronavirusinfektiv-768x560.jpg 768w, https:\/\/www.hashtag.al\/wp-content\/uploads\/2020\/03\/koronavirusinfektiv-1024x747.jpg 1024w\" sizes=\"auto, (max-width: 1280px) 100vw, 1280px\" \/><\/a><\/p>\n<p><span style=\"color: #000000;\">Ka shkuar n\u00eb 33 numri i t\u00eb prekurve nga koronavirusi n\u00eb vend, duke sh\u00ebnuar k\u00ebshtu nj\u00eb rritje prej 1o personash nga dita e kaluar.<\/span><\/p>\n<p><span style=\"color: #000000;\">Lajmi \u00ebsht\u00eb konfirmuar nga zv\/Ministrja e Sh\u00ebndet\u00ebsis\u00eb Mira Raka\u00e7olli dhe drejtuesja e Departamentit t\u00eb S\u00ebmundjeve Infektive n\u00eb ISHP Silva Bino.<\/span><\/p>\n<p><span style=\"color: #000000;\">Sipas deklarat\u00ebs s\u00eb pak minutave m\u00eb par\u00eb, n\u00eb 24 or\u00ebt e fundit jan\u00eb realizuar edhe 159 testime t\u00eb reja dhe kjo e \u00e7on numrin total t\u00eb testimeve t\u00eb kryera n\u00eb 457.<\/span><\/p>\n<p><em><span style=\"color: #000000;\">&#8220;Deri n\u00eb k\u00ebto momente jan\u00eb konfirmuar pozitiv\u00eb me COVID-19, 33 raste, nga t\u00eb cilat:<\/span><\/em><\/p>\n<p><em><span style=\"color: #000000;\">8 prej t\u00eb cil\u00ebve jan\u00eb t\u00eb shtruar n\u00eb spitalin Infektiv (nga Tirana, Durr\u00ebsi, Fieri dhe Rrogozhina)<\/span><\/em><\/p>\n<p><span style=\"color: #000000;\"><em>25 raste jan\u00eb t\u00eb vet\u00ebizoluar n\u00eb gjendje t\u00eb mir\u00eb sh\u00ebndet\u00ebsore n\u00eb sht\u00ebpi.&#8221;<\/em>&#8211; tha zv.ministrja.<\/span><\/p>\n<p><span style=\"color: #000000;\">Hart\u00ebs s\u00eb qyteteve t\u00eb Shqip\u00ebris\u00eb, ku ka raste t\u00eb konfirmuara me koronavirus i shtohet dhe Fieri. Ministria e Sh\u00ebndet\u00ebsis\u00eb konfirmoi se n\u00eb Fier jan\u00eb regjistruar kat\u00ebr raste t\u00eb reja me virusin Covid-19.<\/span><\/p>\n<p><strong><span style=\"color: #000000;\">Rastet e konfirmuara pozitive:<\/span><\/strong><\/p>\n<ul>\n<li><span style=\"color: #000000;\">Tiran\u00eb 19 raste<\/span><\/li>\n<li><span style=\"color: #000000;\">Durr\u00ebs 5 raste (nj\u00ebri prej t\u00eb cil\u00ebve ka nd\u00ebrruar jet\u00eb)<\/span><\/li>\n<li><span style=\"color: #000000;\">Lushnje 1 rast<\/span><\/li>\n<li><span style=\"color: #000000;\">Elbasan 2 raste<\/span><\/li>\n<li><span style=\"color: #000000;\">Fier 4 raste<\/span><\/li>\n<li><span style=\"color: #000000;\">Rrogozhin\u00eb 2 raste<\/span><\/li>\n<\/ul>\n<div id=\"attachment_360253\" style=\"width: 373px\" class=\"wp-caption aligncenter\"><a href=\"https:\/\/hashtag.al\/wp-content\/uploads\/2020\/03\/HARTAA-1-1.png\"><img loading=\"lazy\" decoding=\"async\" aria-describedby=\"caption-attachment-360253\" class=\"wp-image-360253 size-full\" src=\"https:\/\/hashtag.al\/wp-content\/uploads\/2020\/03\/HARTAA-1-1.png\" alt=\"\" width=\"363\" height=\"767\" srcset=\"https:\/\/www.hashtag.al\/wp-content\/uploads\/2020\/03\/HARTAA-1-1.png 363w, https:\/\/www.hashtag.al\/wp-content\/uploads\/2020\/03\/HARTAA-1-1-142x300.png 142w\" sizes=\"auto, (max-width: 363px) 100vw, 363px\" \/><\/a><p id=\"caption-attachment-360253\" class=\"wp-caption-text\"><span style=\"color: #000000;\"><em><strong>Harta e qyteteve t\u00eb prekura nga koronavirusi<\/strong><\/em><\/span><\/p><\/div>\n<p><span style=\"color: #000000;\">Sipas k\u00ebtyre t\u00eb dh\u00ebnave, mes t\u00eb konfirmuarve me koronavirus \u00ebsht\u00eb dhe nj\u00eb mjek i spitalit t\u00eb Durr\u00ebsit, ku qe e shtruar e 73-vje\u00e7arja e cila nd\u00ebrroi jet\u00eb nga koronavirusi.<\/span><\/p>\n<p><span style=\"color: #000000;\">Pas vdekjes s\u00eb gruas s\u00eb moshuar n\u00eb Durr\u00ebs e cila kishte q\u00ebndruar p\u00ebr disa dit\u00eb n\u00eb spital, pa u testuar p\u00ebr koronavirus, u ngrit alarmi p\u00ebr sh\u00ebndetin e personelit mjek\u00ebsor t\u00eb spitalit.<\/span><\/p>\n<p><span style=\"color: #000000;\">Por sipas Ministris\u00eb s\u00eb Sh\u00ebndet\u00ebsis\u00eb, nga 39 mjek\u00eb e infermier\u00eb, vet\u00ebm nj\u00ebri ka rezultuar pozitiv.<\/span><\/p>\n<p><em><span style=\"color: #000000;\">\u201cSi\u00e7 ju kemi b\u00ebr\u00eb t\u00eb ditur n\u00eb daljet e m\u00ebparshme, pas testimit t\u00eb kampionit t\u00eb par\u00eb t\u00eb 50 mjek\u00ebve dhe infermier\u00ebve n\u00eb spitalin e Durr\u00ebsit t\u00eb cil\u00ebt rezultuan negativ\u00eb, ISHP ka vazhduar me gjurmimin e kontakteve, marrjen dhe testimin e mostrave t\u00eb reja t\u00eb stafit mjek\u00ebsor n\u00eb Spitalin Rajonal Durr\u00ebs.<\/span><\/em><br \/>\n<em><span style=\"color: #000000;\">N\u00eb baz\u00eb t\u00eb rezultateve q\u00eb tashm\u00eb kan\u00eb dal\u00eb, nga kampioni i dyt\u00eb i mostrave t\u00eb marra, 39 mostra t\u00eb mjek\u00ebve, infermier\u00ebve dhe pacient\u00ebve, vet\u00ebm 1 mjek rezulton pozitiv, i cili nuk ka simptoma, aktualisht \u00ebsht\u00eb i vet\u00ebizoluar dhe po hulumtohet m\u00eb tej. Gjithsej jan\u00eb kryer 89 testime n\u00eb spitalin e Durr\u00ebsit.<\/span><\/em><br \/>\n<span style=\"color: #000000;\"><em>Nga numri total i t\u00eb prekurve nga COVID-19 jan\u00eb 25 persona t\u00eb vet\u00ebizoluar n\u00eb gjendje t\u00eb mir\u00eb sh\u00ebndet\u00ebsore dhe 177 t\u00eb vet\u00ebkarantinuar\u201d-<\/em> tha zv.ministrja e Sh\u00ebndet\u00ebsis\u00eb.<\/span><\/p>\n<p><span style=\"color: #000000;\">Nd\u00ebrkoh\u00eb priten rezultatet e testimeve t\u00eb 50 personave t\u00eb tjer\u00eb.\/<em><strong>Hashtag.al<\/strong><\/em><\/span><\/p>\n<p>&nbsp;<\/p>\n<p>&nbsp;<\/p>\n","protected":false,"gt_translate_keys":[{"key":"rendered","format":"html"}]},"excerpt":{"rendered":"<p>Ka shkuar n\u00eb 33 numri i t\u00eb prekurve nga koronavirusi n\u00eb vend, duke sh\u00ebnuar k\u00ebshtu nj\u00eb rritje prej 1o personash nga dita e kaluar. Lajmi \u00ebsht\u00eb konfirmuar nga zv\/Ministrja e Sh\u00ebndet\u00ebsis\u00eb Mira Raka\u00e7olli dhe drejtuesja e Departamentit t\u00eb S\u00ebmundjeve Infektive n\u00eb ISHP Silva Bino. Sipas deklarat\u00ebs s\u00eb pak minutave m\u00eb par\u00eb, n\u00eb 24 or\u00ebt e [&hellip;]<\/p>\n","protected":false,"gt_translate_keys":[{"key":"rendered","format":"html"}]},"author":30,"featured_media":360068,"comment_status":"open","ping_status":"open","sticky":false,"template":"","format":"standard","meta":{"footnotes":""},"categories":[22,65,13],"tags":[],"class_list":["post-360247","post","type-post","status-publish","format-standard","has-post-thumbnail","hentry","category-ballina","category-lajme","category-te-fundit"],"gt_translate_keys":[{"key":"link","format":"url"}],"_links":{"self":[{"href":"https:\/\/www.hashtag.al\/index.php\/wp-json\/wp\/v2\/posts\/360247","targetHints":{"allow":["GET"]}}],"collection":[{"href":"https:\/\/www.hashtag.al\/index.php\/wp-json\/wp\/v2\/posts"}],"about":[{"href":"https:\/\/www.hashtag.al\/index.php\/wp-json\/wp\/v2\/types\/post"}],"author":[{"embeddable":true,"href":"https:\/\/www.hashtag.al\/index.php\/wp-json\/wp\/v2\/users\/30"}],"replies":[{"embeddable":true,"href":"https:\/\/www.hashtag.al\/index.php\/wp-json\/wp\/v2\/comments?post=360247"}],"version-history":[{"count":0,"href":"https:\/\/www.hashtag.al\/index.php\/wp-json\/wp\/v2\/posts\/360247\/revisions"}],"wp:featuredmedia":[{"embeddable":true,"href":"https:\/\/www.hashtag.al\/index.php\/wp-json\/wp\/v2\/media\/360068"}],"wp:attachment":[{"href":"https:\/\/www.hashtag.al\/index.php\/wp-json\/wp\/v2\/media?parent=360247"}],"wp:term":[{"taxonomy":"category","embeddable":true,"href":"https:\/\/www.hashtag.al\/index.php\/wp-json\/wp\/v2\/categories?post=360247"},{"taxonomy":"post_tag","embeddable":true,"href":"https:\/\/www.hashtag.al\/index.php\/wp-json\/wp\/v2\/tags?post=360247"}],"curies":[{"name":"wp","href":"https:\/\/api.w.org\/{rel}","templated":true}]}}