{"id":360231,"date":"2020-03-13T10:45:24","date_gmt":"2020-03-13T09:45:24","guid":{"rendered":"https:\/\/hashtag.al\/?p=360231"},"modified":"2020-03-13T10:47:17","modified_gmt":"2020-03-13T09:47:17","slug":"shqiperia-mbyll-dhe-kufirin-me-kosoven-per-te-frenuar-perhapjen-e-koronavirusit","status":"publish","type":"post","link":"https:\/\/www.hashtag.al\/index.php\/2020\/03\/13\/shqiperia-mbyll-dhe-kufirin-me-kosoven-per-te-frenuar-perhapjen-e-koronavirusit\/","title":{"rendered":"Shqip\u00ebria mbyll dhe kufirin me Kosov\u00ebn p\u00ebr t\u00eb frenuar p\u00ebrhapjen e koronavirusit","gt_translate_keys":[{"key":"rendered","format":"text"}]},"content":{"rendered":"<p><a href=\"https:\/\/hashtag.al\/wp-content\/uploads\/2020\/03\/kufi.jpg\"><img loading=\"lazy\" decoding=\"async\" class=\"aligncenter size-full wp-image-360232\" src=\"https:\/\/hashtag.al\/wp-content\/uploads\/2020\/03\/kufi.jpg\" alt=\"\" width=\"600\" height=\"360\" srcset=\"https:\/\/www.hashtag.al\/wp-content\/uploads\/2020\/03\/kufi.jpg 600w, https:\/\/www.hashtag.al\/wp-content\/uploads\/2020\/03\/kufi-300x180.jpg 300w\" sizes=\"auto, (max-width: 600px) 100vw, 600px\" \/><\/a><\/p>\n<p><span style=\"color: #000000;\">N\u00eb kuad\u00ebr t\u00eb masave parandaluese kund\u00ebr p\u00ebrhapjes s\u00eb koronavirusit t\u00eb ri, Shqip\u00ebria ka\u00a0 vendosur t\u00eb mbyll\u00eb p\u00ebrkoh\u00ebsisht edhe kufirin me Kosov\u00ebn. Lajmi \u00ebsht\u00eb b\u00ebr\u00eb i ditur nga Qendra Komb\u00ebtare p\u00ebr Menaxhimin e Kufirit (QKMK) n\u00eb Kosov\u00eb.<\/span><\/p>\n<p><em><span style=\"color: #000000;\">&#8220;QKMK ju njofton: p\u00ebr masat e nd\u00ebrmarra nga ana e autoriteteve t\u00eb Republik\u00ebs s\u00eb Shqip\u00ebris\u00eb, sa i p\u00ebrket qarkullimit kufitar p\u00ebr n\u00eb Republik\u00ebn e Shqip\u00ebris\u00eb.<\/span><\/em><\/p>\n<p><em><span style=\"color: #000000;\">Duke filluar nga data 13\/03\/2020, n\u00eb ora 06.00, do t\u00eb ndalohet hyrja n\u00eb territorin e Republik\u00ebs s\u00eb Shqip\u00ebris\u00eb, p\u00ebr t\u00eb gjith\u00eb shtetasit \/ veturat e Republik\u00ebs s\u00eb Kosov\u00ebs.<\/span><\/em><br \/>\n<em><span style=\"color: #000000;\">\u2022 Do t\u00eb lejohet hyrja vet\u00ebm e veturave t\u00eb sh\u00ebndet\u00ebsis\u00eb \/ ndihm\u00ebs s\u00eb shpejt , automjeteve komerciale ( ata t\u00eb cilat bartin mallra) dhe veturave qeveritare.<\/span><\/em><br \/>\n<span style=\"color: #000000;\"><em>\u2022 Kjo mas\u00eb do t\u00eb zgjas\u00eb deri m\u00eb dat\u00eb, 15\/03\/2020 n\u00eb ora 24.00.\u201d-<\/em> thuhet n\u00eb njoftim, citon gazeta <span style=\"color: #0000ff;\"><a style=\"color: #0000ff;\" href=\"https:\/\/telegrafi.com\/shqiperia-ndalon-hyrjen-e-veturave-nga-kosova-lejohen-autoambulancat\/\">Telegraf<\/a><\/span>.<\/span><\/p>\n<p><span style=\"color: #000000;\">D\u00ebri m\u00eb tani n\u00eb Shqip\u00ebri jan\u00eb konfirmuar 23 raste me koronavirus, nd\u00ebrkoh\u00eb q\u00eb n\u00eb Kosov\u00eb deri m\u00eb tani nuk \u00ebsht\u00eb regjistruar asnj\u00eb rast.<\/span><\/p>\n<p><span style=\"color: #000000;\">Qeveria shqiptare si mas\u00eb shtr\u00ebnguese, ka vendosur t\u00eb bllokoj\u00eb qarkullimin me makina private dhe t\u00eb transportit publik brenda Tiran\u00ebs e Durr\u00ebsit, si dhe l\u00ebvizjen drejt dhe nga 6 qarqe t\u00eb tjera, Shkod\u00ebr, Lezh\u00eb, Elbasan, Fier dhe Vlor\u00eb.<\/span><\/p>\n","protected":false,"gt_translate_keys":[{"key":"rendered","format":"html"}]},"excerpt":{"rendered":"<p>N\u00eb kuad\u00ebr t\u00eb masave parandaluese kund\u00ebr p\u00ebrhapjes s\u00eb koronavirusit t\u00eb ri, Shqip\u00ebria ka\u00a0 vendosur t\u00eb mbyll\u00eb p\u00ebrkoh\u00ebsisht edhe kufirin me Kosov\u00ebn. Lajmi \u00ebsht\u00eb b\u00ebr\u00eb i ditur nga Qendra Komb\u00ebtare p\u00ebr Menaxhimin e Kufirit (QKMK) n\u00eb Kosov\u00eb. &#8220;QKMK ju njofton: p\u00ebr masat e nd\u00ebrmarra nga ana e autoriteteve t\u00eb Republik\u00ebs s\u00eb Shqip\u00ebris\u00eb, sa i p\u00ebrket qarkullimit [&hellip;]<\/p>\n","protected":false,"gt_translate_keys":[{"key":"rendered","format":"html"}]},"author":30,"featured_media":360232,"comment_status":"open","ping_status":"open","sticky":false,"template":"","format":"standard","meta":{"footnotes":""},"categories":[22,65,13],"tags":[],"class_list":["post-360231","post","type-post","status-publish","format-standard","has-post-thumbnail","hentry","category-ballina","category-lajme","category-te-fundit"],"gt_translate_keys":[{"key":"link","format":"url"}],"_links":{"self":[{"href":"https:\/\/www.hashtag.al\/index.php\/wp-json\/wp\/v2\/posts\/360231","targetHints":{"allow":["GET"]}}],"collection":[{"href":"https:\/\/www.hashtag.al\/index.php\/wp-json\/wp\/v2\/posts"}],"about":[{"href":"https:\/\/www.hashtag.al\/index.php\/wp-json\/wp\/v2\/types\/post"}],"author":[{"embeddable":true,"href":"https:\/\/www.hashtag.al\/index.php\/wp-json\/wp\/v2\/users\/30"}],"replies":[{"embeddable":true,"href":"https:\/\/www.hashtag.al\/index.php\/wp-json\/wp\/v2\/comments?post=360231"}],"version-history":[{"count":0,"href":"https:\/\/www.hashtag.al\/index.php\/wp-json\/wp\/v2\/posts\/360231\/revisions"}],"wp:featuredmedia":[{"embeddable":true,"href":"https:\/\/www.hashtag.al\/index.php\/wp-json\/wp\/v2\/media\/360232"}],"wp:attachment":[{"href":"https:\/\/www.hashtag.al\/index.php\/wp-json\/wp\/v2\/media?parent=360231"}],"wp:term":[{"taxonomy":"category","embeddable":true,"href":"https:\/\/www.hashtag.al\/index.php\/wp-json\/wp\/v2\/categories?post=360231"},{"taxonomy":"post_tag","embeddable":true,"href":"https:\/\/www.hashtag.al\/index.php\/wp-json\/wp\/v2\/tags?post=360231"}],"curies":[{"name":"wp","href":"https:\/\/api.w.org\/{rel}","templated":true}]}}