{"id":360160,"date":"2020-03-12T21:08:58","date_gmt":"2020-03-12T20:08:58","guid":{"rendered":"https:\/\/hashtag.al\/?p=360160"},"modified":"2020-03-12T21:08:58","modified_gmt":"2020-03-12T20:08:58","slug":"franca-mbyll-shkollat-dhe-universitetet","status":"publish","type":"post","link":"https:\/\/www.hashtag.al\/index.php\/2020\/03\/12\/franca-mbyll-shkollat-dhe-universitetet\/","title":{"rendered":"Franca mbyll shkollat dhe universitetet","gt_translate_keys":[{"key":"rendered","format":"text"}]},"content":{"rendered":"<p><img loading=\"lazy\" decoding=\"async\" class=\"aligncenter size-full wp-image-332651\" src=\"https:\/\/hashtag.al\/wp-content\/uploads\/2019\/11\/Macronnato.jpg\" alt=\"\" width=\"980\" height=\"551\" srcset=\"https:\/\/www.hashtag.al\/wp-content\/uploads\/2019\/11\/Macronnato.jpg 980w, https:\/\/www.hashtag.al\/wp-content\/uploads\/2019\/11\/Macronnato-300x169.jpg 300w, https:\/\/www.hashtag.al\/wp-content\/uploads\/2019\/11\/Macronnato-768x432.jpg 768w\" sizes=\"auto, (max-width: 980px) 100vw, 980px\" \/><\/p>\n<p><span style=\"color: #000000;\">Presidenti francez, Emmanuel Macron, ka njoftuar mbylljen e t\u00eb gjitha shkollave dhe universiteteve duke nisur nga e h\u00ebna dhe ka ftuar personat mbi 70-vje\u00e7 dhe personat me probleme sh\u00ebndet\u00ebsore t\u00eb q\u00ebndrojn\u00eb n\u00eb sht\u00ebpi\u2019.<\/span><\/p>\n<p><span style=\"color: #000000;\">Pavar\u00ebsisht situat\u00ebs presidenti Macron konfirmon zhvillimin e zgjedhjeve komunare nga 15-22 mars. Gjat\u00eb nj\u00eb deklarat\u00eb presidenti francez ka n\u00ebnvizuar se situata nga koronavirusi \u00ebsht\u00eb emergjenca sh\u00ebndet\u00ebsore m\u00eb e r\u00ebnd\u00eb e 100 viteve t\u00eb fundit n\u00eb Franc\u00eb\u2019.<\/span><\/p>\n","protected":false,"gt_translate_keys":[{"key":"rendered","format":"html"}]},"excerpt":{"rendered":"<p>Presidenti francez, Emmanuel Macron, ka njoftuar mbylljen e t\u00eb gjitha shkollave dhe universiteteve duke nisur nga e h\u00ebna dhe ka ftuar personat mbi 70-vje\u00e7 dhe personat me probleme sh\u00ebndet\u00ebsore t\u00eb q\u00ebndrojn\u00eb n\u00eb sht\u00ebpi\u2019. Pavar\u00ebsisht situat\u00ebs presidenti Macron konfirmon zhvillimin e zgjedhjeve komunare nga 15-22 mars. Gjat\u00eb nj\u00eb deklarat\u00eb presidenti francez ka n\u00ebnvizuar se situata nga [&hellip;]<\/p>\n","protected":false,"gt_translate_keys":[{"key":"rendered","format":"html"}]},"author":32,"featured_media":332651,"comment_status":"open","ping_status":"open","sticky":false,"template":"","format":"standard","meta":{"footnotes":""},"categories":[6,13],"tags":[],"class_list":["post-360160","post","type-post","status-publish","format-standard","has-post-thumbnail","hentry","category-nderkombetare","category-te-fundit"],"gt_translate_keys":[{"key":"link","format":"url"}],"_links":{"self":[{"href":"https:\/\/www.hashtag.al\/index.php\/wp-json\/wp\/v2\/posts\/360160","targetHints":{"allow":["GET"]}}],"collection":[{"href":"https:\/\/www.hashtag.al\/index.php\/wp-json\/wp\/v2\/posts"}],"about":[{"href":"https:\/\/www.hashtag.al\/index.php\/wp-json\/wp\/v2\/types\/post"}],"author":[{"embeddable":true,"href":"https:\/\/www.hashtag.al\/index.php\/wp-json\/wp\/v2\/users\/32"}],"replies":[{"embeddable":true,"href":"https:\/\/www.hashtag.al\/index.php\/wp-json\/wp\/v2\/comments?post=360160"}],"version-history":[{"count":0,"href":"https:\/\/www.hashtag.al\/index.php\/wp-json\/wp\/v2\/posts\/360160\/revisions"}],"wp:featuredmedia":[{"embeddable":true,"href":"https:\/\/www.hashtag.al\/index.php\/wp-json\/wp\/v2\/media\/332651"}],"wp:attachment":[{"href":"https:\/\/www.hashtag.al\/index.php\/wp-json\/wp\/v2\/media?parent=360160"}],"wp:term":[{"taxonomy":"category","embeddable":true,"href":"https:\/\/www.hashtag.al\/index.php\/wp-json\/wp\/v2\/categories?post=360160"},{"taxonomy":"post_tag","embeddable":true,"href":"https:\/\/www.hashtag.al\/index.php\/wp-json\/wp\/v2\/tags?post=360160"}],"curies":[{"name":"wp","href":"https:\/\/api.w.org\/{rel}","templated":true}]}}