{"id":360104,"date":"2020-03-12T17:13:56","date_gmt":"2020-03-12T16:13:56","guid":{"rendered":"https:\/\/hashtag.al\/?p=360104"},"modified":"2020-03-12T17:20:31","modified_gmt":"2020-03-12T16:20:31","slug":"covid-19-meta-kerkoi-mbylljen-e-kufirit-me-31-janar","status":"publish","type":"post","link":"https:\/\/www.hashtag.al\/index.php\/2020\/03\/12\/covid-19-meta-kerkoi-mbylljen-e-kufirit-me-31-janar\/","title":{"rendered":"COVID-19 \/ Meta k\u00ebrkoi mbylljen e kufirit m\u00eb 31 janar","gt_translate_keys":[{"key":"rendered","format":"text"}]},"content":{"rendered":"<p><img loading=\"lazy\" decoding=\"async\" class=\"aligncenter size-full wp-image-360105\" src=\"https:\/\/hashtag.al\/wp-content\/uploads\/2020\/03\/metarama-1-e1584029621375.jpg\" alt=\"\" width=\"1280\" height=\"1053\" srcset=\"https:\/\/www.hashtag.al\/wp-content\/uploads\/2020\/03\/metarama-1-e1584029621375.jpg 1280w, https:\/\/www.hashtag.al\/wp-content\/uploads\/2020\/03\/metarama-1-e1584029621375-300x247.jpg 300w, https:\/\/www.hashtag.al\/wp-content\/uploads\/2020\/03\/metarama-1-e1584029621375-768x632.jpg 768w, https:\/\/www.hashtag.al\/wp-content\/uploads\/2020\/03\/metarama-1-e1584029621375-1024x842.jpg 1024w\" sizes=\"auto, (max-width: 1280px) 100vw, 1280px\" \/><\/p>\n<p><span style=\"color: #000000;\">N\u00eb dat\u00ebn 31 janar 2020, presidenti Meta i b\u00ebnte thirrje qeveris\u00eb q\u00eb t\u00eb merrte masat m\u00eb t\u00eb forta t\u00eb mundshme p\u00ebr t\u00eb parandaluar mb\u00ebrritjen e COVID-19 n\u00eb territorin shqiptar, duke p\u00ebrmendur rastin e suksessh\u00ebm t\u00eb parandalimit t\u00eb SARS-it n\u00eb vitin 2001.<\/span><\/p>\n<p><span style=\"color: #000000;\">Masat e marra ndaj SARS-it n\u00eb vitin 2001 p\u00ebrfshinin edhe mbylljen e kufirit p\u00ebr shtetasit q\u00eb hynin n\u00eb Shqip\u00ebri nga vendet e prekura nga virusi.<\/span><\/p>\n<p><span style=\"color: #000000;\">N\u00eb deklarat\u00ebn p\u00ebr mediat, ai theksonte se Shqip\u00ebria \u00ebsht\u00eb seriozisht e rrezikur nga COVID-19 duke theksuar zbulimin e personave t\u00eb prekur me virusin n\u00eb Italin\u00eb fqinje.<\/span><\/p>\n<p><span style=\"color: #000000;\">Po \u00e7far\u00eb deklaronte p\u00ebrmbledhtazi Meta m\u00eb 31 janar 2020?<\/span><\/p>\n<p><span style=\"color: #000000;\"><em>\u2018Mendoj se duhen marr\u00eb masat m\u00eb t\u00eb forta t\u00eb mundshme sanitare dhe epidemiologjike p\u00ebr t\u00eb parandaluar k\u00ebt\u00eb virus p\u00ebr t\u00eb penetruar n\u00eb vendin ton\u00eb, aq m\u00eb tep\u00ebr kur tashm\u00eb jan\u00eb evidentuar dy raste n\u00eb Italin\u00eb fqinje apo edhe n\u00eb vende t\u00eb tjera pran\u00eb nesh. Un\u00eb mendoj se \u00ebsht\u00eb koha p\u00ebr t\u00eb marr\u00eb masat m\u00eb t\u00eb forta. Shqip\u00ebria ka nj\u00eb eksperienc\u00eb n\u00eb raste t\u00eb tilla si\u00e7 ka qen\u00eb parandalimi i suksessh\u00ebm i SARS-it dikur. Shqip\u00ebria ka qen\u00eb shum\u00eb e suksesshme p\u00ebr t\u00eb parandaluar SARS-in p\u00ebrpara 16-17 vitesh dhe i kemi t\u00eb gjith\u00eb mud\u00ebsit\u00eb n\u00eb rast se t\u00eb gjith\u00eb b\u00ebjm\u00eb detyr\u00ebn me p\u00ebrgjegjshm\u00ebri maksimale.\u2019<\/em><\/span><\/p>\n<p><span style=\"color: #000000;\">Nd\u00ebrkoh\u00eb n\u00eb dat\u00ebn 31 janar 2020, zyrtar\u00ebt e Ministris\u00eb s\u00eb Sh\u00ebndet\u00ebsis\u00eb, deklaronin se Shqip\u00ebria ishte jasht\u00eb zon\u00ebs s\u00eb rrezikut nga COVID-19. <\/span><\/p>\n<p><span style=\"color: #000000;\">N\u00eb koh\u00ebn kur n\u00eb Itali ishin evidentuar rastet e para t\u00eb prekjes nga koronavirusi, n\u00eb pikat kufitare ajrore, tok\u00ebsore e detare me vendet fqinje nuk kishte asnj\u00eb kontroll t\u00eb shtetasve shqiptar\u00eb e t\u00eb huaj q\u00eb hynin nga Italia. Kontrollet nis\u00ebn shum\u00eb m\u00eb von\u00eb nga sa kishte b\u00ebr\u00eb thirrje kreu i shtetit. <\/span><\/p>\n<p><span style=\"color: #000000;\">Sipas t\u00eb dh\u00ebnave, n\u00eb Shqip\u00ebri jan\u00eb futur nga Italia e Greqia rreth 27 mij\u00eb emigrant\u00eb para s\u00eb Shqip\u00ebria t\u00eb shpallej zyrtarisht si e prekur nga koronavirusi. <\/span><\/p>\n<p><span style=\"color: #000000;\">Dy rastet \u2018zero\u2019 sipas Ministris\u00eb sd\u00eb Sh\u00ebndet\u00ebsis\u00eb jan\u00eb bab\u00eb e bir q\u00eb kishin ardhur nga Italia n\u00eb fund t\u00eb muajit shkurt, nd\u00ebrkoh\u00eb q\u00eb presidenti Meta k\u00ebrkoi masat m\u00eb t\u00eb forta t\u00eb mundshme q\u00eb n\u00eb dat\u00ebn 31 janar 2020, m\u00eb shum\u00eb se nj\u00eb muaj m\u00eb par\u00eb. <\/span><\/p>\n<p><span style=\"color: #000000;\">Aktualisht n\u00eb vend jan\u00eb konfirmuar 23 raste me koronavirus, nd\u00ebrsa dit\u00ebn e djeshme u sh\u00ebnua edhe viktima e par\u00eb nga virusi, nj\u00eb 73-vje\u00e7are nga Durr\u00ebsi.<\/span><\/p>\n<div style=\"width: 400px;\" class=\"wp-video\"><video class=\"wp-video-shortcode\" id=\"video-360104-1\" width=\"400\" height=\"224\" preload=\"metadata\" controls=\"controls\"><source type=\"video\/mp4\" src=\"https:\/\/hashtag.al\/wp-content\/uploads\/2020\/03\/metasars.mp4?_=1\" \/><a href=\"https:\/\/hashtag.al\/wp-content\/uploads\/2020\/03\/metasars.mp4\">https:\/\/hashtag.al\/wp-content\/uploads\/2020\/03\/metasars.mp4<\/a><\/video><\/div>\n","protected":false,"gt_translate_keys":[{"key":"rendered","format":"html"}]},"excerpt":{"rendered":"<p>N\u00eb dat\u00ebn 31 janar 2020, presidenti Meta i b\u00ebnte thirrje qeveris\u00eb q\u00eb t\u00eb merrte masat m\u00eb t\u00eb forta t\u00eb mundshme p\u00ebr t\u00eb parandaluar mb\u00ebrritjen e COVID-19 n\u00eb territorin shqiptar, duke p\u00ebrmendur rastin e suksessh\u00ebm t\u00eb parandalimit t\u00eb SARS-it n\u00eb vitin 2001. Masat e marra ndaj SARS-it n\u00eb vitin 2001 p\u00ebrfshinin edhe mbylljen e kufirit p\u00ebr [&hellip;]<\/p>\n","protected":false,"gt_translate_keys":[{"key":"rendered","format":"html"}]},"author":51,"featured_media":360105,"comment_status":"open","ping_status":"open","sticky":false,"template":"","format":"standard","meta":{"footnotes":""},"categories":[22,65,13],"tags":[],"class_list":["post-360104","post","type-post","status-publish","format-standard","has-post-thumbnail","hentry","category-ballina","category-lajme","category-te-fundit"],"gt_translate_keys":[{"key":"link","format":"url"}],"_links":{"self":[{"href":"https:\/\/www.hashtag.al\/index.php\/wp-json\/wp\/v2\/posts\/360104","targetHints":{"allow":["GET"]}}],"collection":[{"href":"https:\/\/www.hashtag.al\/index.php\/wp-json\/wp\/v2\/posts"}],"about":[{"href":"https:\/\/www.hashtag.al\/index.php\/wp-json\/wp\/v2\/types\/post"}],"author":[{"embeddable":true,"href":"https:\/\/www.hashtag.al\/index.php\/wp-json\/wp\/v2\/users\/51"}],"replies":[{"embeddable":true,"href":"https:\/\/www.hashtag.al\/index.php\/wp-json\/wp\/v2\/comments?post=360104"}],"version-history":[{"count":0,"href":"https:\/\/www.hashtag.al\/index.php\/wp-json\/wp\/v2\/posts\/360104\/revisions"}],"wp:featuredmedia":[{"embeddable":true,"href":"https:\/\/www.hashtag.al\/index.php\/wp-json\/wp\/v2\/media\/360105"}],"wp:attachment":[{"href":"https:\/\/www.hashtag.al\/index.php\/wp-json\/wp\/v2\/media?parent=360104"}],"wp:term":[{"taxonomy":"category","embeddable":true,"href":"https:\/\/www.hashtag.al\/index.php\/wp-json\/wp\/v2\/categories?post=360104"},{"taxonomy":"post_tag","embeddable":true,"href":"https:\/\/www.hashtag.al\/index.php\/wp-json\/wp\/v2\/tags?post=360104"}],"curies":[{"name":"wp","href":"https:\/\/api.w.org\/{rel}","templated":true}]}}