{"id":359990,"date":"2020-03-12T10:40:06","date_gmt":"2020-03-12T09:40:06","guid":{"rendered":"https:\/\/hashtag.al\/?p=359990"},"modified":"2020-03-12T10:42:52","modified_gmt":"2020-03-12T09:42:52","slug":"kisha-katolike-merr-masa-per-koronavirusin-pezullojme-aktivitetet-dioqezane-dhe-ato-famulltare","status":"publish","type":"post","link":"https:\/\/www.hashtag.al\/index.php\/2020\/03\/12\/kisha-katolike-merr-masa-per-koronavirusin-pezullojme-aktivitetet-dioqezane-dhe-ato-famulltare\/","title":{"rendered":"Kisha Katolike merr masa p\u00ebr koronavirusin: Pezullojm\u00eb aktivitetet dioqezane dhe ato famulltare","gt_translate_keys":[{"key":"rendered","format":"text"}]},"content":{"rendered":"<p><a href=\"https:\/\/hashtag.al\/wp-content\/uploads\/2020\/03\/Foto-Ipeshkvijte-770x334.jpeg\"><img loading=\"lazy\" decoding=\"async\" class=\"aligncenter size-full wp-image-359991\" src=\"https:\/\/hashtag.al\/wp-content\/uploads\/2020\/03\/Foto-Ipeshkvijte-770x334.jpeg\" alt=\"\" width=\"770\" height=\"334\" srcset=\"https:\/\/www.hashtag.al\/wp-content\/uploads\/2020\/03\/Foto-Ipeshkvijte-770x334.jpeg 770w, https:\/\/www.hashtag.al\/wp-content\/uploads\/2020\/03\/Foto-Ipeshkvijte-770x334-300x130.jpeg 300w, https:\/\/www.hashtag.al\/wp-content\/uploads\/2020\/03\/Foto-Ipeshkvijte-770x334-768x333.jpeg 768w\" sizes=\"auto, (max-width: 770px) 100vw, 770px\" \/><\/a><\/p>\n<p><span style=\"color: #000000;\">Masat p\u00ebr frenimin e koronavirusit i cili tanim\u00eb \u00ebsht\u00eb shpallur zyrtarisht nga OBSH si pandemi, kan\u00eb prekur edhe Kish\u00ebn Katolike.<\/span><\/p>\n<p><span style=\"color: #000000;\">P\u00ebrmes nj\u00eb dekreti, ipeshkvinjt\u00eb e Kish\u00ebs Katolike n\u00eb Shqip\u00ebri, kan\u00eb vendosur t\u00eb pezullojn\u00eb t\u00eb gjitha aktivitetet dioqezane dhe aktivitetet famulltare.<\/span><\/p>\n<p><em><span style=\"color: #000000;\">\u201cFort t\u00eb dashur meshtar\u00eb, rregulltar\u00eb dhe rregulltare, besimtar\u00eb,<\/span><\/em><br \/>\n<em><span style=\"color: #000000;\">Duke vler\u00ebsuar situat\u00ebn e dit\u00ebve t\u00eb fundit e krijuar nga Covid-19 n\u00eb Shqip\u00ebri, duke pasur parasysh urdh\u00ebres\u00ebn nr. 132, dat\u00eb 08.03.2020, t\u00eb Ministris\u00eb s\u00eb Sh\u00ebndet\u00ebsis\u00eb dhe t\u00eb Mbrojtjes Sociale, po ashtu Letr\u00ebn e Konferenc\u00ebs Ipeshkvore t\u00eb dat\u00ebs dat\u00ebs 29 shkurt 2020, duke vler\u00ebsuar p\u00ebrvoj\u00ebn e kishave simotra n\u00eb vende t\u00eb tjera, pas konsultimit me specialist\u00eb t\u00eb fush\u00ebs e duke i thirrur sensit t\u00eb p\u00ebrgjegj\u00ebsis\u00eb si Ipeshk\u00ebvinj t\u00eb Kish\u00ebs Katolike n\u00eb Shqip\u00ebri:<\/span><\/em><br \/>\n<em><span style=\"color: #000000;\">Dekretojm\u00eb<\/span><\/em><br \/>\n<span style=\"color: #000000;\"><em>Pezullimin e t\u00eb gjith\u00eb aktiviteteve dioqezane dhe famullitare n\u00eb Kish\u00ebn Katolike n\u00eb Shqip\u00ebri n\u00eb t\u00eb cilat parashikohet pjesmarrja dhe grumbullimi i popullit deri me dat\u00eb 3 prill 2020\u201d<\/em>&#8211; thuhet n\u00eb njoftim.<\/span><\/p>\n<p><strong><span style=\"color: #000000;\">Sipas dekretit kjo do t\u00eb thot\u00eb:<\/span><\/strong><\/p>\n<ul>\n<li><span style=\"color: #000000;\">Pezullimin e t\u00eb gjitha kremtimeve liturgjike, p\u00ebrfshir\u00eb Mesh\u00ebn e Shenjt\u00eb;<\/span><\/li>\n<li><span style=\"color: #000000;\">Pezullimin e katekizmit, p\u00ebr f\u00ebmij\u00eb e t\u00eb rritur;<\/span><\/li>\n<li><span style=\"color: #000000;\">Pezullimin e t\u00eb gjitha aktiviteteve t\u00eb tjera t\u00eb programuara, dioqezane dhe famullitare, me f\u00ebmij\u00ebt dhe t\u00eb rriturit;<\/span><\/li>\n<li><span style=\"color: #000000;\">Pezullimin e t\u00eb gjitha kurseve t\u00eb formimit pran\u00eb q\u00ebndrave tona komunitare.<\/span><\/li>\n<\/ul>\n<p><strong><span style=\"color: #000000;\">Ipeshvinjt\u00eb ftojn\u00eb famullitar\u00ebt q\u00eb:<\/span><\/strong><\/p>\n<ul>\n<li><span style=\"color: #000000;\">t\u00eb kremtojn\u00eb Mesh\u00ebn n\u00eb kapelat e tyre, duke e transmetuar at\u00eb edhe online n\u00ebp\u00ebrmjet rrjeteve sociale;<\/span><\/li>\n<li><span style=\"color: #000000;\">t\u00eb garantojn\u00eb rr\u00ebfimin personal duke ruajtur distancat e duhura e duke garantuar edhe sekretin e bised\u00ebs;<\/span><\/li>\n<li><span style=\"color: #000000;\">t\u00eb garantojn\u00eb marrjen e Kungimit p\u00ebr t\u00eb s\u00ebmur\u00ebt q\u00eb e k\u00ebrkojn\u00eb n\u00eb sht\u00ebpi dhe p\u00ebr ata t\u00eb pranish\u00ebm, gjithmon\u00eb duke ruajtur rregullat e vendosura nga organet e sh\u00ebndet\u00ebsis\u00eb;<\/span><\/li>\n<li><span style=\"color: #000000;\">t\u00eb garantohet Sakramenti i Vajimit p\u00ebr t\u00eb s\u00ebmur\u00ebt n\u00eb rastet kur k\u00ebrkohet, duke ndjekur rregullat e duhura higjenike;<\/span><\/li>\n<li><span style=\"color: #000000;\">t\u00eb garantohen funeralet duke shmangur mbledhjen e popullit, por duke b\u00ebr\u00eb lutjen n\u00eb momentin e mbylljes s\u00eb arkivolit dhe n\u00eb momentin e vendosjes n\u00eb varr;<\/span><\/li>\n<li><span style=\"color: #000000;\">kishat t\u00eb rrin\u00eb t\u00eb hapura p\u00ebr lutjen personale gjat\u00eb dit\u00ebs, duke informuar dhe k\u00ebshilluar njer\u00ebzit q\u00eb t\u00eb mbajn\u00eb distanc\u00ebn e duhur nga nj\u00ebri-tjetri.<\/span><\/li>\n<\/ul>\n<p><span style=\"color: #000000;\">Ipeshkvinjt\u00eb i ftojn\u00eb t\u00eb gjith\u00eb besimtar\u00ebt q\u00eb t\u00eb zbatojn\u00eb rregullat dhe udh\u00ebzimet e nxjerra nga organet p\u00ebrkat\u00ebse p\u00ebr p\u00ebrballimin e situat\u00ebs.<\/span><br \/>\n<a href=\"https:\/\/hashtag.al\/wp-content\/uploads\/2020\/03\/virus1.jpeg\"><img loading=\"lazy\" decoding=\"async\" class=\"aligncenter size-full wp-image-359992\" src=\"https:\/\/hashtag.al\/wp-content\/uploads\/2020\/03\/virus1.jpeg\" alt=\"\" width=\"1700\" height=\"2338\" srcset=\"https:\/\/www.hashtag.al\/wp-content\/uploads\/2020\/03\/virus1.jpeg 1700w, https:\/\/www.hashtag.al\/wp-content\/uploads\/2020\/03\/virus1-218x300.jpeg 218w, https:\/\/www.hashtag.al\/wp-content\/uploads\/2020\/03\/virus1-768x1056.jpeg 768w, https:\/\/www.hashtag.al\/wp-content\/uploads\/2020\/03\/virus1-745x1024.jpeg 745w\" sizes=\"auto, (max-width: 1700px) 100vw, 1700px\" \/><\/a> <a href=\"https:\/\/hashtag.al\/wp-content\/uploads\/2020\/03\/virus2.jpeg\"><img loading=\"lazy\" decoding=\"async\" class=\"aligncenter size-full wp-image-359993\" src=\"https:\/\/hashtag.al\/wp-content\/uploads\/2020\/03\/virus2.jpeg\" alt=\"\" width=\"1700\" height=\"2338\" srcset=\"https:\/\/www.hashtag.al\/wp-content\/uploads\/2020\/03\/virus2.jpeg 1700w, https:\/\/www.hashtag.al\/wp-content\/uploads\/2020\/03\/virus2-218x300.jpeg 218w, https:\/\/www.hashtag.al\/wp-content\/uploads\/2020\/03\/virus2-768x1056.jpeg 768w, https:\/\/www.hashtag.al\/wp-content\/uploads\/2020\/03\/virus2-745x1024.jpeg 745w\" sizes=\"auto, (max-width: 1700px) 100vw, 1700px\" \/><\/a><\/p>\n<p>&nbsp;<\/p>\n","protected":false,"gt_translate_keys":[{"key":"rendered","format":"html"}]},"excerpt":{"rendered":"<p>Masat p\u00ebr frenimin e koronavirusit i cili tanim\u00eb \u00ebsht\u00eb shpallur zyrtarisht nga OBSH si pandemi, kan\u00eb prekur edhe Kish\u00ebn Katolike. P\u00ebrmes nj\u00eb dekreti, ipeshkvinjt\u00eb e Kish\u00ebs Katolike n\u00eb Shqip\u00ebri, kan\u00eb vendosur t\u00eb pezullojn\u00eb t\u00eb gjitha aktivitetet dioqezane dhe aktivitetet famulltare. \u201cFort t\u00eb dashur meshtar\u00eb, rregulltar\u00eb dhe rregulltare, besimtar\u00eb, Duke vler\u00ebsuar situat\u00ebn e dit\u00ebve t\u00eb fundit [&hellip;]<\/p>\n","protected":false,"gt_translate_keys":[{"key":"rendered","format":"html"}]},"author":30,"featured_media":359991,"comment_status":"open","ping_status":"open","sticky":false,"template":"","format":"standard","meta":{"footnotes":""},"categories":[65,13],"tags":[],"class_list":["post-359990","post","type-post","status-publish","format-standard","has-post-thumbnail","hentry","category-lajme","category-te-fundit"],"gt_translate_keys":[{"key":"link","format":"url"}],"_links":{"self":[{"href":"https:\/\/www.hashtag.al\/index.php\/wp-json\/wp\/v2\/posts\/359990","targetHints":{"allow":["GET"]}}],"collection":[{"href":"https:\/\/www.hashtag.al\/index.php\/wp-json\/wp\/v2\/posts"}],"about":[{"href":"https:\/\/www.hashtag.al\/index.php\/wp-json\/wp\/v2\/types\/post"}],"author":[{"embeddable":true,"href":"https:\/\/www.hashtag.al\/index.php\/wp-json\/wp\/v2\/users\/30"}],"replies":[{"embeddable":true,"href":"https:\/\/www.hashtag.al\/index.php\/wp-json\/wp\/v2\/comments?post=359990"}],"version-history":[{"count":0,"href":"https:\/\/www.hashtag.al\/index.php\/wp-json\/wp\/v2\/posts\/359990\/revisions"}],"wp:featuredmedia":[{"embeddable":true,"href":"https:\/\/www.hashtag.al\/index.php\/wp-json\/wp\/v2\/media\/359991"}],"wp:attachment":[{"href":"https:\/\/www.hashtag.al\/index.php\/wp-json\/wp\/v2\/media?parent=359990"}],"wp:term":[{"taxonomy":"category","embeddable":true,"href":"https:\/\/www.hashtag.al\/index.php\/wp-json\/wp\/v2\/categories?post=359990"},{"taxonomy":"post_tag","embeddable":true,"href":"https:\/\/www.hashtag.al\/index.php\/wp-json\/wp\/v2\/tags?post=359990"}],"curies":[{"name":"wp","href":"https:\/\/api.w.org\/{rel}","templated":true}]}}