{"id":359876,"date":"2020-03-11T19:49:06","date_gmt":"2020-03-11T18:49:06","guid":{"rendered":"https:\/\/hashtag.al\/?p=359876"},"modified":"2020-03-11T19:59:52","modified_gmt":"2020-03-11T18:59:52","slug":"rama-per-propozimet-e-bashes-kredite-e-bizneseve-dhe-njerezve-po-diskutohen-u-kemi-kerkuar-kompanive-shkurtimin-e-stafit","status":"publish","type":"post","link":"https:\/\/www.hashtag.al\/index.php\/2020\/03\/11\/rama-per-propozimet-e-bashes-kredite-e-bizneseve-dhe-njerezve-po-diskutohen-u-kemi-kerkuar-kompanive-shkurtimin-e-stafit\/","title":{"rendered":"Rama p\u00ebr propozimet e Bash\u00ebs: Kredit\u00eb e bizneseve dhe njer\u00ebzve po diskutohen, u kemi k\u00ebrkuar kompanive shkurtimin e stafit","gt_translate_keys":[{"key":"rendered","format":"text"}]},"content":{"rendered":"<p><img loading=\"lazy\" decoding=\"async\" class=\"aligncenter size-full wp-image-359880\" src=\"https:\/\/hashtag.al\/wp-content\/uploads\/2020\/03\/rama5.png\" alt=\"\" width=\"808\" height=\"491\" srcset=\"https:\/\/www.hashtag.al\/wp-content\/uploads\/2020\/03\/rama5.png 808w, https:\/\/www.hashtag.al\/wp-content\/uploads\/2020\/03\/rama5-300x182.png 300w, https:\/\/www.hashtag.al\/wp-content\/uploads\/2020\/03\/rama5-768x467.png 768w\" sizes=\"auto, (max-width: 808px) 100vw, 808px\" \/><\/p>\n<p><span style=\"color: #000000;\">Kryeministri Edi Rama renditi nj\u00eb seri nga masat e marra nga qeveria p\u00ebr p\u00ebrballimin e koronavirusit.<\/span><\/p>\n<p><span style=\"color: #000000;\">Kreu i qeveris\u00eb foli edhe p\u00ebr propozimet e kryetarit t\u00eb opozit\u00ebs, ku tha se disa prej tyre po diskutohen, nd\u00ebrsa shtoi se u ka k\u00ebrkuar kompanive shkurtimin e nj\u00eb pjese t\u00eb stafit si edhe krijimin e distancave t\u00eb sigurta.<\/span><\/p>\n<p><span style=\"color: #000000;\">&#8220;<em>Kjo situat\u00eb nuk do t\u00eb zgjas\u00eb pafund\u00ebsisht, p\u00ebr sa i p\u00ebrket zinxhirit t\u00eb prodhimit askush nuk k\u00ebshillon masa drastike, aq m\u00eb tep\u00ebr q\u00eb jemi n\u00eb nj\u00eb kurb\u00eb rritje. Ne do t\u00eb imponojm\u00eb krijimin e distancave t\u00eb siguris\u00eb dhe kushteve t\u00eb mbrojtjes. K\u00ebt\u00eb kemi k\u00ebrkuar dhe do t\u00eb ket\u00eb sanksione t\u00eb qarta p\u00ebr ata q\u00eb nuk i respektojn\u00eb. U takon kompanive dhe sip\u00ebrmarrjeve q\u00eb t\u00eb marrin masat dhe t\u00eb b\u00ebjn\u00eb shkurtimet e nevojshme, uljes s\u00eb numrit, distancave t\u00eb sigurta. <\/em><\/span><\/p>\n<p><span style=\"color: #000000;\"><em>Nga maskat, dorezat, tek detergjent\u00ebt pran\u00eb tavolin\u00ebs s\u00eb pun\u00ebs dhe k\u00ebshtu me radh\u00eb. Dallimi \u00ebsht\u00eb \u00e7far\u00eb ndodh n\u00eb nj\u00eb autobus dhe n\u00eb nj\u00eb vend pune q\u00eb ka nj\u00eb zot. Kredit\u00eb e bizneseve dhe njer\u00ebzve po diskutohen, por \u00ebsht\u00eb e pamundur, qesharake, skandaloze dhe kriminale q\u00eb t\u00eb dal\u00eb nj\u00eb pal\u00eb tjet\u00ebr dhe t\u00eb shfaqet n\u00eb k\u00ebt\u00eb mjedis dhe t\u00eb flas\u00eb sot se \u00e7far\u00eb duhet t\u00eb b\u00ebjm\u00eb p\u00ebr masat financiare dhe ekonomike q\u00eb i takojn\u00eb nj\u00eb dite m\u00eb pas. Sikur ndodhi me t\u00ebrmetin, iu siguroj se do ia dalim edhe me k\u00ebt\u00eb<\/em>&#8220;- deklaroi Rama.<\/span><\/p>\n<p><strong>Rama: Nga nes\u00ebr mund t\u00eb mbyllim transportin urban n\u00eb Durr\u00ebs dhe Tiran\u00eb<\/strong><\/p>\n<p><img loading=\"lazy\" decoding=\"async\" class=\"aligncenter size-full wp-image-359528\" src=\"https:\/\/hashtag.al\/wp-content\/uploads\/2020\/03\/ramakorona10mars.png\" alt=\"\" width=\"960\" height=\"638\" srcset=\"https:\/\/www.hashtag.al\/wp-content\/uploads\/2020\/03\/ramakorona10mars.png 960w, https:\/\/www.hashtag.al\/wp-content\/uploads\/2020\/03\/ramakorona10mars-300x199.png 300w, https:\/\/www.hashtag.al\/wp-content\/uploads\/2020\/03\/ramakorona10mars-768x510.png 768w\" sizes=\"auto, (max-width: 960px) 100vw, 960px\" \/><\/p>\n<p><span style=\"color: #000000;\">Kryeministri Edi Rama gjat\u00eb daljes publike s\u00eb bashku me Ministren e Sh\u00ebndet\u00ebsis\u00eb Ogerta Manastirliu, deklaroi se duke shtuar masat p\u00ebr p\u00ebrballimin e mos-p\u00ebrhapjes s\u00eb koronavirusit, nga nes\u00ebr mund t\u00eb bllokohet transporti urban n\u00eb Durr\u00ebs dhe Tiran\u00eb.<\/span><\/p>\n<p><span style=\"color: #000000;\">Gjithashtu shefi i qeveris\u00eb shtoi se me miratimin e aksit normativ do vendosen sanksione p\u00ebr t\u00eb gjith\u00eb ata q\u00eb nuk respektojn\u00eb masat.<\/span><\/p>\n<p><span style=\"color: #000000;\">\u201c<em>Akti normativ \u00ebsht\u00eb gati dhe n\u00eb or\u00ebt n\u00eb vijim do formatizohet p\u00ebr t\u00eb vendosur sanksionet n\u00eb lidhje me masat dhe jemi munduar t\u00eb krijojm\u00eb nj\u00eb ekuilib\u00ebr n\u00eb nj\u00eb koh\u00eb aspak t\u00eb zakonshme. kemi vendosur ndalimin e aktivitetit t\u00eb gjitha bar-eve dhe restoranteve dhe ta shoq\u00ebrojm\u00eb k\u00ebt\u00eb me nj\u00eb sanksion n\u00ebse ata tentojn\u00eb ta hapin aktivitetin. <\/em><\/span><\/p>\n<p><span style=\"color: #000000;\"><em>Megjithat\u00eb duhet t\u00eb fal\u00ebnderoj nj\u00eb pjes\u00eb t\u00eb madhe q\u00eb jan\u00eb nd\u00ebrgjegj\u00ebsuar vet\u00eb dhe e kan\u00eb mbyllur aktivitetin. Do t\u00eb b\u00ebjm\u00eb ndalimin e transportit urban n\u00eb Tiran\u00eb dhe Durr\u00ebs, sepse k\u00ebto jan\u00eb qytete m\u00eb t\u00eb m\u00ebdha dhe me nj\u00eb num\u00ebr t\u00eb prekur m\u00eb lart\u00eb n\u00eb krahasim m\u00eb vendet e tjera. <\/em><\/span><\/p>\n<p><span style=\"color: #000000;\"><em>Asnj\u00eb shet nuk e ndali dot p\u00ebrhapjen e virusit, por ka shum\u00eb mund\u00ebsi se si nd\u00ebrton sistemin mbrojt\u00ebs dhe k\u00ebto masa jan\u00eb pik\u00ebrisht p\u00ebr mbrojtjen ton\u00eb. Ajo q\u00eb u ndodhi vendeve q\u00eb nuk i mor\u00ebn k\u00ebto masa n\u00eb momentin e shp\u00ebrthimit, t\u00eb mos na ndodhi ne. Po i marrim q\u00eb n\u00eb momentin e shp\u00ebrthimit k\u00ebto masa p\u00ebr t\u00eb frenuar p\u00ebrhapjen, numri i t\u00eb infektuarve do t\u00eb rritet dhe mos u \u00e7udisni<\/em>&#8220;-tha Rama<\/span><\/p>\n","protected":false,"gt_translate_keys":[{"key":"rendered","format":"html"}]},"excerpt":{"rendered":"<p>Kryeministri Edi Rama renditi nj\u00eb seri nga masat e marra nga qeveria p\u00ebr p\u00ebrballimin e koronavirusit. Kreu i qeveris\u00eb foli edhe p\u00ebr propozimet e kryetarit t\u00eb opozit\u00ebs, ku tha se disa prej tyre po diskutohen, nd\u00ebrsa shtoi se u ka k\u00ebrkuar kompanive shkurtimin e nj\u00eb pjese t\u00eb stafit si edhe krijimin e distancave t\u00eb sigurta. [&hellip;]<\/p>\n","protected":false,"gt_translate_keys":[{"key":"rendered","format":"html"}]},"author":32,"featured_media":359880,"comment_status":"open","ping_status":"open","sticky":false,"template":"","format":"standard","meta":{"footnotes":""},"categories":[65,13],"tags":[],"class_list":["post-359876","post","type-post","status-publish","format-standard","has-post-thumbnail","hentry","category-lajme","category-te-fundit"],"gt_translate_keys":[{"key":"link","format":"url"}],"_links":{"self":[{"href":"https:\/\/www.hashtag.al\/index.php\/wp-json\/wp\/v2\/posts\/359876","targetHints":{"allow":["GET"]}}],"collection":[{"href":"https:\/\/www.hashtag.al\/index.php\/wp-json\/wp\/v2\/posts"}],"about":[{"href":"https:\/\/www.hashtag.al\/index.php\/wp-json\/wp\/v2\/types\/post"}],"author":[{"embeddable":true,"href":"https:\/\/www.hashtag.al\/index.php\/wp-json\/wp\/v2\/users\/32"}],"replies":[{"embeddable":true,"href":"https:\/\/www.hashtag.al\/index.php\/wp-json\/wp\/v2\/comments?post=359876"}],"version-history":[{"count":0,"href":"https:\/\/www.hashtag.al\/index.php\/wp-json\/wp\/v2\/posts\/359876\/revisions"}],"wp:featuredmedia":[{"embeddable":true,"href":"https:\/\/www.hashtag.al\/index.php\/wp-json\/wp\/v2\/media\/359880"}],"wp:attachment":[{"href":"https:\/\/www.hashtag.al\/index.php\/wp-json\/wp\/v2\/media?parent=359876"}],"wp:term":[{"taxonomy":"category","embeddable":true,"href":"https:\/\/www.hashtag.al\/index.php\/wp-json\/wp\/v2\/categories?post=359876"},{"taxonomy":"post_tag","embeddable":true,"href":"https:\/\/www.hashtag.al\/index.php\/wp-json\/wp\/v2\/tags?post=359876"}],"curies":[{"name":"wp","href":"https:\/\/api.w.org\/{rel}","templated":true}]}}