{"id":359874,"date":"2020-03-11T19:45:37","date_gmt":"2020-03-11T18:45:37","guid":{"rendered":"https:\/\/hashtag.al\/?p=359874"},"modified":"2020-03-11T19:40:41","modified_gmt":"2020-03-11T18:40:41","slug":"kryemadhi-obsh-ja-shpalli-pandemine-te-zbatojme-keshillat-dhe-rekomandimet","status":"publish","type":"post","link":"https:\/\/www.hashtag.al\/index.php\/2020\/03\/11\/kryemadhi-obsh-ja-shpalli-pandemine-te-zbatojme-keshillat-dhe-rekomandimet\/","title":{"rendered":"Kryemadhi: OBSH-ja shpalli pandemin\u00eb, t\u00eb zbatojm\u00eb k\u00ebshillat dhe rekomandimet","gt_translate_keys":[{"key":"rendered","format":"text"}]},"content":{"rendered":"<p><img loading=\"lazy\" decoding=\"async\" class=\"aligncenter size-full wp-image-357073\" src=\"https:\/\/hashtag.al\/wp-content\/uploads\/2020\/02\/Monika-Kryemadhi.jpg\" alt=\"\" width=\"1470\" height=\"831\" srcset=\"https:\/\/www.hashtag.al\/wp-content\/uploads\/2020\/02\/Monika-Kryemadhi.jpg 1470w, https:\/\/www.hashtag.al\/wp-content\/uploads\/2020\/02\/Monika-Kryemadhi-300x170.jpg 300w, https:\/\/www.hashtag.al\/wp-content\/uploads\/2020\/02\/Monika-Kryemadhi-768x434.jpg 768w, https:\/\/www.hashtag.al\/wp-content\/uploads\/2020\/02\/Monika-Kryemadhi-1024x579.jpg 1024w\" sizes=\"auto, (max-width: 1470px) 100vw, 1470px\" \/><\/p>\n<p><span style=\"color: #000000;\">Kryetarja e L\u00ebvizjes Socialiste p\u00ebr Integrim Monika Kryemadhi ka reaguar pasi OBSH-ja shpalli pandemi situat\u00ebn e krijuar nga koronavirusi.<\/span><\/p>\n<p><span style=\"color: #000000;\">Kryemadhi tha se Shqip\u00ebria \u00ebsht\u00eb e p\u00ebrfshir\u00eb n\u00eb k\u00ebt\u00eb pandemi duke shtuar se duhet solidaritet me t\u00eb gjith\u00eb qytetar\u00ebt.<\/span><\/p>\n<p><span style=\"color: #000000;\">\u201c<em>Organizata Bot\u00ebrore e Sh\u00ebndet\u00ebsis\u00eb sapo shpalli gjendjen e pandemis\u00eb nga koronavirus.<\/em><\/span><\/p>\n<p><span style=\"color: #000000;\"><em>Shqip\u00ebria \u00ebsht\u00eb seriozisht e p\u00ebrfshir\u00eb n\u00eb pandemi dhe sot p\u00ebr fat t\u00eb keq nj\u00eb qytetare humbi jet\u00ebn. Natyrsh\u00ebm ngush\u00ebllime e mia m\u00eb t\u00eb sinqerta shkojn\u00eb p\u00ebr familjen e s\u00eb ndjer\u00ebs.<\/em><\/span><\/p>\n<p><span style=\"color: #000000;\"><em>Kjo situat\u00eb k\u00ebrkon solidaritet t\u00eb t\u00eb gjith\u00eb qytetar\u00ebve dhe v\u00ebmendjen m\u00eb t\u00eb lart\u00eb ndaj k\u00ebshillave dhe rekomandimeve t\u00eb mjek\u00ebve<\/em>\u201d-shkruan Kryemadhi.<\/span><\/p>\n<p><span style=\"color: #000000;\">M\u00eb tej kryetarja e LSI-s\u00eb shkruan se ky \u00ebsht\u00eb nj\u00eb moment sakrifice dhe duhen zbatuar t\u00eb gjitha rekomandimet dhe k\u00ebshillat.<\/span><\/p>\n<p><span style=\"color: #000000;\">\u201c<em>\u00cbsht\u00eb nj\u00eb moment q\u00eb k\u00ebrkon sakrific\u00eb, t\u00eb cil\u00ebs askush nuk mund ti shmanget, por t\u00eb gjith\u00eb jemi t\u00eb bindur se n\u00eb k\u00ebt\u00eb m\u00ebnyr\u00eb do t\u2019ja dalim ta kap\u00ebrcejm\u00eb me sa m\u00eb pak d\u00ebme situat\u00ebn e pandemis\u00eb.<\/em><\/span><\/p>\n<p><span style=\"color: #000000;\"><em>T\u00eb vler\u00ebsojm\u00eb \u00e7do moment, t\u00eb d\u00ebgjojm\u00eb \u00e7do rekomandim, t\u00eb zbatojm\u00eb \u00e7do k\u00ebshill\u00eb dhe situata do t\u00eb jet\u00eb e kap\u00ebrcyer.<\/em><\/span><\/p>\n<p><span style=\"color: #000000;\"><em>T\u00eb kujdesemi p\u00ebr veten, sepse k\u00ebshtu kujdesemi edhe p\u00ebr personat e tjer\u00eb t\u00eb familjes.<\/em><\/span><\/p>\n<p><span style=\"color: #000000;\"><em>Solidaritet dhe mb\u00ebshtetje me gjith\u00eb zem\u00ebr p\u00ebr mjek\u00ebt, infermier\u00ebt, sanitar\u00ebt, inspektor\u00ebt e sh\u00ebndetit publik, epidemiolog\u00ebt dhe t\u00eb gjith\u00eb forcat q\u00eb po p\u00ebrballen me vet\u00ebmohim dhe sakrific\u00eb me pandemin\u00eb.<\/em><\/span><\/p>\n<p><span style=\"color: #000000;\"><em>Respekt pafund p\u00ebr ta!\u201d-<\/em>p\u00ebrfundon kryetarja e LSI-s\u00eb.<\/span><\/p>\n","protected":false,"gt_translate_keys":[{"key":"rendered","format":"html"}]},"excerpt":{"rendered":"<p>Kryetarja e L\u00ebvizjes Socialiste p\u00ebr Integrim Monika Kryemadhi ka reaguar pasi OBSH-ja shpalli pandemi situat\u00ebn e krijuar nga koronavirusi. Kryemadhi tha se Shqip\u00ebria \u00ebsht\u00eb e p\u00ebrfshir\u00eb n\u00eb k\u00ebt\u00eb pandemi duke shtuar se duhet solidaritet me t\u00eb gjith\u00eb qytetar\u00ebt. \u201cOrganizata Bot\u00ebrore e Sh\u00ebndet\u00ebsis\u00eb sapo shpalli gjendjen e pandemis\u00eb nga koronavirus. Shqip\u00ebria \u00ebsht\u00eb seriozisht e p\u00ebrfshir\u00eb n\u00eb [&hellip;]<\/p>\n","protected":false,"gt_translate_keys":[{"key":"rendered","format":"html"}]},"author":32,"featured_media":357073,"comment_status":"open","ping_status":"open","sticky":false,"template":"","format":"standard","meta":{"footnotes":""},"categories":[65,13],"tags":[],"class_list":["post-359874","post","type-post","status-publish","format-standard","has-post-thumbnail","hentry","category-lajme","category-te-fundit"],"gt_translate_keys":[{"key":"link","format":"url"}],"_links":{"self":[{"href":"https:\/\/www.hashtag.al\/index.php\/wp-json\/wp\/v2\/posts\/359874","targetHints":{"allow":["GET"]}}],"collection":[{"href":"https:\/\/www.hashtag.al\/index.php\/wp-json\/wp\/v2\/posts"}],"about":[{"href":"https:\/\/www.hashtag.al\/index.php\/wp-json\/wp\/v2\/types\/post"}],"author":[{"embeddable":true,"href":"https:\/\/www.hashtag.al\/index.php\/wp-json\/wp\/v2\/users\/32"}],"replies":[{"embeddable":true,"href":"https:\/\/www.hashtag.al\/index.php\/wp-json\/wp\/v2\/comments?post=359874"}],"version-history":[{"count":0,"href":"https:\/\/www.hashtag.al\/index.php\/wp-json\/wp\/v2\/posts\/359874\/revisions"}],"wp:featuredmedia":[{"embeddable":true,"href":"https:\/\/www.hashtag.al\/index.php\/wp-json\/wp\/v2\/media\/357073"}],"wp:attachment":[{"href":"https:\/\/www.hashtag.al\/index.php\/wp-json\/wp\/v2\/media?parent=359874"}],"wp:term":[{"taxonomy":"category","embeddable":true,"href":"https:\/\/www.hashtag.al\/index.php\/wp-json\/wp\/v2\/categories?post=359874"},{"taxonomy":"post_tag","embeddable":true,"href":"https:\/\/www.hashtag.al\/index.php\/wp-json\/wp\/v2\/tags?post=359874"}],"curies":[{"name":"wp","href":"https:\/\/api.w.org\/{rel}","templated":true}]}}