{"id":359862,"date":"2020-03-11T19:18:53","date_gmt":"2020-03-11T18:18:53","guid":{"rendered":"https:\/\/hashtag.al\/?p=359862"},"modified":"2020-03-11T19:50:16","modified_gmt":"2020-03-11T18:50:16","slug":"manastirliu-asnje-nga-mjeket-dhe-infermieret-ne-durres-nuk-jane-te-infektuar-me-koronavirus","status":"publish","type":"post","link":"https:\/\/www.hashtag.al\/index.php\/2020\/03\/11\/manastirliu-asnje-nga-mjeket-dhe-infermieret-ne-durres-nuk-jane-te-infektuar-me-koronavirus\/","title":{"rendered":"Manastirliu: Asnj\u00eb nga mjek\u00ebt dhe infermier\u00ebt n\u00eb Durr\u00ebs nuk jan\u00eb t\u00eb infektuar me koronavirus","gt_translate_keys":[{"key":"rendered","format":"text"}]},"content":{"rendered":"<p><span style=\"color: #000000;\"><img loading=\"lazy\" decoding=\"async\" class=\"aligncenter size-full wp-image-359842\" src=\"https:\/\/hashtag.al\/wp-content\/uploads\/2020\/03\/ogertakoronavirus2.jpg\" alt=\"\" width=\"1280\" height=\"853\" srcset=\"https:\/\/www.hashtag.al\/wp-content\/uploads\/2020\/03\/ogertakoronavirus2.jpg 1280w, https:\/\/www.hashtag.al\/wp-content\/uploads\/2020\/03\/ogertakoronavirus2-300x200.jpg 300w, https:\/\/www.hashtag.al\/wp-content\/uploads\/2020\/03\/ogertakoronavirus2-768x512.jpg 768w, https:\/\/www.hashtag.al\/wp-content\/uploads\/2020\/03\/ogertakoronavirus2-1024x682.jpg 1024w\" sizes=\"auto, (max-width: 1280px) 100vw, 1280px\" \/><\/span><\/p>\n<p><span style=\"color: #000000;\">Ministrja e Sh\u00ebndet\u00ebsis\u00eb Ogerta Manastirliu deklaroi se asnj\u00eb nga mjek\u00ebt dhe infermier\u00ebt q\u00eb punuan me t\u00eb moshuar\u00ebn q\u00eb nd\u00ebrroi jet\u00eb nuk rezultuan me koronavirus pas testimeve t\u00eb kryera.\u00a0 \u00a0<\/span><\/p>\n<p><span style=\"color: #000000;\">\u201c<em>Me kampionin e par\u00eb q\u00eb kemi zhvilluar n\u00eb spitalin e Durr\u00ebsit me mjek\u00ebt dhe infermier\u00ebt kan\u00eb rezultuar t\u00eb gjith\u00eb negativ\u00eb. Kjo do t\u00eb thot\u00eb se t\u00eb gjith\u00eb stafi mjek\u00ebsor kan\u00eb ndjekur protokollet. N\u00eb proces testimi jan\u00eb familjar\u00ebt e 73-vje\u00e7ares.<\/em>\u201d-deklaroi Manastirliu.<\/span><\/p>\n<p><span style=\"color: #000000;\">Deri m\u00eb tani jan\u00eb testuar 283 raste t\u00eb dyshuara dhe nga k\u00ebta jan\u00eb 3 raste t\u00eb reja duke e \u00e7uar numrin total t\u00eb t\u00eb infektuar\u00ebve n\u00eb 15 persona.<\/span><\/p>\n<p><span style=\"color: #000000;\">&#8220;<em>Vazhdon kampioni i dyt\u00eb i analizave. Nj\u00eb pun\u00eb e madhe po b\u00ebhet n\u00eb spitalet tona. Jan\u00eb 283 raste te testuara dhe 15 raste pozitive. Po b\u00ebhet nj\u00eb pun\u00eb e madhe n\u00eb territor, qoft\u00eb n\u00eb sh\u00ebrbimin q\u00eb po ofrohet<\/em>&#8220;-tha ministrja.<\/span><\/p>\n<p><iframe loading=\"lazy\" style=\"border: none; overflow: hidden;\" src=\"https:\/\/www.facebook.com\/plugins\/video.php?href=https%3A%2F%2Fwww.facebook.com%2Fedirama.al%2Fvideos%2F140262990638911%2F&amp;show_text=1&amp;width=560\" width=\"560\" height=\"476\" frameborder=\"0\" scrolling=\"no\" allowfullscreen=\"allowfullscreen\"><\/iframe><\/p>\n","protected":false,"gt_translate_keys":[{"key":"rendered","format":"html"}]},"excerpt":{"rendered":"<p>Ministrja e Sh\u00ebndet\u00ebsis\u00eb Ogerta Manastirliu deklaroi se asnj\u00eb nga mjek\u00ebt dhe infermier\u00ebt q\u00eb punuan me t\u00eb moshuar\u00ebn q\u00eb nd\u00ebrroi jet\u00eb nuk rezultuan me koronavirus pas testimeve t\u00eb kryera.\u00a0 \u00a0 \u201cMe kampionin e par\u00eb q\u00eb kemi zhvilluar n\u00eb spitalin e Durr\u00ebsit me mjek\u00ebt dhe infermier\u00ebt kan\u00eb rezultuar t\u00eb gjith\u00eb negativ\u00eb. Kjo do t\u00eb thot\u00eb se t\u00eb [&hellip;]<\/p>\n","protected":false,"gt_translate_keys":[{"key":"rendered","format":"html"}]},"author":32,"featured_media":359842,"comment_status":"open","ping_status":"open","sticky":false,"template":"","format":"standard","meta":{"footnotes":""},"categories":[22,65,13],"tags":[],"class_list":["post-359862","post","type-post","status-publish","format-standard","has-post-thumbnail","hentry","category-ballina","category-lajme","category-te-fundit"],"gt_translate_keys":[{"key":"link","format":"url"}],"_links":{"self":[{"href":"https:\/\/www.hashtag.al\/index.php\/wp-json\/wp\/v2\/posts\/359862","targetHints":{"allow":["GET"]}}],"collection":[{"href":"https:\/\/www.hashtag.al\/index.php\/wp-json\/wp\/v2\/posts"}],"about":[{"href":"https:\/\/www.hashtag.al\/index.php\/wp-json\/wp\/v2\/types\/post"}],"author":[{"embeddable":true,"href":"https:\/\/www.hashtag.al\/index.php\/wp-json\/wp\/v2\/users\/32"}],"replies":[{"embeddable":true,"href":"https:\/\/www.hashtag.al\/index.php\/wp-json\/wp\/v2\/comments?post=359862"}],"version-history":[{"count":0,"href":"https:\/\/www.hashtag.al\/index.php\/wp-json\/wp\/v2\/posts\/359862\/revisions"}],"wp:featuredmedia":[{"embeddable":true,"href":"https:\/\/www.hashtag.al\/index.php\/wp-json\/wp\/v2\/media\/359842"}],"wp:attachment":[{"href":"https:\/\/www.hashtag.al\/index.php\/wp-json\/wp\/v2\/media?parent=359862"}],"wp:term":[{"taxonomy":"category","embeddable":true,"href":"https:\/\/www.hashtag.al\/index.php\/wp-json\/wp\/v2\/categories?post=359862"},{"taxonomy":"post_tag","embeddable":true,"href":"https:\/\/www.hashtag.al\/index.php\/wp-json\/wp\/v2\/tags?post=359862"}],"curies":[{"name":"wp","href":"https:\/\/api.w.org\/{rel}","templated":true}]}}