{"id":359860,"date":"2020-03-11T19:09:33","date_gmt":"2020-03-11T18:09:33","guid":{"rendered":"https:\/\/hashtag.al\/?p=359860"},"modified":"2020-03-11T19:09:33","modified_gmt":"2020-03-11T18:09:33","slug":"te-shtena-me-arme-ne-fier-plagoset-35-vjecari","status":"publish","type":"post","link":"https:\/\/www.hashtag.al\/index.php\/2020\/03\/11\/te-shtena-me-arme-ne-fier-plagoset-35-vjecari\/","title":{"rendered":"T\u00eb sht\u00ebna me arm\u00eb n\u00eb Fier, plagoset 35-vje\u00e7ari","gt_translate_keys":[{"key":"rendered","format":"text"}]},"content":{"rendered":"<p><img loading=\"lazy\" decoding=\"async\" class=\"aligncenter size-full wp-image-357238\" src=\"https:\/\/hashtag.al\/wp-content\/uploads\/2020\/03\/auto_policia1548593074.jpg\" alt=\"\" width=\"850\" height=\"466\" srcset=\"https:\/\/www.hashtag.al\/wp-content\/uploads\/2020\/03\/auto_policia1548593074.jpg 850w, https:\/\/www.hashtag.al\/wp-content\/uploads\/2020\/03\/auto_policia1548593074-300x164.jpg 300w, https:\/\/www.hashtag.al\/wp-content\/uploads\/2020\/03\/auto_policia1548593074-768x421.jpg 768w\" sizes=\"auto, (max-width: 850px) 100vw, 850px\" \/><\/p>\n<p><span style=\"color: #000000;\">Nj\u00eb person \u00ebsht\u00eb plagosur n\u00eb Fier pas t\u00eb sht\u00ebnave me arm\u00eb.<\/span><\/p>\n<p><span style=\"color: #000000;\">Ngjarja ka ndodhur rreth or\u00ebs 17:30, n\u00eb lagjen \u201c11 Janari\u201d.<\/span><\/p>\n<p><span style=\"color: #000000;\">Policia b\u00ebn me dije se i plagosur ka mbetur shtetasi M.Rr 35-vje\u00e7, pas nj\u00eb konflikti me arm\u00eb zjarri.<\/span><\/p>\n<p><span style=\"color: #000000;\">\u201c<em>Pas nj\u00eb konflikti t\u00eb \u00e7astit, \u00ebsht\u00eb plagosur n\u00eb k\u00ebmb\u00eb me arm\u00eb zjarri shtetasi me inicialet M. Rr, 35 vje\u00e7, banues n\u00eb Fier, i cili ndodhet jasht\u00eb rrezikut p\u00ebr jet\u00ebn n\u00eb Spitalin Rajonal Fier.<\/em><\/span><\/p>\n<p><em><span style=\"color: #000000;\">Policia ka b\u00ebr\u00eb t\u00eb mundur identifikimin e autorit t\u00eb dyshuar dhe po punon p\u00ebr kapjen e tij.<\/span><\/em><\/p>\n<p><span style=\"color: #000000;\"><em>Grupi hetimor ndodhet n\u00eb vendngjarje dhe po punon p\u00ebr zbardhjen e plot\u00eb t\u00eb k\u00ebsaj ngjarje\u201d<\/em>-thuhet n\u00eb njoftimin e policis\u00eb.<\/span><\/p>\n","protected":false,"gt_translate_keys":[{"key":"rendered","format":"html"}]},"excerpt":{"rendered":"<p>Nj\u00eb person \u00ebsht\u00eb plagosur n\u00eb Fier pas t\u00eb sht\u00ebnave me arm\u00eb. Ngjarja ka ndodhur rreth or\u00ebs 17:30, n\u00eb lagjen \u201c11 Janari\u201d. Policia b\u00ebn me dije se i plagosur ka mbetur shtetasi M.Rr 35-vje\u00e7, pas nj\u00eb konflikti me arm\u00eb zjarri. \u201cPas nj\u00eb konflikti t\u00eb \u00e7astit, \u00ebsht\u00eb plagosur n\u00eb k\u00ebmb\u00eb me arm\u00eb zjarri shtetasi me inicialet M. [&hellip;]<\/p>\n","protected":false,"gt_translate_keys":[{"key":"rendered","format":"html"}]},"author":32,"featured_media":357238,"comment_status":"open","ping_status":"open","sticky":false,"template":"","format":"standard","meta":{"footnotes":""},"categories":[65,13],"tags":[],"class_list":["post-359860","post","type-post","status-publish","format-standard","has-post-thumbnail","hentry","category-lajme","category-te-fundit"],"gt_translate_keys":[{"key":"link","format":"url"}],"_links":{"self":[{"href":"https:\/\/www.hashtag.al\/index.php\/wp-json\/wp\/v2\/posts\/359860","targetHints":{"allow":["GET"]}}],"collection":[{"href":"https:\/\/www.hashtag.al\/index.php\/wp-json\/wp\/v2\/posts"}],"about":[{"href":"https:\/\/www.hashtag.al\/index.php\/wp-json\/wp\/v2\/types\/post"}],"author":[{"embeddable":true,"href":"https:\/\/www.hashtag.al\/index.php\/wp-json\/wp\/v2\/users\/32"}],"replies":[{"embeddable":true,"href":"https:\/\/www.hashtag.al\/index.php\/wp-json\/wp\/v2\/comments?post=359860"}],"version-history":[{"count":0,"href":"https:\/\/www.hashtag.al\/index.php\/wp-json\/wp\/v2\/posts\/359860\/revisions"}],"wp:featuredmedia":[{"embeddable":true,"href":"https:\/\/www.hashtag.al\/index.php\/wp-json\/wp\/v2\/media\/357238"}],"wp:attachment":[{"href":"https:\/\/www.hashtag.al\/index.php\/wp-json\/wp\/v2\/media?parent=359860"}],"wp:term":[{"taxonomy":"category","embeddable":true,"href":"https:\/\/www.hashtag.al\/index.php\/wp-json\/wp\/v2\/categories?post=359860"},{"taxonomy":"post_tag","embeddable":true,"href":"https:\/\/www.hashtag.al\/index.php\/wp-json\/wp\/v2\/tags?post=359860"}],"curies":[{"name":"wp","href":"https:\/\/api.w.org\/{rel}","templated":true}]}}