{"id":359337,"date":"2020-03-10T07:48:09","date_gmt":"2020-03-10T06:48:09","guid":{"rendered":"https:\/\/hashtag.al\/?p=359337"},"modified":"2020-03-10T07:48:59","modified_gmt":"2020-03-10T06:48:59","slug":"gati-8-mije-te-infektuar-nga-koronavirusi-ne-itali-numri-i-viktimave-rritet-ne-463","status":"publish","type":"post","link":"https:\/\/www.hashtag.al\/index.php\/2020\/03\/10\/gati-8-mije-te-infektuar-nga-koronavirusi-ne-itali-numri-i-viktimave-rritet-ne-463\/","title":{"rendered":"Gati 8 mij\u00eb t\u00eb infektuar nga koronavirusi n\u00eb Itali, numri i viktimave rritet n\u00eb 463","gt_translate_keys":[{"key":"rendered","format":"text"}]},"content":{"rendered":"<p><a href=\"https:\/\/hashtag.al\/wp-content\/uploads\/2020\/03\/borrelli.jpg\"><img loading=\"lazy\" decoding=\"async\" class=\"aligncenter size-full wp-image-359338\" src=\"https:\/\/hashtag.al\/wp-content\/uploads\/2020\/03\/borrelli.jpg\" alt=\"\" width=\"777\" height=\"437\" srcset=\"https:\/\/www.hashtag.al\/wp-content\/uploads\/2020\/03\/borrelli.jpg 777w, https:\/\/www.hashtag.al\/wp-content\/uploads\/2020\/03\/borrelli-300x169.jpg 300w, https:\/\/www.hashtag.al\/wp-content\/uploads\/2020\/03\/borrelli-768x432.jpg 768w\" sizes=\"auto, (max-width: 777px) 100vw, 777px\" \/><\/a><\/p>\n<p><span style=\"color: #000000;\">Numri i pacient\u00ebve me koronavirus n\u00eb Itali ka shkuar n\u00eb 7,985, me nj\u00eb rritje prej 1.598 personash n\u00eb krahasim me nj\u00eb dit\u00eb m\u00eb par\u00eb.<\/span><\/p>\n<p><span style=\"color: #000000;\">T\u00eb dh\u00ebnat e reja u publikuan nga komisioneri Angelo Borrelli n\u00eb konferenc\u00ebn p\u00ebr shtyp p\u00ebr Mbrojtjen Civile, shkruan <span style=\"color: #0000ff;\"><a style=\"color: #0000ff;\" href=\"http:\/\/www.rainews.it\/dl\/rainews\/articoli\/coronavirus-contagiati-morti-guariti-borrelli-8fd8952d-ffa8-4205-b56e-01cb078d47ee.html?refresh_ce\">Rai News<\/a><\/span>.<\/span><\/p>\n<p><span style=\"color: #000000;\">K\u00ebshtu, rastet totale rriten n\u00eb 9.172 n\u00ebse shtojm\u00eb dhe numrin e atyre q\u00eb jan\u00eb sh\u00ebruar. Nga k\u00ebto, 7,985 jan\u00eb aktualisht pozitiv\u00eb nd\u00ebrsa 724 sh\u00ebruar (Pra m\u00eb shum\u00eb se 102 p\u00ebr nj\u00eb dit\u00eb).<\/span><\/p>\n<p><span style=\"color: #000000;\">Nd\u00ebrsa numri i viktimave ka shkuar n\u00eb 463 viktima (duke u rritur me 97 p\u00ebr nj\u00eb dit\u00eb).<\/span><\/p>\n<p><span style=\"color: #000000;\">Borrelli tha se nga t\u00eb gjith\u00eb t\u00eb infektuarit, 4,316 pacient\u00eb jan\u00eb n\u00eb spital me simptoma, 733 jan\u00eb n\u00eb kujdes intensiv dhe 2.936 jan\u00eb n\u00eb izolim n\u00eb sht\u00ebpi. Borreli vijoi t\u00eb jepte m\u00eb me detaje t\u00eb dh\u00ebnat, se sa pacient\u00eb ka n\u00eb secil\u00ebn zon\u00eb , duke dh\u00ebn\u00eb numrin e t\u00eb sh\u00ebruarve dhe t\u00eb ndjer\u00ebve gjithashtu.<\/span><\/p>\n<p><strong>RASTET:<\/strong><\/p>\n<p><span style=\"color: #000000;\">Lombardi &#8211; 4,490 raste pozitive (me 646 t\u00eb sh\u00ebruar dhe 333 t\u00eb ndjer\u00eb),<\/span><\/p>\n<p><span style=\"color: #000000;\">Emilia-Romagna &#8211; 1.286 raste (me 30 sh\u00ebruar dhe 70 t\u00eb ndjer\u00eb),<\/span><\/p>\n<p><span style=\"color: #000000;\">Veneto- \u00a0694 raste (30 sh\u00ebruar 20 t\u00eb ndjer\u00eb),<\/span><\/p>\n<p><span style=\"color: #000000;\">Piemonte &#8211; 337 raste (13 t\u00eb ndjer\u00eb ),<\/span><\/p>\n<p><span style=\"color: #000000;\">Marche- \u00a0313 raste (10 t\u00eb ndjer\u00eb),<\/span><\/p>\n<p><span style=\"color: #000000;\">Toscana &#8211; 206 raste (nj\u00eb i sh\u00ebruar dhe nj\u00eb i ndjer\u00eb),<\/span><\/p>\n<p><span style=\"color: #000000;\">Lazio &#8211; 94 raste (3 sh\u00ebruar dhe 5 t\u00eb ndjer\u00eb),<\/span><\/p>\n<p><span style=\"color: #000000;\">Campania &#8211; 119 raste (1 i sh\u00ebruar),<\/span><\/p>\n<p><span style=\"color: #000000;\">Liguria &#8211; 97 raste (5 sh\u00ebruar dhe 7 t\u00eb ndjer\u00eb)<\/span><\/p>\n<p><span style=\"color: #000000;\">Friuli Venezia Giulia &#8211; \u00a089 raste (3 t\u00eb sh\u00ebruar dhe 1 t\u00eb ndjer\u00eb),<\/span><\/p>\n<p><span style=\"color: #000000;\">Si\u00e7ili &#8211; 52 raste (me 2 sh\u00ebruar),<\/span><\/p>\n<p><span style=\"color: #000000;\">Puglia &#8211; \u00a046 raste,<\/span><\/p>\n<p><span style=\"color: #000000;\">Trento- \u00a033 raste,<\/span><\/p>\n<p><span style=\"color: #000000;\">Abruzzo &#8211; 30 raste,<\/span><\/p>\n<p><span style=\"color: #000000;\">Umbria &#8211; 28 raste (me nj\u00eb sh\u00ebruar dhe 3 viktima),<\/span><\/p>\n<p><span style=\"color: #000000;\">Molise &#8211; 14 raste,<\/span><\/p>\n<p><span style=\"color: #000000;\">Sardenj\u00eb &#8211; 19 raste,<\/span><\/p>\n<p><span style=\"color: #000000;\">Valle d&#8217;Aosta &#8211; 15 raste,<\/span><\/p>\n<p><span style=\"color: #000000;\">Calabria &#8211; 9 raste (me 2 sh\u00ebruar),<\/span><\/p>\n<p><span style=\"color: #000000;\">Bolzano &#8211; 9 raste<\/span><\/p>\n<p><span style=\"color: #000000;\">Basilicata &#8211; 5 raste.<\/span><\/p>\n<p>&nbsp;<\/p>\n","protected":false,"gt_translate_keys":[{"key":"rendered","format":"html"}]},"excerpt":{"rendered":"<p>Numri i pacient\u00ebve me koronavirus n\u00eb Itali ka shkuar n\u00eb 7,985, me nj\u00eb rritje prej 1.598 personash n\u00eb krahasim me nj\u00eb dit\u00eb m\u00eb par\u00eb. T\u00eb dh\u00ebnat e reja u publikuan nga komisioneri Angelo Borrelli n\u00eb konferenc\u00ebn p\u00ebr shtyp p\u00ebr Mbrojtjen Civile, shkruan Rai News. K\u00ebshtu, rastet totale rriten n\u00eb 9.172 n\u00ebse shtojm\u00eb dhe numrin e [&hellip;]<\/p>\n","protected":false,"gt_translate_keys":[{"key":"rendered","format":"html"}]},"author":30,"featured_media":359338,"comment_status":"open","ping_status":"open","sticky":false,"template":"","format":"standard","meta":{"footnotes":""},"categories":[6,13],"tags":[],"class_list":["post-359337","post","type-post","status-publish","format-standard","has-post-thumbnail","hentry","category-nderkombetare","category-te-fundit"],"gt_translate_keys":[{"key":"link","format":"url"}],"_links":{"self":[{"href":"https:\/\/www.hashtag.al\/index.php\/wp-json\/wp\/v2\/posts\/359337","targetHints":{"allow":["GET"]}}],"collection":[{"href":"https:\/\/www.hashtag.al\/index.php\/wp-json\/wp\/v2\/posts"}],"about":[{"href":"https:\/\/www.hashtag.al\/index.php\/wp-json\/wp\/v2\/types\/post"}],"author":[{"embeddable":true,"href":"https:\/\/www.hashtag.al\/index.php\/wp-json\/wp\/v2\/users\/30"}],"replies":[{"embeddable":true,"href":"https:\/\/www.hashtag.al\/index.php\/wp-json\/wp\/v2\/comments?post=359337"}],"version-history":[{"count":0,"href":"https:\/\/www.hashtag.al\/index.php\/wp-json\/wp\/v2\/posts\/359337\/revisions"}],"wp:featuredmedia":[{"embeddable":true,"href":"https:\/\/www.hashtag.al\/index.php\/wp-json\/wp\/v2\/media\/359338"}],"wp:attachment":[{"href":"https:\/\/www.hashtag.al\/index.php\/wp-json\/wp\/v2\/media?parent=359337"}],"wp:term":[{"taxonomy":"category","embeddable":true,"href":"https:\/\/www.hashtag.al\/index.php\/wp-json\/wp\/v2\/categories?post=359337"},{"taxonomy":"post_tag","embeddable":true,"href":"https:\/\/www.hashtag.al\/index.php\/wp-json\/wp\/v2\/tags?post=359337"}],"curies":[{"name":"wp","href":"https:\/\/api.w.org\/{rel}","templated":true}]}}