{"id":359301,"date":"2020-03-09T20:52:49","date_gmt":"2020-03-09T19:52:49","guid":{"rendered":"https:\/\/hashtag.al\/?p=359301"},"modified":"2020-03-09T20:52:49","modified_gmt":"2020-03-09T19:52:49","slug":"presidenca-ngre-task-forcen-e-saj-per-koronavirusin","status":"publish","type":"post","link":"https:\/\/www.hashtag.al\/index.php\/2020\/03\/09\/presidenca-ngre-task-forcen-e-saj-per-koronavirusin\/","title":{"rendered":"Presidenca ngre Task Forc\u00ebn e saj p\u00ebr koronavirusin","gt_translate_keys":[{"key":"rendered","format":"text"}]},"content":{"rendered":"<p><img loading=\"lazy\" decoding=\"async\" class=\"aligncenter size-full wp-image-357274\" src=\"https:\/\/hashtag.al\/wp-content\/uploads\/2020\/03\/metablushipresidenca-1.jpg\" alt=\"\" width=\"696\" height=\"464\" srcset=\"https:\/\/www.hashtag.al\/wp-content\/uploads\/2020\/03\/metablushipresidenca-1.jpg 696w, https:\/\/www.hashtag.al\/wp-content\/uploads\/2020\/03\/metablushipresidenca-1-300x200.jpg 300w\" sizes=\"auto, (max-width: 696px) 100vw, 696px\" \/><\/p>\n<p><span style=\"color: #000000;\">Z\u00ebdh\u00ebn\u00ebsi i Kreut t\u00eb Shtetit, Tedi Blushi ka b\u00ebr\u00eb me dije se n\u00eb Presidenc\u00eb \u00ebsht\u00eb ngritur Task Forca p\u00ebr situat\u00ebn e koronavirus.<\/span><\/p>\n<p><span style=\"color: #000000;\">N\u00eb krye t\u00eb k\u00ebsaj Task Force do jet\u00eb K\u00ebshilltari p\u00ebr Sigurin\u00eb Komb\u00ebtare Bahri Shaqiri.<\/span><\/p>\n<p><span style=\"color: #000000;\">Q\u00ebllimi i task forc\u00ebs \u00ebsht\u00eb bashk\u00ebrendimi me t\u00eb gjitha strukturat shtet\u00ebrore, monitorimi n\u00eb tere, nxitja dhe marrja e t\u00eb gjitha masave institucionale p\u00ebr p\u00ebrballimin e koronavirusit.<\/span><\/p>\n<p><span style=\"color: #000000;\"><strong>Njoftimi i plot\u00eb:<\/strong><\/span><\/p>\n<p><span style=\"color: #000000;\">N\u00eb kuad\u00ebr t\u00eb p\u00ebrballimit dhe tejkalimit me pasoja sa m\u00eb t\u00eb lehta t\u00eb pandemis\u00eb s\u00eb koronavirusit q\u00eb ka prekur vendin ton\u00eb, duke patur prioritet absolut sh\u00ebndetin e \u00e7do qytetari t\u00eb Republik\u00ebs s\u00eb Shqip\u00ebris\u00eb, n\u00eb institucionin e Presidentit t\u00eb Republik\u00ebs \u00ebsht\u00eb ngritur nj\u00eb Task Force, n\u00ebn drejtimin e K\u00ebshilltarit p\u00ebr Sigurin\u00eb Komb\u00ebtare z.Bahri Shaqiri, me q\u00ebllim:<\/span><\/p>\n<p><span style=\"color: #000000;\">\ud83d\udccc\u00a0Bashk\u00ebrendimin me t\u00eb gjitha strukturat shtet\u00ebrore;<\/span><br \/>\n<span style=\"color: #000000;\">\ud83d\udccc\u00a0Monitorimin n\u00eb terren, nxitjen dhe marrjen e t\u00eb gjith\u00eb masave institucionale p\u00ebr p\u00ebrballimin e k\u00ebsaj pandemie;<\/span><br \/>\n<span style=\"color: #000000;\">\ud83d\udccc\u00a0Aktivizimin dhe afrimin e t\u00eb gjitha mund\u00ebsive, kapaciteteve dhe forcave t\u00eb kualifikuara njer\u00ebzore dhe shkencore, shum\u00eb t\u00eb nevojshme.<\/span><\/p>\n<p><span style=\"color: #000000;\">Ftojm\u00eb t\u00eb gjith\u00eb qytetar\u00ebt t\u00eb cil\u00ebt kan\u00eb shqet\u00ebsime, nuk marrin trajtimin e duhur mjek\u00ebsor, nuk u kushtohet v\u00ebmendja e duhur dhe konstatojn\u00eb n\u00ebnvler\u00ebsime n\u00eb marrjen e masave t\u00eb domosdoshme, t\u00eb na kontaktoj\u00eb pa hezitim n\u00eb adres\u00ebn e email t\u00eb vendosur n\u00eb dispozicion:<\/span><\/p>\n<p><span style=\"color: #000000;\">\ud83d\udccc\u00a0taskforce@president.al<\/span><\/p>\n<p><span style=\"color: #000000;\">Si dhe n\u00eb dy numrat celular\u00eb:<\/span><\/p>\n<p><span style=\"color: #000000;\">\ud83d\udcf1+355693435861<\/span><br \/>\n<span style=\"color: #000000;\">\ud83d\udcf1+355693354269<\/span><\/p>\n<p><span style=\"color: #000000;\">T\u00eb gjith\u00eb t\u00eb tregojm\u00eb p\u00ebrgjegjshm\u00ebri dhe bashk\u00ebpunim maksimal!<\/span><\/p>\n<p><span style=\"color: #000000;\">S\u00cb BASHKU P\u00cbR T\u00cb MBROJTUR SH\u00cbNDETIN E \u00c7DO QYTETARI!\u00a0<\/span><\/p>\n<p>&nbsp;<\/p>\n","protected":false,"gt_translate_keys":[{"key":"rendered","format":"html"}]},"excerpt":{"rendered":"<p>Z\u00ebdh\u00ebn\u00ebsi i Kreut t\u00eb Shtetit, Tedi Blushi ka b\u00ebr\u00eb me dije se n\u00eb Presidenc\u00eb \u00ebsht\u00eb ngritur Task Forca p\u00ebr situat\u00ebn e koronavirus. N\u00eb krye t\u00eb k\u00ebsaj Task Force do jet\u00eb K\u00ebshilltari p\u00ebr Sigurin\u00eb Komb\u00ebtare Bahri Shaqiri. Q\u00ebllimi i task forc\u00ebs \u00ebsht\u00eb bashk\u00ebrendimi me t\u00eb gjitha strukturat shtet\u00ebrore, monitorimi n\u00eb tere, nxitja dhe marrja e t\u00eb [&hellip;]<\/p>\n","protected":false,"gt_translate_keys":[{"key":"rendered","format":"html"}]},"author":32,"featured_media":357274,"comment_status":"open","ping_status":"open","sticky":false,"template":"","format":"standard","meta":{"footnotes":""},"categories":[65,13],"tags":[],"class_list":["post-359301","post","type-post","status-publish","format-standard","has-post-thumbnail","hentry","category-lajme","category-te-fundit"],"gt_translate_keys":[{"key":"link","format":"url"}],"_links":{"self":[{"href":"https:\/\/www.hashtag.al\/index.php\/wp-json\/wp\/v2\/posts\/359301","targetHints":{"allow":["GET"]}}],"collection":[{"href":"https:\/\/www.hashtag.al\/index.php\/wp-json\/wp\/v2\/posts"}],"about":[{"href":"https:\/\/www.hashtag.al\/index.php\/wp-json\/wp\/v2\/types\/post"}],"author":[{"embeddable":true,"href":"https:\/\/www.hashtag.al\/index.php\/wp-json\/wp\/v2\/users\/32"}],"replies":[{"embeddable":true,"href":"https:\/\/www.hashtag.al\/index.php\/wp-json\/wp\/v2\/comments?post=359301"}],"version-history":[{"count":0,"href":"https:\/\/www.hashtag.al\/index.php\/wp-json\/wp\/v2\/posts\/359301\/revisions"}],"wp:featuredmedia":[{"embeddable":true,"href":"https:\/\/www.hashtag.al\/index.php\/wp-json\/wp\/v2\/media\/357274"}],"wp:attachment":[{"href":"https:\/\/www.hashtag.al\/index.php\/wp-json\/wp\/v2\/media?parent=359301"}],"wp:term":[{"taxonomy":"category","embeddable":true,"href":"https:\/\/www.hashtag.al\/index.php\/wp-json\/wp\/v2\/categories?post=359301"},{"taxonomy":"post_tag","embeddable":true,"href":"https:\/\/www.hashtag.al\/index.php\/wp-json\/wp\/v2\/tags?post=359301"}],"curies":[{"name":"wp","href":"https:\/\/api.w.org\/{rel}","templated":true}]}}