{"id":358772,"date":"2020-03-07T15:33:18","date_gmt":"2020-03-07T14:33:18","guid":{"rendered":"https:\/\/hashtag.al\/?p=358772"},"modified":"2020-03-07T15:32:24","modified_gmt":"2020-03-07T14:32:24","slug":"trajleri-ne-aksin-milot-rreshen-perplaset-me-mbrojtesen-anesore-bllokohet-njeri-krah-i-rruges","status":"publish","type":"post","link":"https:\/\/www.hashtag.al\/index.php\/2020\/03\/07\/trajleri-ne-aksin-milot-rreshen-perplaset-me-mbrojtesen-anesore-bllokohet-njeri-krah-i-rruges\/","title":{"rendered":"Trajleri n\u00eb aksin Milot-Rr\u00ebshen p\u00ebrplaset me mbrojt\u00ebsen an\u00ebsore, bllokohet nj\u00ebri krah i rrug\u00ebs","gt_translate_keys":[{"key":"rendered","format":"text"}]},"content":{"rendered":"<p><a href=\"https:\/\/hashtag.al\/wp-content\/uploads\/2020\/03\/trajler.png\"><img loading=\"lazy\" decoding=\"async\" class=\"aligncenter size-full wp-image-358773\" src=\"https:\/\/hashtag.al\/wp-content\/uploads\/2020\/03\/trajler.png\" alt=\"\" width=\"632\" height=\"346\" srcset=\"https:\/\/www.hashtag.al\/wp-content\/uploads\/2020\/03\/trajler.png 632w, https:\/\/www.hashtag.al\/wp-content\/uploads\/2020\/03\/trajler-300x164.png 300w\" sizes=\"auto, (max-width: 632px) 100vw, 632px\" \/><\/a><\/p>\n<p><span style=\"color: #000000;\">Nj\u00eb aksident ka ndodhur mesdit\u00ebn e sotme n\u00eb segmentin Milot-Rr\u00ebshen. M\u00ebsohet se nj\u00eb mjet i tonazhit t\u00eb r\u00ebnd\u00eb ka dal\u00eb nga rruga dhe \u00ebsht\u00eb p\u00ebrplasur me mbrojt\u00ebset an\u00ebsore.<\/span><\/p>\n<p><span style=\"color: #000000;\">Aksidenti ka ndodhur n\u00eb af\u00ebrsi t\u00eb Ur\u00ebs me Harqe. P\u00ebr fat t\u00eb mir\u00eb drejtuesi i trajlerit nuk ka mbetur i l\u00ebnduar, por mjeti i r\u00ebnd\u00eb ka bllokuar nj\u00ebrin krah t\u00eb l\u00ebvizjes.<\/span><\/p>\n<p><span style=\"color: #000000;\">Paraprakisht mendohet se shkak p\u00ebr humbjen e kontrollit \u00ebsht\u00eb b\u00ebr\u00eb lag\u00ebshtira n\u00eb rrug\u00eb dhe shpejt\u00ebsia e lart\u00eb.<\/span><\/p>\n","protected":false,"gt_translate_keys":[{"key":"rendered","format":"html"}]},"excerpt":{"rendered":"<p>Nj\u00eb aksident ka ndodhur mesdit\u00ebn e sotme n\u00eb segmentin Milot-Rr\u00ebshen. M\u00ebsohet se nj\u00eb mjet i tonazhit t\u00eb r\u00ebnd\u00eb ka dal\u00eb nga rruga dhe \u00ebsht\u00eb p\u00ebrplasur me mbrojt\u00ebset an\u00ebsore. Aksidenti ka ndodhur n\u00eb af\u00ebrsi t\u00eb Ur\u00ebs me Harqe. P\u00ebr fat t\u00eb mir\u00eb drejtuesi i trajlerit nuk ka mbetur i l\u00ebnduar, por mjeti i r\u00ebnd\u00eb ka bllokuar [&hellip;]<\/p>\n","protected":false,"gt_translate_keys":[{"key":"rendered","format":"html"}]},"author":30,"featured_media":358773,"comment_status":"open","ping_status":"open","sticky":false,"template":"","format":"standard","meta":{"footnotes":""},"categories":[65,13],"tags":[],"class_list":["post-358772","post","type-post","status-publish","format-standard","has-post-thumbnail","hentry","category-lajme","category-te-fundit"],"gt_translate_keys":[{"key":"link","format":"url"}],"_links":{"self":[{"href":"https:\/\/www.hashtag.al\/index.php\/wp-json\/wp\/v2\/posts\/358772","targetHints":{"allow":["GET"]}}],"collection":[{"href":"https:\/\/www.hashtag.al\/index.php\/wp-json\/wp\/v2\/posts"}],"about":[{"href":"https:\/\/www.hashtag.al\/index.php\/wp-json\/wp\/v2\/types\/post"}],"author":[{"embeddable":true,"href":"https:\/\/www.hashtag.al\/index.php\/wp-json\/wp\/v2\/users\/30"}],"replies":[{"embeddable":true,"href":"https:\/\/www.hashtag.al\/index.php\/wp-json\/wp\/v2\/comments?post=358772"}],"version-history":[{"count":0,"href":"https:\/\/www.hashtag.al\/index.php\/wp-json\/wp\/v2\/posts\/358772\/revisions"}],"wp:featuredmedia":[{"embeddable":true,"href":"https:\/\/www.hashtag.al\/index.php\/wp-json\/wp\/v2\/media\/358773"}],"wp:attachment":[{"href":"https:\/\/www.hashtag.al\/index.php\/wp-json\/wp\/v2\/media?parent=358772"}],"wp:term":[{"taxonomy":"category","embeddable":true,"href":"https:\/\/www.hashtag.al\/index.php\/wp-json\/wp\/v2\/categories?post=358772"},{"taxonomy":"post_tag","embeddable":true,"href":"https:\/\/www.hashtag.al\/index.php\/wp-json\/wp\/v2\/tags?post=358772"}],"curies":[{"name":"wp","href":"https:\/\/api.w.org\/{rel}","templated":true}]}}