{"id":358755,"date":"2020-03-07T14:17:11","date_gmt":"2020-03-07T13:17:11","guid":{"rendered":"https:\/\/hashtag.al\/?p=358755"},"modified":"2020-03-07T14:20:07","modified_gmt":"2020-03-07T13:20:07","slug":"turqia-i-ndalon-migrantet-te-kalojne-ne-greqi-nga-deti-eshte-me-rrezik","status":"publish","type":"post","link":"https:\/\/www.hashtag.al\/index.php\/2020\/03\/07\/turqia-i-ndalon-migrantet-te-kalojne-ne-greqi-nga-deti-eshte-me-rrezik\/","title":{"rendered":"Turqia i ndalon migrant\u00ebt t\u00eb kalojn\u00eb n\u00eb Greqi nga deti: \u00cbsht\u00eb me rrezik","gt_translate_keys":[{"key":"rendered","format":"text"}]},"content":{"rendered":"<p><a href=\"https:\/\/hashtag.al\/wp-content\/uploads\/2020\/03\/Turqia.jpg\"><img loading=\"lazy\" decoding=\"async\" class=\"aligncenter size-full wp-image-358756\" src=\"https:\/\/hashtag.al\/wp-content\/uploads\/2020\/03\/Turqia.jpg\" alt=\"\" width=\"698\" height=\"380\" srcset=\"https:\/\/www.hashtag.al\/wp-content\/uploads\/2020\/03\/Turqia.jpg 698w, https:\/\/www.hashtag.al\/wp-content\/uploads\/2020\/03\/Turqia-300x163.jpg 300w\" sizes=\"auto, (max-width: 698px) 100vw, 698px\" \/><\/a><\/p>\n<p><span style=\"color: #000000;\">Turqia nuk do t&#8217;i lejoj\u00eb m\u00eb migrant\u00ebt t\u00eb kalojn\u00eb detin Egje n\u00eb Greqi sepse kjo rrug\u00eb sipas rojeve bregdetare \u00ebsht\u00eb e pasigurt\u00eb. Urdhri i ri i presidentit Rexhep Tajip Erdogan vjen nj\u00eb jav\u00eb pasi ai tha se ai do <em>&#8220;hap\u00eb dyert&#8221;<\/em> p\u00ebr refugjat\u00ebt q\u00eb duan t\u00eb hyjn\u00eb n\u00eb Evrop\u00eb, mes tensioneve me Sirin\u00eb.<\/span><\/p>\n<p><span style=\"color: #000000;\">BE e akuzon Turqin\u00eb se po i p\u00ebrdor migrant\u00ebt p\u00ebr q\u00ebllime politike dhe k\u00ebmb\u00ebngul se dyert e saj jan\u00eb<em> &#8220;t\u00eb mbyllura&#8221;.<\/em><\/span><\/p>\n<p><span style=\"color: #000000;\">Nd\u00ebrkoh\u00eb p\u00ebrplasjet n\u00eb kufi mes emigrant\u00ebve dhe forcave kufitare greke vazhdojn\u00eb sipas <span style=\"color: #0000ff;\"><a style=\"color: #0000ff;\" href=\"https:\/\/www.bbc.com\/news\/world-europe-51781394\">BBC<\/a><\/span>-s\u00eb. Kjo sepse nuk ka pasur ndonj\u00eb ndryshim n\u00eb pozicionin e Turqis\u00eb n\u00eb lidhje me lejimin e migrant\u00ebve t\u00eb p\u00ebrpiqen t\u00eb hyjn\u00eb n\u00eb Greqi p\u00ebrmes kufirit tok\u00ebsor.<\/span><\/p>\n<p><span style=\"color: #000000;\">Gjat\u00eb p\u00ebrplasjes s\u00eb dit\u00ebs s\u00eb sotme, autoritetet greke sulmuan me gaz lotsjell\u00ebs nd\u00ebrkoh\u00eb q\u00eb emigrant\u00ebt i jan\u00eb kthyer me gur\u00eb.<\/span><\/p>\n<p><span style=\"color: #000000;\">Por Greqia ka akuzuar policin\u00eb turke se ata kan\u00eb hedhur q\u00ebllimisht gaz lotsjell\u00ebs drejt efektiv\u00ebve grek\u00eb.<\/span><\/p>\n<p>&nbsp;<\/p>\n","protected":false,"gt_translate_keys":[{"key":"rendered","format":"html"}]},"excerpt":{"rendered":"<p>Turqia nuk do t&#8217;i lejoj\u00eb m\u00eb migrant\u00ebt t\u00eb kalojn\u00eb detin Egje n\u00eb Greqi sepse kjo rrug\u00eb sipas rojeve bregdetare \u00ebsht\u00eb e pasigurt\u00eb. Urdhri i ri i presidentit Rexhep Tajip Erdogan vjen nj\u00eb jav\u00eb pasi ai tha se ai do &#8220;hap\u00eb dyert&#8221; p\u00ebr refugjat\u00ebt q\u00eb duan t\u00eb hyjn\u00eb n\u00eb Evrop\u00eb, mes tensioneve me Sirin\u00eb. BE e [&hellip;]<\/p>\n","protected":false,"gt_translate_keys":[{"key":"rendered","format":"html"}]},"author":30,"featured_media":358756,"comment_status":"open","ping_status":"open","sticky":false,"template":"","format":"standard","meta":{"footnotes":""},"categories":[6],"tags":[],"class_list":["post-358755","post","type-post","status-publish","format-standard","has-post-thumbnail","hentry","category-nderkombetare"],"gt_translate_keys":[{"key":"link","format":"url"}],"_links":{"self":[{"href":"https:\/\/www.hashtag.al\/index.php\/wp-json\/wp\/v2\/posts\/358755","targetHints":{"allow":["GET"]}}],"collection":[{"href":"https:\/\/www.hashtag.al\/index.php\/wp-json\/wp\/v2\/posts"}],"about":[{"href":"https:\/\/www.hashtag.al\/index.php\/wp-json\/wp\/v2\/types\/post"}],"author":[{"embeddable":true,"href":"https:\/\/www.hashtag.al\/index.php\/wp-json\/wp\/v2\/users\/30"}],"replies":[{"embeddable":true,"href":"https:\/\/www.hashtag.al\/index.php\/wp-json\/wp\/v2\/comments?post=358755"}],"version-history":[{"count":0,"href":"https:\/\/www.hashtag.al\/index.php\/wp-json\/wp\/v2\/posts\/358755\/revisions"}],"wp:featuredmedia":[{"embeddable":true,"href":"https:\/\/www.hashtag.al\/index.php\/wp-json\/wp\/v2\/media\/358756"}],"wp:attachment":[{"href":"https:\/\/www.hashtag.al\/index.php\/wp-json\/wp\/v2\/media?parent=358755"}],"wp:term":[{"taxonomy":"category","embeddable":true,"href":"https:\/\/www.hashtag.al\/index.php\/wp-json\/wp\/v2\/categories?post=358755"},{"taxonomy":"post_tag","embeddable":true,"href":"https:\/\/www.hashtag.al\/index.php\/wp-json\/wp\/v2\/tags?post=358755"}],"curies":[{"name":"wp","href":"https:\/\/api.w.org\/{rel}","templated":true}]}}