{"id":358723,"date":"2020-03-07T12:19:24","date_gmt":"2020-03-07T11:19:24","guid":{"rendered":"https:\/\/hashtag.al\/?p=358723"},"modified":"2020-03-07T12:19:24","modified_gmt":"2020-03-07T11:19:24","slug":"shijaku-do-rindertohet-nga-e-para-do-shnderrohet-ne-destinacion-turistik-edi-rama","status":"publish","type":"post","link":"https:\/\/www.hashtag.al\/index.php\/2020\/03\/07\/shijaku-do-rindertohet-nga-e-para-do-shnderrohet-ne-destinacion-turistik-edi-rama\/","title":{"rendered":"&#8220;Shijaku do rind\u00ebrtohet nga e para, do shnd\u00ebrrohet n\u00eb destinacion turistik&#8221;- Edi Rama","gt_translate_keys":[{"key":"rendered","format":"text"}]},"content":{"rendered":"<p><a href=\"https:\/\/hashtag.al\/wp-content\/uploads\/2020\/03\/rama-1.jpg\"><img loading=\"lazy\" decoding=\"async\" class=\"aligncenter size-full wp-image-358724\" src=\"https:\/\/hashtag.al\/wp-content\/uploads\/2020\/03\/rama-1.jpg\" alt=\"\" width=\"918\" height=\"506\" srcset=\"https:\/\/www.hashtag.al\/wp-content\/uploads\/2020\/03\/rama-1.jpg 918w, https:\/\/www.hashtag.al\/wp-content\/uploads\/2020\/03\/rama-1-300x165.jpg 300w, https:\/\/www.hashtag.al\/wp-content\/uploads\/2020\/03\/rama-1-768x423.jpg 768w\" sizes=\"auto, (max-width: 918px) 100vw, 918px\" \/><\/a><\/p>\n<p><span style=\"color: #000000;\">Kryeministri Edi Rama ndodhet sot n\u00eb Shijak ku ka takuar banor\u00ebt e prekur nga t\u00ebrmeti i 26 n\u00ebntorit, t\u00eb cil\u00ebve iu d\u00ebmtuan banesat.<\/span><\/p>\n<p><span style=\"color: #000000;\">Rama deklaroi se ky qytet do t\u00eb rind\u00ebrtohet nga e para e madje do t\u00eb kthehet edhe n\u00eb nj\u00eb destinacion turistik.<\/span><\/p>\n<p><span style=\"color: #000000;\"><em>&#8220;N\u00ebse me rilindjen urbane Shijaku mori nj\u00eb pamje tjet\u00ebr dhe u b\u00eb shum\u00eb m\u00eb i p\u00eblqyesh\u00ebm me nd\u00ebrhyrjen ton\u00eb. Rind\u00ebrtimi do ta b\u00ebj\u00eb Shijaku nj\u00eb destinacion shum\u00eb t\u00eb vizituar dhe pjes\u00eb t\u00eb sezonit turistik, p\u00ebr n\u00eb arsye shum\u00eb t\u00eb thjesht\u00eb sepse do t\u00eb jet\u00eb nj\u00eb qytet komplet tjet\u00ebr. N\u00eb Shijak 90 % e pallateve ekzistuese do t\u00eb nd\u00ebrtohen nga e para. Edhe mjediset e tyre tregtare, kafe bare, pikat e tjera t\u00eb sh\u00ebrbimeve, do t\u00eb jen\u00eb n\u00eb nj\u00eb kualitet tjet\u00ebr. Shum\u00eb turist\u00eb do t\u00eb preferojn\u00eb t\u00eb vijn\u00eb k\u00ebtu padite apo p\u00ebr nj\u00eb dark\u00eb. Kjo mund t\u00eb duket si nj\u00eb p\u00ebrrall\u00eb, por k\u00ebto jan\u00eb nga ato \u00ebndrrat q\u00eb un\u00eb si shoh me sy hapur, por q\u00eb i realizoj pastaj. Shijaku do t\u00eb jet\u00eb kantieri m\u00eb i madh i rind\u00ebrtimit. T\u00eb gjitha pallatet \u00a0do t\u00eb ikin nga syt\u00eb, nuk do ta njihni qytetin tuaj. Nuk ka lidhje me zgjedhje me vota, k\u00ebto fjal\u00eb duhet t\u00eb v\u00ebrtetohen deri para zgjedhjeve.&#8221;-<\/em> deklaroi Rama.<\/span><\/p>\n<p>&nbsp;<\/p>\n","protected":false,"gt_translate_keys":[{"key":"rendered","format":"html"}]},"excerpt":{"rendered":"<p>Kryeministri Edi Rama ndodhet sot n\u00eb Shijak ku ka takuar banor\u00ebt e prekur nga t\u00ebrmeti i 26 n\u00ebntorit, t\u00eb cil\u00ebve iu d\u00ebmtuan banesat. Rama deklaroi se ky qytet do t\u00eb rind\u00ebrtohet nga e para e madje do t\u00eb kthehet edhe n\u00eb nj\u00eb destinacion turistik. &#8220;N\u00ebse me rilindjen urbane Shijaku mori nj\u00eb pamje tjet\u00ebr dhe u [&hellip;]<\/p>\n","protected":false,"gt_translate_keys":[{"key":"rendered","format":"html"}]},"author":30,"featured_media":358724,"comment_status":"open","ping_status":"open","sticky":false,"template":"","format":"standard","meta":{"footnotes":""},"categories":[65,13],"tags":[],"class_list":["post-358723","post","type-post","status-publish","format-standard","has-post-thumbnail","hentry","category-lajme","category-te-fundit"],"gt_translate_keys":[{"key":"link","format":"url"}],"_links":{"self":[{"href":"https:\/\/www.hashtag.al\/index.php\/wp-json\/wp\/v2\/posts\/358723","targetHints":{"allow":["GET"]}}],"collection":[{"href":"https:\/\/www.hashtag.al\/index.php\/wp-json\/wp\/v2\/posts"}],"about":[{"href":"https:\/\/www.hashtag.al\/index.php\/wp-json\/wp\/v2\/types\/post"}],"author":[{"embeddable":true,"href":"https:\/\/www.hashtag.al\/index.php\/wp-json\/wp\/v2\/users\/30"}],"replies":[{"embeddable":true,"href":"https:\/\/www.hashtag.al\/index.php\/wp-json\/wp\/v2\/comments?post=358723"}],"version-history":[{"count":0,"href":"https:\/\/www.hashtag.al\/index.php\/wp-json\/wp\/v2\/posts\/358723\/revisions"}],"wp:featuredmedia":[{"embeddable":true,"href":"https:\/\/www.hashtag.al\/index.php\/wp-json\/wp\/v2\/media\/358724"}],"wp:attachment":[{"href":"https:\/\/www.hashtag.al\/index.php\/wp-json\/wp\/v2\/media?parent=358723"}],"wp:term":[{"taxonomy":"category","embeddable":true,"href":"https:\/\/www.hashtag.al\/index.php\/wp-json\/wp\/v2\/categories?post=358723"},{"taxonomy":"post_tag","embeddable":true,"href":"https:\/\/www.hashtag.al\/index.php\/wp-json\/wp\/v2\/tags?post=358723"}],"curies":[{"name":"wp","href":"https:\/\/api.w.org\/{rel}","templated":true}]}}