{"id":358682,"date":"2020-03-07T10:00:53","date_gmt":"2020-03-07T09:00:53","guid":{"rendered":"https:\/\/hashtag.al\/?p=358682"},"modified":"2020-03-07T11:07:50","modified_gmt":"2020-03-07T10:07:50","slug":"i-vdiq-shoku-ne-makine-pas-aksidentit-30-vjecari-genjen-policine-duke-ia-hedhur-fajin-viktimes","status":"publish","type":"post","link":"https:\/\/www.hashtag.al\/index.php\/2020\/03\/07\/i-vdiq-shoku-ne-makine-pas-aksidentit-30-vjecari-genjen-policine-duke-ia-hedhur-fajin-viktimes\/","title":{"rendered":"I vdiq shoku n\u00eb makin\u00eb pas aksidentit, 30-vje\u00e7ari g\u00ebnjen policin\u00eb duke ia hedhur fajin viktim\u00ebs","gt_translate_keys":[{"key":"rendered","format":"text"}]},"content":{"rendered":"<p><a href=\"https:\/\/hashtag.al\/wp-content\/uploads\/2019\/09\/aksidentnaten.jpg\"><img loading=\"lazy\" decoding=\"async\" class=\"aligncenter size-full wp-image-319334\" src=\"https:\/\/hashtag.al\/wp-content\/uploads\/2019\/09\/aksidentnaten.jpg\" alt=\"\" width=\"830\" height=\"530\" srcset=\"https:\/\/www.hashtag.al\/wp-content\/uploads\/2019\/09\/aksidentnaten.jpg 830w, https:\/\/www.hashtag.al\/wp-content\/uploads\/2019\/09\/aksidentnaten-300x192.jpg 300w, https:\/\/www.hashtag.al\/wp-content\/uploads\/2019\/09\/aksidentnaten-768x490.jpg 768w\" sizes=\"auto, (max-width: 830px) 100vw, 830px\" \/><\/a><\/p>\n<p><span style=\"color: #000000;\">Nj\u00eb aksident i r\u00ebnd\u00eb ka ndodhur mesnat\u00ebn e kaluar n\u00eb af\u00ebrsi t\u00eb Laprak\u00ebs n\u00eb Tiran\u00eb, ku nj\u00eb person ka humbur jet\u00ebn. Sipas policis\u00eb, shtetasi me inicialet A.\u00c7., 30 vje\u00e7, ka qen\u00eb duke drejtuar n\u00eb gjendje t\u00eb dehur mjetin rreth or\u00ebs 23:50, n\u00eb rrug\u00ebn \u201cDritan Hoxha\u201d dhe \u00ebsht\u00eb p\u00ebrplasur me nj\u00eb tjet\u00ebr automjet.<\/span><\/p>\n<p><span style=\"color: #000000;\">Si pasoj\u00eb e aksidentit, ka humbur jet\u00ebn shtetasi me inicialet F.A., i cili ishte pasagjer n\u00eb mjetin e par\u00eb.<\/span><\/p>\n<p><span style=\"color: #000000;\">30- vje\u00e7ari akuzohet nga policia se ka dh\u00ebn\u00eb deklarim t\u00eb rrem\u00eb gjat\u00eb marrjes n\u00eb pyetje, duke th\u00ebn\u00eb se drejtues i makin\u00ebs ishte shoku i tij q\u00eb ka nd\u00ebrruar jet\u00eb.<\/span><\/p>\n<p><em><span style=\"color: #000000;\">&#8220;Nga Sh\u00ebrbimet e Policis\u00eb Rrugore u b\u00eb arrestimi n\u00eb flagranc\u00eb i shtetasit A.\u00c7., 30 vje\u00e7, sepse m\u00eb dat\u00eb 06.03.2020, rreth or\u00ebs 23:50, n\u00eb rrug\u00ebn \u201cDritan Hoxha\u201d, duke drejtuar n\u00eb gjendje t\u00eb dehur mjetin \u00ebsht\u00eb p\u00ebrplasur me nj\u00eb mjet me drejtues shtetasin A.S.<\/span><\/em><\/p>\n<p><em><span style=\"color: #000000;\">Si pasoj\u00eb e p\u00ebrplasjes ka nd\u00ebrruar jet\u00eb shtetasi F.A., pasagjer n\u00eb mjetin me drejtues shtetasin\u00a0 A.\u00c7.<\/span><\/em><\/p>\n<p><em><span style=\"color: #000000;\">Ky shtetas gjat\u00eb marrjes n\u00eb pyetje ka dh\u00ebn\u00eb deklarim t\u00eb rrem\u00eb p\u00ebrpara oficerit t\u00eb policis\u00eb gjyq\u00ebsore duke th\u00ebn\u00eb se drejtues mjeti ka q\u00ebn\u00eb shtetasi F.A.<\/span><\/em><\/p>\n<p><span style=\"color: #000000;\"><em>Materialet u referuan pran\u00eb Prokuroris\u00eb s\u00eb Rrethit Gjyq\u00ebsor Tiran\u00eb p\u00ebr veprat penale \u201cShkelja e rregullave t\u00eb qarkullimit rrugor\u201c,\u00a0 \u201cDeklarim i rrem\u00eb para oficerit t\u00eb policis\u00eb Gjyqesor\u00eb \u201d dhe \u201cDrejtimi i automjeteve n\u00eb m\u00ebnyr\u00eb t\u00eb parregullt\u201d.&#8221;<\/em>&#8211; thuhet n\u00eb njoftimin e policis\u00eb.<\/span><\/p>\n<p><iframe loading=\"lazy\" title=\"Shoferi i dehur tentoi t\u2019i hidhte fajin viktim\u00ebs, shihni pamjet nga aksidenti i friksh\u00ebm n\u00eb Tiran\u00eb\" width=\"1170\" height=\"658\" src=\"https:\/\/www.youtube.com\/embed\/EfrU9koN6lw?feature=oembed\" frameborder=\"0\" allow=\"accelerometer; autoplay; clipboard-write; encrypted-media; gyroscope; picture-in-picture\" allowfullscreen><\/iframe><\/p>\n<p>&nbsp;<\/p>\n","protected":false,"gt_translate_keys":[{"key":"rendered","format":"html"}]},"excerpt":{"rendered":"<p>Nj\u00eb aksident i r\u00ebnd\u00eb ka ndodhur mesnat\u00ebn e kaluar n\u00eb af\u00ebrsi t\u00eb Laprak\u00ebs n\u00eb Tiran\u00eb, ku nj\u00eb person ka humbur jet\u00ebn. Sipas policis\u00eb, shtetasi me inicialet A.\u00c7., 30 vje\u00e7, ka qen\u00eb duke drejtuar n\u00eb gjendje t\u00eb dehur mjetin rreth or\u00ebs 23:50, n\u00eb rrug\u00ebn \u201cDritan Hoxha\u201d dhe \u00ebsht\u00eb p\u00ebrplasur me nj\u00eb tjet\u00ebr automjet. Si pasoj\u00eb e [&hellip;]<\/p>\n","protected":false,"gt_translate_keys":[{"key":"rendered","format":"html"}]},"author":30,"featured_media":319334,"comment_status":"open","ping_status":"open","sticky":false,"template":"","format":"standard","meta":{"footnotes":""},"categories":[65,13],"tags":[],"class_list":["post-358682","post","type-post","status-publish","format-standard","has-post-thumbnail","hentry","category-lajme","category-te-fundit"],"gt_translate_keys":[{"key":"link","format":"url"}],"_links":{"self":[{"href":"https:\/\/www.hashtag.al\/index.php\/wp-json\/wp\/v2\/posts\/358682","targetHints":{"allow":["GET"]}}],"collection":[{"href":"https:\/\/www.hashtag.al\/index.php\/wp-json\/wp\/v2\/posts"}],"about":[{"href":"https:\/\/www.hashtag.al\/index.php\/wp-json\/wp\/v2\/types\/post"}],"author":[{"embeddable":true,"href":"https:\/\/www.hashtag.al\/index.php\/wp-json\/wp\/v2\/users\/30"}],"replies":[{"embeddable":true,"href":"https:\/\/www.hashtag.al\/index.php\/wp-json\/wp\/v2\/comments?post=358682"}],"version-history":[{"count":0,"href":"https:\/\/www.hashtag.al\/index.php\/wp-json\/wp\/v2\/posts\/358682\/revisions"}],"wp:featuredmedia":[{"embeddable":true,"href":"https:\/\/www.hashtag.al\/index.php\/wp-json\/wp\/v2\/media\/319334"}],"wp:attachment":[{"href":"https:\/\/www.hashtag.al\/index.php\/wp-json\/wp\/v2\/media?parent=358682"}],"wp:term":[{"taxonomy":"category","embeddable":true,"href":"https:\/\/www.hashtag.al\/index.php\/wp-json\/wp\/v2\/categories?post=358682"},{"taxonomy":"post_tag","embeddable":true,"href":"https:\/\/www.hashtag.al\/index.php\/wp-json\/wp\/v2\/tags?post=358682"}],"curies":[{"name":"wp","href":"https:\/\/api.w.org\/{rel}","templated":true}]}}