{"id":358554,"date":"2020-03-06T14:02:09","date_gmt":"2020-03-06T13:02:09","guid":{"rendered":"https:\/\/hashtag.al\/?p=358554"},"modified":"2020-03-06T14:03:34","modified_gmt":"2020-03-06T13:03:34","slug":"helmimi-ne-gjimnazin-e-fierit-flet-nxenesi-i-akuzuar-ne-rastin-e-para-mbaja-spraj-por-nuk-e-perdora-ne-rastin-e-dyte-shoku-im-i-vuri-flaken-nje-anti-djerse","status":"publish","type":"post","link":"https:\/\/www.hashtag.al\/index.php\/2020\/03\/06\/helmimi-ne-gjimnazin-e-fierit-flet-nxenesi-i-akuzuar-ne-rastin-e-para-mbaja-spraj-por-nuk-e-perdora-ne-rastin-e-dyte-shoku-im-i-vuri-flaken-nje-anti-djerse\/","title":{"rendered":"Helmimi n\u00eb gjimnazin e Fierit, flet nx\u00ebn\u00ebsi i akuzuar: N\u00eb rastin e para mbaja spraj por nuk e p\u00ebrdora, n\u00eb rastin e dyt\u00eb, shoku im i vuri flak\u00ebn nj\u00eb anti-djerse","gt_translate_keys":[{"key":"rendered","format":"text"}]},"content":{"rendered":"<p><img loading=\"lazy\" decoding=\"async\" class=\"aligncenter size-full wp-image-358555\" src=\"https:\/\/hashtag.al\/wp-content\/uploads\/2020\/03\/flet-15-vjecari-ne-fier-770x433.jpg\" alt=\"\" width=\"770\" height=\"433\" srcset=\"https:\/\/www.hashtag.al\/wp-content\/uploads\/2020\/03\/flet-15-vjecari-ne-fier-770x433.jpg 770w, https:\/\/www.hashtag.al\/wp-content\/uploads\/2020\/03\/flet-15-vjecari-ne-fier-770x433-300x169.jpg 300w, https:\/\/www.hashtag.al\/wp-content\/uploads\/2020\/03\/flet-15-vjecari-ne-fier-770x433-768x432.jpg 768w\" sizes=\"auto, (max-width: 770px) 100vw, 770px\" \/><\/p>\n<p><span style=\"color: #000000;\">Nj\u00eb prej adoleshent\u00ebve t\u00eb ndaluar p\u00ebr ngjarjen n\u00eb shkoll\u00ebn e mesme n\u00eb Fier, Janaq Kilicia, ka dh\u00ebn\u00eb nj\u00eb intervist\u00eb p\u00ebr News 24. <\/span><\/p>\n<p><span style=\"color: #000000;\">Dy her\u00eb brenda pak dit\u00ebve dhjet\u00ebra nx\u00ebn\u00ebs dhe staf u d\u00ebrguan me urgjenc\u00eb n\u00eb spital p\u00ebr shkak t\u00eb problemeve n\u00eb frym\u00ebmarrje t\u00eb shkaktuara nga nj\u00eb l\u00ebnd\u00eb e hedhur n\u00eb ambientet e shkoll\u00ebs. <\/span><\/p>\n<p><span style=\"color: #000000;\">15 vje\u00e7ari i intervistuar ka pranuar se n\u00eb rastin e par\u00eb kishte n\u00eb xhep nj\u00eb spraj q\u00eb lexonte \u201cDiva\u201d por q\u00eb nuk e ka p\u00ebrdorur nd\u00ebrsa n\u00eb rastin e dyt\u00eb thot\u00eb se n\u00eb momentin q\u00eb ka ndodhur ngjarja ka qen\u00eb jasht\u00eb ambienteve t\u00eb shkoll\u00ebs.<\/span><\/p>\n<p><span style=\"color: #000000;\">P\u00ebr rastin e dyt\u00eb ku dy shok\u00ebt e klas\u00ebs s\u00eb tij jan\u00eb akuzuar p\u00ebr ngjarjen, 15 vje\u00e7ari thot\u00eb se nj\u00ebri prej tyre ka pasur nj\u00eb anti-djer\u00eb n\u00eb \u00e7ant\u00eb nd\u00ebrsa tjetri e ka marr\u00eb dhe e ka shkrepur me \u00e7akmak \u201cp\u00ebr loj\u00eb\u201d.<\/span><\/p>\n<p><span style=\"color: #000000;\"><strong>Intervista:<\/strong><\/span><\/p>\n<p><span style=\"color: #000000;\"><strong>\u00c7far\u00eb ka ndodhur n\u00eb shkoll\u00ebn \u201cJanaq Kilica\u201d?<\/strong><\/span><br \/>\n<span style=\"color: #000000;\">N\u00eb fillim u tha se ka plasur gazi, por pas disa dit\u00ebsh filloi t\u00eb zbardhjen ngjarja dhe doli se nuk ishte gazi.<\/span><\/p>\n<p><span style=\"color: #000000;\"><strong>A ke pasur gj\u00eb me vete?<\/strong><\/span><br \/>\n<span style=\"color: #000000;\">Kam pasur nj\u00eb sprajt q\u00eb lexonte \u201cDiva\u201d, e gjeta n\u00eb makin\u00ebn time, por nuk e p\u00ebrdora, thjesht e kisha n\u00eb xhep. E kam pas edhe dit\u00eb m\u00eb par\u00eb n\u00eb xhep.<\/span><\/p>\n<p><span style=\"color: #000000;\"><strong>Po ku ndodhi helmimi i dyt\u00eb ishe n\u00eb shkoll\u00eb?<\/strong><\/span><br \/>\n<span style=\"color: #000000;\">Jo, kam qen\u00eb n\u00eb shkoll\u00eb, por n\u00eb at\u00eb moment nuk kam qen\u00eb n\u00eb ambientet e shkoll\u00ebs, kam qen\u00eb jasht\u00eb.<\/span><\/p>\n<p><span style=\"color: #000000;\"><strong>Dy shok\u00ebt e klas\u00ebs t\u00ebnde jan\u00eb akuzuar p\u00ebr k\u00ebt\u00eb ngjarje, \u00e7far\u00eb di?<\/strong><\/span><br \/>\n<span style=\"color: #000000;\">Di q\u00eb shoku ka pas nj\u00eb anti-djers\u00eb n\u00eb \u00e7ant\u00eb, shoku tjet\u00ebr e ka marr\u00eb dhe e ka shkrepur me \u00e7akmak thjesht p\u00ebr loj\u00eb.<\/span><\/p>\n<p><span style=\"color: #000000;\"><strong> Ishit n\u00eb t\u00eb nj\u00ebjt\u00ebn godin\u00eb?<\/strong><\/span><br \/>\n<span style=\"color: #000000;\">Jo, ne ishim n\u00eb godin\u00eb tjet\u00ebr, nd\u00ebrsa era e p\u00ebrhapur ishte n\u00eb godin\u00ebn tjet\u00ebr.<\/span><\/p>\n<p><span style=\"color: #000000;\"><strong>\u00c7far\u00eb ke d\u00ebgjuar p\u00ebr ngjarjen?<\/strong><\/span><br \/>\n<span style=\"color: #000000;\">Kam d\u00ebgjuar q\u00eb \u00ebsht\u00eb kapur ai i fundit q\u00eb e ka b\u00ebr\u00eb at\u00eb.<\/span><\/p>\n<p><span style=\"color: #000000;\"><strong>Mendon se je akuzuar kot?<\/strong><\/span><br \/>\n<span style=\"color: #000000;\">Po, edhe dy shok\u00ebt e tjer\u00eb. Jam i sigurt.<\/span><\/p>\n<p><span style=\"color: #000000;\"><strong>Je nx\u00ebn\u00ebs i mir\u00eb n\u00eb shkoll\u00eb?<\/strong><\/span><br \/>\n<span style=\"color: #000000;\">Po.<\/span><\/p>\n<p><span style=\"color: #000000;\"><span style=\"color: #ff0000;\"><strong>VINI RE<\/strong>:<\/span> Intervista \u00ebsht\u00eb pron\u00ebsi intelektuale e<a href=\"https:\/\/youtu.be\/X0ZWc8wm2FU\"> <span style=\"color: #0000ff;\">News 24<\/span><\/a><\/span><\/p>\n","protected":false,"gt_translate_keys":[{"key":"rendered","format":"html"}]},"excerpt":{"rendered":"<p>Nj\u00eb prej adoleshent\u00ebve t\u00eb ndaluar p\u00ebr ngjarjen n\u00eb shkoll\u00ebn e mesme n\u00eb Fier, Janaq Kilicia, ka dh\u00ebn\u00eb nj\u00eb intervist\u00eb p\u00ebr News 24. Dy her\u00eb brenda pak dit\u00ebve dhjet\u00ebra nx\u00ebn\u00ebs dhe staf u d\u00ebrguan me urgjenc\u00eb n\u00eb spital p\u00ebr shkak t\u00eb problemeve n\u00eb frym\u00ebmarrje t\u00eb shkaktuara nga nj\u00eb l\u00ebnd\u00eb e hedhur n\u00eb ambientet e shkoll\u00ebs. 15 [&hellip;]<\/p>\n","protected":false,"gt_translate_keys":[{"key":"rendered","format":"html"}]},"author":32,"featured_media":0,"comment_status":"open","ping_status":"open","sticky":false,"template":"","format":"standard","meta":{"footnotes":""},"categories":[65,13],"tags":[],"class_list":["post-358554","post","type-post","status-publish","format-standard","hentry","category-lajme","category-te-fundit"],"gt_translate_keys":[{"key":"link","format":"url"}],"_links":{"self":[{"href":"https:\/\/www.hashtag.al\/index.php\/wp-json\/wp\/v2\/posts\/358554","targetHints":{"allow":["GET"]}}],"collection":[{"href":"https:\/\/www.hashtag.al\/index.php\/wp-json\/wp\/v2\/posts"}],"about":[{"href":"https:\/\/www.hashtag.al\/index.php\/wp-json\/wp\/v2\/types\/post"}],"author":[{"embeddable":true,"href":"https:\/\/www.hashtag.al\/index.php\/wp-json\/wp\/v2\/users\/32"}],"replies":[{"embeddable":true,"href":"https:\/\/www.hashtag.al\/index.php\/wp-json\/wp\/v2\/comments?post=358554"}],"version-history":[{"count":0,"href":"https:\/\/www.hashtag.al\/index.php\/wp-json\/wp\/v2\/posts\/358554\/revisions"}],"wp:attachment":[{"href":"https:\/\/www.hashtag.al\/index.php\/wp-json\/wp\/v2\/media?parent=358554"}],"wp:term":[{"taxonomy":"category","embeddable":true,"href":"https:\/\/www.hashtag.al\/index.php\/wp-json\/wp\/v2\/categories?post=358554"},{"taxonomy":"post_tag","embeddable":true,"href":"https:\/\/www.hashtag.al\/index.php\/wp-json\/wp\/v2\/tags?post=358554"}],"curies":[{"name":"wp","href":"https:\/\/api.w.org\/{rel}","templated":true}]}}