{"id":358542,"date":"2020-03-06T13:01:25","date_gmt":"2020-03-06T12:01:25","guid":{"rendered":"https:\/\/hashtag.al\/?p=358542"},"modified":"2020-03-06T13:01:25","modified_gmt":"2020-03-06T12:01:25","slug":"shqiptaret-mund-te-jene-imune-ndaj-koronavirusit-teza-e-cila-po-fiton-popullaritet","status":"publish","type":"post","link":"https:\/\/www.hashtag.al\/index.php\/2020\/03\/06\/shqiptaret-mund-te-jene-imune-ndaj-koronavirusit-teza-e-cila-po-fiton-popullaritet\/","title":{"rendered":"Shqiptar\u00ebt mund t\u00eb jen\u00eb imun\u00eb ndaj koronavirusit, teza e cila po fiton popullaritet","gt_translate_keys":[{"key":"rendered","format":"text"}]},"content":{"rendered":"<p><img loading=\"lazy\" decoding=\"async\" class=\"aligncenter size-full wp-image-358543\" src=\"https:\/\/hashtag.al\/wp-content\/uploads\/2020\/03\/Coronavirus-Rinas1.gif\" alt=\"\" width=\"1059\" height=\"730\" \/><\/p>\n<p><span style=\"color: #000000;\">A kan\u00eb shqiptar\u00ebt imunitet nga koronavirusi? Kjo \u00ebsht\u00eb nj\u00eb pyetje e cila gjithmon\u00eb e m\u00eb shum\u00eb po kthehet n\u00eb debatin kryesor t\u00eb studiuesve ku n\u00eb Itali <a href=\"https:\/\/corrieredellumbria.corr.it\/news\/coronavirus\/1509152\/coronavirus-albania-casi-contagio-studio-esperti-organizzazione-mondiale-sanita.html?fbclid=IwAR1PwGkfa3YZr-KttUNlESINHwkVGik2WY2zaHys2Qzzb5lyJ4Qlq_NgYAc\">media<\/a> t\u00eb ndryshme ngren\u00eb pik\u00ebpyetje.<\/span><\/p>\n<p><span style=\"color: #000000;\">N\u00eb Itali, ku shqiptar\u00ebt p\u00ebrb\u00ebjn\u00eb grupin e dyt\u00eb m\u00eb t\u00eb madh t\u00eb t\u00eb huajve nuk ka asnj\u00eb rast nd\u00ebr shqiptar\u00ebt q\u00eb t\u00eb jet\u00eb prekur me koronavirus.<\/span><\/p>\n<p><span style=\"color: #000000;\">Burime t\u00eb Exit News kan\u00eb folur me Alban Beltoj\u00ebn, mjekun reanimator shqiptar n\u00eb zon\u00ebn e Lodit, epiqendr\u00ebn e koronavirusit n\u00eb Itali, i cili pohon se nuk ka pasur asnj\u00eb rast shqiptar n\u00eb qendr\u00ebn e tij dhe, n\u00eb dijenin\u00eb e tij, n\u00eb asnj\u00eb zon\u00eb tjet\u00ebr t\u00eb Italis\u00eb.<\/span><\/p>\n<p><span style=\"color: #000000;\">E nj\u00ebjta gj\u00eb \u00ebsht\u00eb e v\u00ebrtet\u00eb edhe n\u00eb Shqip\u00ebri: nuk ka\u00a0<a style=\"color: #000000;\" href=\"https:\/\/www.oranews.tv\/article\/koronavirusi-ministria-e-shendetesise-testohen-8-raste-te-reja-rezultuan-negative\">asnj\u00eb rast<\/a>\u00a0t\u00eb prekur nga koronavirusi. Kjo gjendje duket pak e mundshme teorikisht duke patur parasysh lidhjet e forta dhe shk\u00ebmbimet e shumta t\u00eb p\u00ebrditshme mes Italis\u00eb dhe Shqip\u00ebrin\u00eb\u2014\u00e7do dit\u00eb hyjn\u00eb n\u00eb Shqip\u00ebri nga Italia rreth 3-5 mij\u00eb persona.<\/span><\/p>\n<p><span style=\"color: #000000;\">Mosprekja nga virusi \u00ebsht\u00eb dukur aq e pashpjegueshme sa natyrsh\u00ebm n\u00eb publik \u00ebsht\u00eb ngritur dyshimi se n\u00eb Shqip\u00ebri ka t\u00eb prekur nga virusi, por qeveria po fsheh ekzistenc\u00ebn e tyre. K\u00ebto dyshime i kemi argumentur edhe ne n\u00eb\u00a0<a style=\"color: #000000;\" href=\"https:\/\/exit.al\/2020\/02\/a-po-fsheh-qeveria-raste-te-identifikuara-me-koronavirus\/\">nj\u00eb artikull<\/a>\u00a0t\u00eb para disa dit\u00ebve.<\/span><\/p>\n<p><span style=\"color: #000000;\">Por kjo gjendje e pashpjegueshme mund t\u00eb ket\u00eb v\u00ebrtet nj\u00eb shpjegim sh\u00ebndet\u00ebsor, n\u00eb dukje pak t\u00eb besuesh\u00ebm, por q\u00eb po konsiderohet seriozisht: shqiptar\u00ebt, n\u00eb p\u00ebrgjith\u00ebsi, mund t\u00eb ken\u00eb imunitet ndaj koronavirusit ose mbrojtje ndaj pasojave q\u00eb ai shkakton n\u00eb rrug\u00ebt e frym\u00ebmarrjes.<\/span><\/p>\n<p><span style=\"color: #000000;\">Organizata Bot\u00ebrore e Sh\u00ebndet\u00ebsis\u00eb \u00ebsht\u00eb duke e shqyrtuar k\u00ebt\u00eb hipotez\u00eb, sikurse kemi informuar\u00a0<a style=\"color: #000000;\" href=\"https:\/\/exit.al\/2020\/03\/obsh-po-studion-pse-ne-shqiperi-nuk-ka-asnje-rast-me-koronavirus\/\">k\u00ebtu<\/a>.<\/span><\/p>\n<p><span style=\"color: #000000;\">N\u00eb biseda me mjek\u00eb infeksionist\u00eb, Exit News ka m\u00ebsuar se hipoteza q\u00eb po shqyrtohet \u00ebsht\u00eb n\u00ebse imuniteti i fituar nga shqiptar\u00ebt ndaj malarjes ofron mbrojtje edhe ndaj koronavirsuit.<\/span><\/p>\n<p><span style=\"color: #000000;\">Mjek\u00eb t\u00eb huaj q\u00eb kan\u00eb studiuar koronavirusin, kan\u00eb konstatuar se d\u00ebmet q\u00eb ai sjell n\u00eb organiz\u00ebm jan\u00eb t\u00eb ngjashme me ato t\u00eb malarjes, madje nj\u00eb mjek francez ka ngritur pretendimin, q\u00eb po testohet, se edhe koronavirusi mund t\u00eb jet\u00eb i ndjesh\u00ebm ndaj terapis\u00eb q\u00eb p\u00ebrdoret p\u00ebr luftimin e malarjes.<\/span><\/p>\n<p><span style=\"color: #000000;\">\u00cbsht\u00eb fakt se p\u00ebr shkak t\u00eb malarjes shqiptar\u00ebt, n\u00eb p\u00ebrgjith\u00ebsi, kan\u00eb fituar ndryshime t\u00eb qelizave plazmatike, pjes\u00eb e sistemit imunitar, t\u00eb cilat kan\u00eb krijuar mbrojtje ndaj malarjes. K\u00ebto ndryshime jan\u00eb studiuar dhe b\u00ebr\u00eb publike gj\u00ebr\u00ebsisht nga mjeku i shquar shqiptar Prof. Dr. Ines Boletini.<\/span><\/p>\n<p><span style=\"color: #000000;\">A ofrojn\u00eb ndryshimet gjenetike t\u00eb krijuara dhe trash\u00ebguara tek shqiptar\u00ebt si pasoj\u00eb e malarjes nj\u00eb zhvillim me fat p\u00ebr mbrojtjen nga koronavirusi? Kjo hipotez\u00eb, sado e pabesueshme, po hulumtohet dhe s\u00eb shpejti do t\u00eb kemi p\u00ebrgjigjen.<\/span><\/p>\n<p><span style=\"color: #000000;\">Nd\u00ebrkoh\u00eb q\u00eb fakti mbetet se n\u00eb m\u00ebnyr\u00eb t\u00eb pashpjegueshme shqiptar\u00ebt mbeten t\u00eb paprekur krejt\u00ebsisht nga koronavirusi.<\/span><\/p>\n","protected":false,"gt_translate_keys":[{"key":"rendered","format":"html"}]},"excerpt":{"rendered":"<p>A kan\u00eb shqiptar\u00ebt imunitet nga koronavirusi? Kjo \u00ebsht\u00eb nj\u00eb pyetje e cila gjithmon\u00eb e m\u00eb shum\u00eb po kthehet n\u00eb debatin kryesor t\u00eb studiuesve ku n\u00eb Itali media t\u00eb ndryshme ngren\u00eb pik\u00ebpyetje. N\u00eb Itali, ku shqiptar\u00ebt p\u00ebrb\u00ebjn\u00eb grupin e dyt\u00eb m\u00eb t\u00eb madh t\u00eb t\u00eb huajve nuk ka asnj\u00eb rast nd\u00ebr shqiptar\u00ebt q\u00eb t\u00eb jet\u00eb prekur [&hellip;]<\/p>\n","protected":false,"gt_translate_keys":[{"key":"rendered","format":"html"}]},"author":32,"featured_media":358544,"comment_status":"open","ping_status":"open","sticky":false,"template":"","format":"standard","meta":{"footnotes":""},"categories":[65,13],"tags":[],"class_list":["post-358542","post","type-post","status-publish","format-standard","has-post-thumbnail","hentry","category-lajme","category-te-fundit"],"gt_translate_keys":[{"key":"link","format":"url"}],"_links":{"self":[{"href":"https:\/\/www.hashtag.al\/index.php\/wp-json\/wp\/v2\/posts\/358542","targetHints":{"allow":["GET"]}}],"collection":[{"href":"https:\/\/www.hashtag.al\/index.php\/wp-json\/wp\/v2\/posts"}],"about":[{"href":"https:\/\/www.hashtag.al\/index.php\/wp-json\/wp\/v2\/types\/post"}],"author":[{"embeddable":true,"href":"https:\/\/www.hashtag.al\/index.php\/wp-json\/wp\/v2\/users\/32"}],"replies":[{"embeddable":true,"href":"https:\/\/www.hashtag.al\/index.php\/wp-json\/wp\/v2\/comments?post=358542"}],"version-history":[{"count":0,"href":"https:\/\/www.hashtag.al\/index.php\/wp-json\/wp\/v2\/posts\/358542\/revisions"}],"wp:featuredmedia":[{"embeddable":true,"href":"https:\/\/www.hashtag.al\/index.php\/wp-json\/wp\/v2\/media\/358544"}],"wp:attachment":[{"href":"https:\/\/www.hashtag.al\/index.php\/wp-json\/wp\/v2\/media?parent=358542"}],"wp:term":[{"taxonomy":"category","embeddable":true,"href":"https:\/\/www.hashtag.al\/index.php\/wp-json\/wp\/v2\/categories?post=358542"},{"taxonomy":"post_tag","embeddable":true,"href":"https:\/\/www.hashtag.al\/index.php\/wp-json\/wp\/v2\/tags?post=358542"}],"curies":[{"name":"wp","href":"https:\/\/api.w.org\/{rel}","templated":true}]}}